{"id":23225,"date":"2025-02-28T06:06:27","date_gmt":"2025-02-28T09:06:27","guid":{"rendered":"https:\/\/www.ifbaiano.edu.br\/unidades\/santaines\/?p=23225"},"modified":"2025-03-06T10:11:37","modified_gmt":"2025-03-06T13:11:37","slug":"if-baiano-campus-santa-ines-divulga-resultado-da-interposicao-de-recursos-para-a-residencia-estudantil-2025","status":"publish","type":"post","link":"https:\/\/www.ifbaiano.edu.br\/unidades\/santaines\/if-baiano-campus-santa-ines-divulga-resultado-da-interposicao-de-recursos-para-a-residencia-estudantil-2025\/","title":{"rendered":"IF Baiano &#8211; Campus Santa In\u00eas Divulga Resultado da Interposi\u00e7\u00e3o de Recursos para a Resid\u00eancia Estudantil 2025"},"content":{"rendered":"\n<p>O Instituto Federal de Educa\u00e7\u00e3o, Ci\u00eancia e Tecnologia Baiano (IF Baiano), Campus Santa In\u00eas, divulgou o <a href=\"https:\/\/www.ifbaiano.edu.br\/unidades\/santaines\/files\/2025\/02\/RECURSO-A-LISTA-PRELIMINAR.pdf\">resultado da interposi\u00e7\u00e3o de recursos<\/a> referente \u00e0 sele\u00e7\u00e3o preliminar para a Resid\u00eancia Estudantil 2025. A publica\u00e7\u00e3o est\u00e1 em conformidade com o <a href=\"https:\/\/www.ifbaiano.edu.br\/unidades\/santaines\/files\/2025\/01\/Edital-Residencia-Estudantil.pdf\">Edital de n\u00ba 01\/2025<\/a>, de 16 de janeiro de 2025.<\/p>\n\n\n\n<p>O documento apresenta o parecer sobre os recursos apresentados pelos estudantes listados na sele\u00e7\u00e3o preliminar. Os recursos foram referentes a quest\u00f5es como corre\u00e7\u00e3o no nome do munic\u00edpio e sobre a aus\u00eancia da inscri\u00e7\u00e3o.<\/p>\n\n\n\n<p><strong>Observa\u00e7\u00f5es Importantes:<\/strong><\/p>\n\n\n\n<ul>\n<li>A lista final com todos os(as) selecionados(as) para a Resid\u00eancia Estudantil ser\u00e1 publicada no dia 05 de mar\u00e7o de 2025.<\/li>\n\n\n\n<li>Nesta data (05 de mar\u00e7o), o IF Baiano tamb\u00e9m informar\u00e1 sobre a necessidade de cama e colch\u00e3o e quem dever\u00e1 trazer estes itens para a resid\u00eancia.<\/li>\n<\/ul>\n\n\n\n<p><strong>Recomenda\u00e7\u00e3o:<\/strong><\/p>\n\n\n\n<p>Recomenda-se que todos os estudantes consultem o edital completo e acompanhem as publica\u00e7\u00f5es no <a href=\"https:\/\/www.ifbaiano.edu.br\/unidades\/santaines\/if-baiano-campus-santa-ines-abre-inscricoes-para-residencia-estudantil-2025\/\">site oficial do IF Baiano &#8211; Campus Santa In\u00eas<\/a> para obter informa\u00e7\u00f5es detalhadas e atualizadas sobre o processo.<\/p>\n\n\n\n<p><strong>Outras Publica\u00e7\u00f5es importantes sobre este Processo Seletivo para Resid\u00eancia Estudantil:<\/strong><\/p>\n\n\n\n<ul>\n<li><a href=\"https:\/\/www.ifbaiano.edu.br\/unidades\/santaines\/if-baiano-campus-santa-ines-abre-inscricoes-para-residencia-estudantil-2025\/\"><strong>IF Baiano \u2013 Campus Santa In\u00eas abre inscri\u00e7\u00f5es para Resid\u00eancia Estudantil 2025<\/strong><\/a><\/li>\n\n\n\n<li><a href=\"https:\/\/www.ifbaiano.edu.br\/unidades\/santaines\/wp-admin\/post.php?post=23200&amp;action=edit\">IF Baiano \u2013 Campus Santa In\u00eas divulga resultado preliminar da sele\u00e7\u00e3o para Resid\u00eancia Estudantil 2025<\/a><\/li>\n<\/ul>\n\n\n\n<hr class=\"wp-block-separator has-alpha-channel-opacity\" \/>\n\n\n\n<p><\/p>\n","protected":false},"excerpt":{"rendered":"<p>O Instituto Federal de Educa\u00e7\u00e3o, Ci\u00eancia e Tecnologia Baiano (IF Baiano), Campus Santa In\u00eas, divulgou o resultado da interposi\u00e7\u00e3o de recursos referente \u00e0 sele\u00e7\u00e3o preliminar para a Resid\u00eancia Estudantil 2025. A publica\u00e7\u00e3o est\u00e1 em conformidade com o Edital de n\u00ba 01\/2025, de 16 de janeiro de 2025. O documento apresenta o parecer sobre os recursos [&hellip;]<\/p>\n","protected":false},"author":86,"featured_media":18134,"comment_status":"closed","ping_status":"closed","sticky":false,"template":"","format":"standard","meta":[],"categories":[4,5,8,57],"tags":[],"_links":{"self":[{"href":"https:\/\/www.ifbaiano.edu.br\/unidades\/santaines\/wp-json\/wp\/v2\/posts\/23225"}],"collection":[{"href":"https:\/\/www.ifbaiano.edu.br\/unidades\/santaines\/wp-json\/wp\/v2\/posts"}],"about":[{"href":"https:\/\/www.ifbaiano.edu.br\/unidades\/santaines\/wp-json\/wp\/v2\/types\/post"}],"author":[{"embeddable":true,"href":"https:\/\/www.ifbaiano.edu.br\/unidades\/santaines\/wp-json\/wp\/v2\/users\/86"}],"replies":[{"embeddable":true,"href":"https:\/\/www.ifbaiano.edu.br\/unidades\/santaines\/wp-json\/wp\/v2\/comments?post=23225"}],"version-history":[{"count":3,"href":"https:\/\/www.ifbaiano.edu.br\/unidades\/santaines\/wp-json\/wp\/v2\/posts\/23225\/revisions"}],"predecessor-version":[{"id":23238,"href":"https:\/\/www.ifbaiano.edu.br\/unidades\/santaines\/wp-json\/wp\/v2\/posts\/23225\/revisions\/23238"}],"wp:featuredmedia":[{"embeddable":true,"href":"https:\/\/www.ifbaiano.edu.br\/unidades\/santaines\/wp-json\/wp\/v2\/media\/18134"}],"wp:attachment":[{"href":"https:\/\/www.ifbaiano.edu.br\/unidades\/santaines\/wp-json\/wp\/v2\/media?parent=23225"}],"wp:term":[{"taxonomy":"category","embeddable":true,"href":"https:\/\/www.ifbaiano.edu.br\/unidades\/santaines\/wp-json\/wp\/v2\/categories?post=23225"},{"taxonomy":"post_tag","embeddable":true,"href":"https:\/\/www.ifbaiano.edu.br\/unidades\/santaines\/wp-json\/wp\/v2\/tags?post=23225"}],"curies":[{"name":"wp","href":"https:\/\/api.w.org\/{rel}","templated":true}]}}