{"id":23228,"date":"2025-03-01T14:28:25","date_gmt":"2025-03-01T17:28:25","guid":{"rendered":"https:\/\/www.ifbaiano.edu.br\/unidades\/santaines\/?p=23228"},"modified":"2025-03-01T14:28:26","modified_gmt":"2025-03-01T17:28:26","slug":"data-de-inicio-das-atividades-academicas-cursos-tecnicos-integrados","status":"publish","type":"post","link":"https:\/\/www.ifbaiano.edu.br\/unidades\/santaines\/data-de-inicio-das-atividades-academicas-cursos-tecnicos-integrados\/","title":{"rendered":"Data de In\u00edcio das Atividades Acad\u00eamicas &#8211; Cursos T\u00e9cnicos Integrados"},"content":{"rendered":"\n<p>Nota Informativa aos Estudantes Ingressantes e seus Respons\u00e1veis<br>Assunto: Altera\u00e7\u00e3o na Data de In\u00edcio das Atividades Acad\u00eamicas &#8211; Cursos T\u00e9cnicos Integrados<\/p>\n\n\n\n<p>Prezados(as) estudantes ingressantes, pais, m\u00e3es e respons\u00e1veis,<\/p>\n\n\n\n<p>A Dire\u00e7\u00e3o do Campus Santa In\u00eas do Instituto Federal, em conjunto com a Coordena\u00e7\u00e3o de Assuntos Estudantis (CAE), vem por meio desta comunicar uma importante altera\u00e7\u00e3o na data de in\u00edcio das atividades acad\u00eamicas para os cursos t\u00e9cnicos integrados.<\/p>\n\n\n\n<p>Inicialmente previsto para o dia 10 de mar\u00e7o de 2025, o in\u00edcio das aulas foi reagendado para o dia 17 de mar\u00e7o de 2025.<\/p>\n\n\n\n<p>Essa decis\u00e3o foi tomada ap\u00f3s reuni\u00e3o com a CAE, considerando que o n\u00famero de estudantes inscritos para a Resid\u00eancia Estudantil superou o n\u00famero de vagas dispon\u00edveis.<\/p>\n\n\n\n<p>Visando garantir o acesso \u00e0 moradia estudantil a todos os inscritos, a Dire\u00e7\u00e3o e a CAE, em um esfor\u00e7o conjunto, decidiram realizar reformas emergenciais nas resid\u00eancias estudantis, a fim de ampliar o n\u00famero de vagas.<\/p>\n\n\n\n<p>Entendemos que essa mudan\u00e7a pode gerar d\u00favidas e pedimos a compreens\u00e3o de todos. Acreditamos que o adiamento de uma semana permitir\u00e1 a conclus\u00e3o das reformas e proporcionar\u00e1 um ambiente mais adequado e acolhedor para os nossos novos estudantes residentes.<\/p>\n\n\n\n<hr class=\"wp-block-separator has-alpha-channel-opacity\" \/>\n","protected":false},"excerpt":{"rendered":"<p>Nota Informativa aos Estudantes Ingressantes e seus Respons\u00e1veisAssunto: Altera\u00e7\u00e3o na Data de In\u00edcio das Atividades Acad\u00eamicas &#8211; Cursos T\u00e9cnicos Integrados Prezados(as) estudantes ingressantes, pais, m\u00e3es e respons\u00e1veis, A Dire\u00e7\u00e3o do Campus Santa In\u00eas do Instituto Federal, em conjunto com a Coordena\u00e7\u00e3o de Assuntos Estudantis (CAE), vem por meio desta comunicar uma importante altera\u00e7\u00e3o na data [&hellip;]<\/p>\n","protected":false},"author":86,"featured_media":16864,"comment_status":"closed","ping_status":"closed","sticky":false,"template":"","format":"standard","meta":[],"categories":[4,13,5,57],"tags":[],"_links":{"self":[{"href":"https:\/\/www.ifbaiano.edu.br\/unidades\/santaines\/wp-json\/wp\/v2\/posts\/23228"}],"collection":[{"href":"https:\/\/www.ifbaiano.edu.br\/unidades\/santaines\/wp-json\/wp\/v2\/posts"}],"about":[{"href":"https:\/\/www.ifbaiano.edu.br\/unidades\/santaines\/wp-json\/wp\/v2\/types\/post"}],"author":[{"embeddable":true,"href":"https:\/\/www.ifbaiano.edu.br\/unidades\/santaines\/wp-json\/wp\/v2\/users\/86"}],"replies":[{"embeddable":true,"href":"https:\/\/www.ifbaiano.edu.br\/unidades\/santaines\/wp-json\/wp\/v2\/comments?post=23228"}],"version-history":[{"count":1,"href":"https:\/\/www.ifbaiano.edu.br\/unidades\/santaines\/wp-json\/wp\/v2\/posts\/23228\/revisions"}],"predecessor-version":[{"id":23229,"href":"https:\/\/www.ifbaiano.edu.br\/unidades\/santaines\/wp-json\/wp\/v2\/posts\/23228\/revisions\/23229"}],"wp:featuredmedia":[{"embeddable":true,"href":"https:\/\/www.ifbaiano.edu.br\/unidades\/santaines\/wp-json\/wp\/v2\/media\/16864"}],"wp:attachment":[{"href":"https:\/\/www.ifbaiano.edu.br\/unidades\/santaines\/wp-json\/wp\/v2\/media?parent=23228"}],"wp:term":[{"taxonomy":"category","embeddable":true,"href":"https:\/\/www.ifbaiano.edu.br\/unidades\/santaines\/wp-json\/wp\/v2\/categories?post=23228"},{"taxonomy":"post_tag","embeddable":true,"href":"https:\/\/www.ifbaiano.edu.br\/unidades\/santaines\/wp-json\/wp\/v2\/tags?post=23228"}],"curies":[{"name":"wp","href":"https:\/\/api.w.org\/{rel}","templated":true}]}}