{"id":23232,"date":"2025-03-06T10:06:31","date_gmt":"2025-03-06T13:06:31","guid":{"rendered":"https:\/\/www.ifbaiano.edu.br\/unidades\/santaines\/?p=23232"},"modified":"2025-03-06T10:12:53","modified_gmt":"2025-03-06T13:12:53","slug":"if-baiano-campus-santa-ines-divulga-resultado-final-da-selecao-para-residencia-estudantil-2025","status":"publish","type":"post","link":"https:\/\/www.ifbaiano.edu.br\/unidades\/santaines\/if-baiano-campus-santa-ines-divulga-resultado-final-da-selecao-para-residencia-estudantil-2025\/","title":{"rendered":"IF Baiano Campus Santa In\u00eas divulga resultado final da sele\u00e7\u00e3o para Resid\u00eancia Estudantil 2025"},"content":{"rendered":"\n<p>&nbsp;O Instituto Federal Baiano (IF Baiano), Campus Santa In\u00eas, publicou o resultado final do processo seletivo para a Resid\u00eancia Estudantil referente ao ano de 2025. A sele\u00e7\u00e3o, regida pelo&nbsp;<a href=\"https:\/\/www.ifbaiano.edu.br\/unidades\/santaines\/files\/2025\/01\/Edital-Residencia-Estudantil.pdf\">Edital n\u00ba 1\/2025<\/a>, de 16 de janeiro de 2025, visa atender estudantes em situa\u00e7\u00e3o de vulnerabilidade socioecon\u00f4mica, proporcionando moradia e apoio para a perman\u00eancia e \u00eaxito nos cursos oferecidos pela institui\u00e7\u00e3o.<\/p>\n\n\n\n<p>A lista dos selecionados, dividida entre os candidatos masculinos e femininos, est\u00e1 dispon\u00edvel para consulta nos arquivos anexados abaixo. Para acessar, basta clicar na categoria correspondente. O processo seletivo levou em considera\u00e7\u00e3o diversos crit\u00e9rios, como renda familiar, desempenho acad\u00eamico e participa\u00e7\u00e3o em programas sociais.<\/p>\n\n\n\n<p>O resultado final representa um importante passo para os estudantes que buscam a oportunidade de residir no campus e dedicar-se integralmente aos estudos. A Resid\u00eancia Estudantil oferece um ambiente prop\u00edcio para o desenvolvimento acad\u00eamico e pessoal, al\u00e9m de promover a integra\u00e7\u00e3o entre os estudantes de diferentes localidades.<\/p>\n\n\n\n<p><strong>Acesse os resultados:<\/strong><\/p>\n\n\n\n<ul>\n<li><strong><a href=\"https:\/\/www.ifbaiano.edu.br\/unidades\/santaines\/files\/2025\/03\/LISTA-FINAL-RESID.-MASCULINA-2025.pdf\">Lista Final dos Selecionados para a Resid\u00eancia Masculina<\/a><\/strong><\/li>\n\n\n\n<li><strong><a href=\"https:\/\/www.ifbaiano.edu.br\/unidades\/santaines\/files\/2025\/03\/LISTA-FINAL-RESID.-FEMININA-2025.pdf\">Lista Final dos Selecionados para a Resid\u00eancia Feminina<\/a><\/strong><\/li>\n<\/ul>\n\n\n\n<p>Para mais informa\u00e7\u00f5es sobre o Edital n\u00ba 01\/2025 e o processo seletivo, acesse o <a href=\"https:\/\/www.ifbaiano.edu.br\/unidades\/santaines\/files\/2025\/01\/Edital-Residencia-Estudantil.pdf\">site oficial do IF Baiano Campus Santa In\u00eas<\/a>.&nbsp;<\/p>\n\n\n\n<p><strong>Pr\u00f3ximos Passos:<\/strong><\/p>\n\n\n\n<p>Os candidatos selecionados devem estar atentos aos pr\u00f3ximos comunicados da institui\u00e7\u00e3o, que informar\u00e3o sobre os procedimentos para a efetiva\u00e7\u00e3o da matr\u00edcula na Resid\u00eancia Estudantil.<\/p>\n\n\n\n<p><strong>Outras Publica\u00e7\u00f5es importantes sobre este Processo Seletivo para Resid\u00eancia Estudantil:<\/strong><\/p>\n\n\n\n<ul>\n<li><a href=\"https:\/\/www.ifbaiano.edu.br\/unidades\/santaines\/if-baiano-campus-santa-ines-abre-inscricoes-para-residencia-estudantil-2025\/\"><strong>IF Baiano \u2013 Campus Santa In\u00eas abre inscri\u00e7\u00f5es para Resid\u00eancia Estudantil 2025<\/strong><\/a><\/li>\n\n\n\n<li><a href=\"https:\/\/www.ifbaiano.edu.br\/unidades\/santaines\/wp-admin\/post.php?post=23200&amp;action=edit\">IF Baiano \u2013 Campus Santa In\u00eas divulga resultado preliminar da sele\u00e7\u00e3o para Resid\u00eancia Estudantil 2025<\/a><\/li>\n\n\n\n<li><a href=\"https:\/\/www.ifbaiano.edu.br\/unidades\/santaines\/wp-admin\/post.php?post=23225&amp;action=edit\">IF Baiano \u2013 Campus Santa In\u00eas Divulga Resultado da Interposi\u00e7\u00e3o de Recursos para a Resid\u00eancia Estudantil 2025<\/a><\/li>\n<\/ul>\n\n\n\n<hr class=\"wp-block-separator has-alpha-channel-opacity\" \/>\n","protected":false},"excerpt":{"rendered":"<p>&nbsp;O Instituto Federal Baiano (IF Baiano), Campus Santa In\u00eas, publicou o resultado final do processo seletivo para a Resid\u00eancia Estudantil referente ao ano de 2025. A sele\u00e7\u00e3o, regida pelo&nbsp;Edital n\u00ba 1\/2025, de 16 de janeiro de 2025, visa atender estudantes em situa\u00e7\u00e3o de vulnerabilidade socioecon\u00f4mica, proporcionando moradia e apoio para a perman\u00eancia e \u00eaxito nos [&hellip;]<\/p>\n","protected":false},"author":86,"featured_media":18134,"comment_status":"closed","ping_status":"closed","sticky":false,"template":"","format":"standard","meta":[],"categories":[4,5,8],"tags":[],"_links":{"self":[{"href":"https:\/\/www.ifbaiano.edu.br\/unidades\/santaines\/wp-json\/wp\/v2\/posts\/23232"}],"collection":[{"href":"https:\/\/www.ifbaiano.edu.br\/unidades\/santaines\/wp-json\/wp\/v2\/posts"}],"about":[{"href":"https:\/\/www.ifbaiano.edu.br\/unidades\/santaines\/wp-json\/wp\/v2\/types\/post"}],"author":[{"embeddable":true,"href":"https:\/\/www.ifbaiano.edu.br\/unidades\/santaines\/wp-json\/wp\/v2\/users\/86"}],"replies":[{"embeddable":true,"href":"https:\/\/www.ifbaiano.edu.br\/unidades\/santaines\/wp-json\/wp\/v2\/comments?post=23232"}],"version-history":[{"count":2,"href":"https:\/\/www.ifbaiano.edu.br\/unidades\/santaines\/wp-json\/wp\/v2\/posts\/23232\/revisions"}],"predecessor-version":[{"id":23239,"href":"https:\/\/www.ifbaiano.edu.br\/unidades\/santaines\/wp-json\/wp\/v2\/posts\/23232\/revisions\/23239"}],"wp:featuredmedia":[{"embeddable":true,"href":"https:\/\/www.ifbaiano.edu.br\/unidades\/santaines\/wp-json\/wp\/v2\/media\/18134"}],"wp:attachment":[{"href":"https:\/\/www.ifbaiano.edu.br\/unidades\/santaines\/wp-json\/wp\/v2\/media?parent=23232"}],"wp:term":[{"taxonomy":"category","embeddable":true,"href":"https:\/\/www.ifbaiano.edu.br\/unidades\/santaines\/wp-json\/wp\/v2\/categories?post=23232"},{"taxonomy":"post_tag","embeddable":true,"href":"https:\/\/www.ifbaiano.edu.br\/unidades\/santaines\/wp-json\/wp\/v2\/tags?post=23232"}],"curies":[{"name":"wp","href":"https:\/\/api.w.org\/{rel}","templated":true}]}}