{"id":23240,"date":"2025-03-06T10:21:56","date_gmt":"2025-03-06T13:21:56","guid":{"rendered":"https:\/\/www.ifbaiano.edu.br\/unidades\/santaines\/?p=23240"},"modified":"2025-03-06T10:21:56","modified_gmt":"2025-03-06T13:21:56","slug":"nota-informativa-cronograma-de-pagamento-programa-pe-de-meia","status":"publish","type":"post","link":"https:\/\/www.ifbaiano.edu.br\/unidades\/santaines\/nota-informativa-cronograma-de-pagamento-programa-pe-de-meia\/","title":{"rendered":"Nota Informativa: Cronograma de Pagamento \u2013 Programa P\u00e9-de-Meia"},"content":{"rendered":"\n<p>O IF Baiano informa que o Minist\u00e9rio da Educa\u00e7\u00e3o (MEC) iniciou o pagamento dos incentivos previstos no Programa P\u00e9-de-Meia, sendo:<\/p>\n\n\n\n<ul>\n<li>Incentivo Conclus\u00e3o, no valor de R$ 1.000,00, para os estudantes eleg\u00edveis que conclu\u00edram o Ensino M\u00e9dio;<\/li>\n\n\n\n<li>Incentivo ENEM, no valor de R$ 200,00, para os estudantes eleg\u00edveis que realizaram as duas etapas do Exame Nacional do Ensino M\u00e9dio (ENEM).<\/li>\n<\/ul>\n\n\n\n<p>Os pagamentos seguir\u00e3o o seguinte cronograma:<\/p>\n\n\n\n<ul>\n<li>Nascidos em Jan\/Fev\/Mar\/Abr\/Mai\/Jun: Recebem em 25\/02<\/li>\n\n\n\n<li>Nascidos em Jul\/Ago\/Set\/Out\/Nov\/Dez: Recebem em 26\/02<\/li>\n<\/ul>\n\n\n\n<p>Esta primeira remessa de pagamentos \u00e9 destinada aos estudantes eleg\u00edveis com status \u201cFormado\u201d no SUAP e diploma emitido at\u00e9 o dia 31\/01\/2025.<\/p>\n\n\n\n<p>Os demais estudantes eleg\u00edveis com status \u201cFormado\u201d, independentemente da emiss\u00e3o do diploma, receber\u00e3o o Incentivo Conclus\u00e3o em uma remessa posterior, cujo pagamento ser\u00e1 realizado pelo MEC&nbsp;<strong>at\u00e9 maio de 2025<\/strong>.<\/p>\n\n\n\n<h2 class=\"wp-block-heading\">Estudantes Ingressantes<\/h2>\n\n\n\n<p>O processo de cadastro dos novos estudantes do IF Baiano est\u00e1 em andamento no Sistema Gest\u00e3o Presente. As datas de pagamento ser\u00e3o informadas posteriormente, assim que o calend\u00e1rio de execu\u00e7\u00e3o do Programa P\u00e9-de-meia para 2025 for divulgado pelo Minist\u00e9rio da Educa\u00e7\u00e3o.<\/p>\n\n\n\n<hr class=\"wp-block-separator has-alpha-channel-opacity\" \/>\n\n\n\n<p><\/p>\n","protected":false},"excerpt":{"rendered":"<p>O IF Baiano informa que o Minist\u00e9rio da Educa\u00e7\u00e3o (MEC) iniciou o pagamento dos incentivos previstos no Programa P\u00e9-de-Meia, sendo: Os pagamentos seguir\u00e3o o seguinte cronograma: Esta primeira remessa de pagamentos \u00e9 destinada aos estudantes eleg\u00edveis com status \u201cFormado\u201d no SUAP e diploma emitido at\u00e9 o dia 31\/01\/2025. Os demais estudantes eleg\u00edveis com status \u201cFormado\u201d, [&hellip;]<\/p>\n","protected":false},"author":86,"featured_media":23241,"comment_status":"closed","ping_status":"closed","sticky":false,"template":"","format":"standard","meta":[],"categories":[4,38,10,57],"tags":[],"_links":{"self":[{"href":"https:\/\/www.ifbaiano.edu.br\/unidades\/santaines\/wp-json\/wp\/v2\/posts\/23240"}],"collection":[{"href":"https:\/\/www.ifbaiano.edu.br\/unidades\/santaines\/wp-json\/wp\/v2\/posts"}],"about":[{"href":"https:\/\/www.ifbaiano.edu.br\/unidades\/santaines\/wp-json\/wp\/v2\/types\/post"}],"author":[{"embeddable":true,"href":"https:\/\/www.ifbaiano.edu.br\/unidades\/santaines\/wp-json\/wp\/v2\/users\/86"}],"replies":[{"embeddable":true,"href":"https:\/\/www.ifbaiano.edu.br\/unidades\/santaines\/wp-json\/wp\/v2\/comments?post=23240"}],"version-history":[{"count":1,"href":"https:\/\/www.ifbaiano.edu.br\/unidades\/santaines\/wp-json\/wp\/v2\/posts\/23240\/revisions"}],"predecessor-version":[{"id":23242,"href":"https:\/\/www.ifbaiano.edu.br\/unidades\/santaines\/wp-json\/wp\/v2\/posts\/23240\/revisions\/23242"}],"wp:featuredmedia":[{"embeddable":true,"href":"https:\/\/www.ifbaiano.edu.br\/unidades\/santaines\/wp-json\/wp\/v2\/media\/23241"}],"wp:attachment":[{"href":"https:\/\/www.ifbaiano.edu.br\/unidades\/santaines\/wp-json\/wp\/v2\/media?parent=23240"}],"wp:term":[{"taxonomy":"category","embeddable":true,"href":"https:\/\/www.ifbaiano.edu.br\/unidades\/santaines\/wp-json\/wp\/v2\/categories?post=23240"},{"taxonomy":"post_tag","embeddable":true,"href":"https:\/\/www.ifbaiano.edu.br\/unidades\/santaines\/wp-json\/wp\/v2\/tags?post=23240"}],"curies":[{"name":"wp","href":"https:\/\/api.w.org\/{rel}","templated":true}]}}