{"id":23243,"date":"2025-03-06T10:50:37","date_gmt":"2025-03-06T13:50:37","guid":{"rendered":"https:\/\/www.ifbaiano.edu.br\/unidades\/santaines\/?p=23243"},"modified":"2025-03-06T10:50:38","modified_gmt":"2025-03-06T13:50:38","slug":"campus-santa-ines-divulga-resultado-final-da-banca-de-heteroidentificacao-para-chamada-regular-sisu-2025","status":"publish","type":"post","link":"https:\/\/www.ifbaiano.edu.br\/unidades\/santaines\/campus-santa-ines-divulga-resultado-final-da-banca-de-heteroidentificacao-para-chamada-regular-sisu-2025\/","title":{"rendered":"Campus Santa In\u00eas divulga Resultado Final da Banca de Heteroidentifica\u00e7\u00e3o para Chamada Regular SISU 2025"},"content":{"rendered":"\n<p>O Instituto Federal Baiano (IF Baiano), Campus Santa In\u00eas, torna p\u00fablico o Resultado Final P\u00f3s-Recursos da Banca de Heteroidentifica\u00e7\u00e3o para a Chamada Regular do Sistema de Sele\u00e7\u00e3o Unificada (SISU) 2025. Este resultado se refere ao processo seletivo para ingresso nos cursos de gradua\u00e7\u00e3o da institui\u00e7\u00e3o.<\/p>\n\n\n\n<p>A Banca de Heteroidentifica\u00e7\u00e3o \u00e9 um procedimento complementar \u00e0 autodeclara\u00e7\u00e3o racial, utilizado para confirmar a condi\u00e7\u00e3o declarada por candidatos que concorrem \u00e0s vagas reservadas para pessoas negras (pretas e pardas). O objetivo \u00e9 garantir a correta aplica\u00e7\u00e3o das pol\u00edticas de a\u00e7\u00f5es afirmativas e combater fraudes.<\/p>\n\n\n\n<p>O resultado final, divulgado ap\u00f3s a an\u00e1lise dos recursos interpostos pelos candidatos, est\u00e1 dispon\u00edvel no arquivo anexo. Os candidatos podem verificar sua situa\u00e7\u00e3o individual (deferido, indeferido ou ausente) consultando o documento.<\/p>\n\n\n\n<p><strong>Acesso ao Resultado:<\/strong><\/p>\n\n\n\n<ul>\n<li><strong><a rel=\"noreferrer noopener\" href=\"https:\/\/concurso.ifbaiano.edu.br\/portal\/ingresso-2025-cursos-superiores-sisu-santa-ines-janeiro-2025\/wp-content\/uploads\/sites\/1138\/2025\/03\/Resultado-Pos-Recurso-Banca-de-Heteroidentificacao-SISU-2025.pdf\" target=\"_blank\">Resultado Final P\u00f3s-Recurso da Banca de Heteroidentifica\u00e7\u00e3o<\/a> &#8211; Chamada Regular SISU 2025<\/strong><\/li>\n<\/ul>\n\n\n\n<p>Em caso de d\u00favidas sobre o SISU 2025, os candidatos podem entrar em contato com a Comiss\u00e3o do PROSEL atrav\u00e9s do e-mail:&nbsp;<a target=\"_blank\" href=\"https:\/\/www.google.com\/url?sa=E&amp;q=mailto%3Aprosel%40si.ifbaiano.edu.br\" rel=\"noreferrer noopener\">prosel@si.ifbaiano.edu.br<\/a>.<\/p>\n\n\n\n<p><strong>Pr\u00f3ximos Passos:<\/strong><\/p>\n\n\n\n<p>Os candidatos com parecer favor\u00e1vel da Banca de Heteroidentifica\u00e7\u00e3o devem seguir as orienta\u00e7\u00f5es do edital de matr\u00edcula, que estar\u00e1 dispon\u00edvel no <a href=\"https:\/\/www.ifbaiano.edu.br\/unidades\/santaines\/if-baiano-campus-santa-ines-divulga-edital-para-matricula-e-lista-de-espera-do-sisu-2025-1\/\">site do IF Baiano Campus Santa In\u00eas<\/a>. \u00c9 fundamental estar atento aos prazos e documentos necess\u00e1rios para garantir a vaga na institui\u00e7\u00e3o.<\/p>\n\n\n\n<hr class=\"wp-block-separator has-alpha-channel-opacity\" \/>\n\n\n\n<p><\/p>\n","protected":false},"excerpt":{"rendered":"<p>O Instituto Federal Baiano (IF Baiano), Campus Santa In\u00eas, torna p\u00fablico o Resultado Final P\u00f3s-Recursos da Banca de Heteroidentifica\u00e7\u00e3o para a Chamada Regular do Sistema de Sele\u00e7\u00e3o Unificada (SISU) 2025. Este resultado se refere ao processo seletivo para ingresso nos cursos de gradua\u00e7\u00e3o da institui\u00e7\u00e3o. A Banca de Heteroidentifica\u00e7\u00e3o \u00e9 um procedimento complementar \u00e0 autodeclara\u00e7\u00e3o [&hellip;]<\/p>\n","protected":false},"author":86,"featured_media":23055,"comment_status":"closed","ping_status":"closed","sticky":false,"template":"","format":"standard","meta":[],"categories":[4,5,8],"tags":[],"_links":{"self":[{"href":"https:\/\/www.ifbaiano.edu.br\/unidades\/santaines\/wp-json\/wp\/v2\/posts\/23243"}],"collection":[{"href":"https:\/\/www.ifbaiano.edu.br\/unidades\/santaines\/wp-json\/wp\/v2\/posts"}],"about":[{"href":"https:\/\/www.ifbaiano.edu.br\/unidades\/santaines\/wp-json\/wp\/v2\/types\/post"}],"author":[{"embeddable":true,"href":"https:\/\/www.ifbaiano.edu.br\/unidades\/santaines\/wp-json\/wp\/v2\/users\/86"}],"replies":[{"embeddable":true,"href":"https:\/\/www.ifbaiano.edu.br\/unidades\/santaines\/wp-json\/wp\/v2\/comments?post=23243"}],"version-history":[{"count":1,"href":"https:\/\/www.ifbaiano.edu.br\/unidades\/santaines\/wp-json\/wp\/v2\/posts\/23243\/revisions"}],"predecessor-version":[{"id":23244,"href":"https:\/\/www.ifbaiano.edu.br\/unidades\/santaines\/wp-json\/wp\/v2\/posts\/23243\/revisions\/23244"}],"wp:featuredmedia":[{"embeddable":true,"href":"https:\/\/www.ifbaiano.edu.br\/unidades\/santaines\/wp-json\/wp\/v2\/media\/23055"}],"wp:attachment":[{"href":"https:\/\/www.ifbaiano.edu.br\/unidades\/santaines\/wp-json\/wp\/v2\/media?parent=23243"}],"wp:term":[{"taxonomy":"category","embeddable":true,"href":"https:\/\/www.ifbaiano.edu.br\/unidades\/santaines\/wp-json\/wp\/v2\/categories?post=23243"},{"taxonomy":"post_tag","embeddable":true,"href":"https:\/\/www.ifbaiano.edu.br\/unidades\/santaines\/wp-json\/wp\/v2\/tags?post=23243"}],"curies":[{"name":"wp","href":"https:\/\/api.w.org\/{rel}","templated":true}]}}