{"id":23262,"date":"2025-03-11T12:34:52","date_gmt":"2025-03-11T15:34:52","guid":{"rendered":"https:\/\/www.ifbaiano.edu.br\/unidades\/santaines\/?p=23262"},"modified":"2025-03-11T12:34:52","modified_gmt":"2025-03-11T15:34:52","slug":"neabi-do-campus-santa-ines-tem-novo-nucleo-gestor-e-abre-portas-para-novos-membros","status":"publish","type":"post","link":"https:\/\/www.ifbaiano.edu.br\/unidades\/santaines\/neabi-do-campus-santa-ines-tem-novo-nucleo-gestor-e-abre-portas-para-novos-membros\/","title":{"rendered":"NEABI do Campus Santa In\u00eas tem novo N\u00facleo Gestor e abre portas para novos membros"},"content":{"rendered":"\n<p>A comunidade acad\u00eamica do Instituto Federal Baiano \u2013 Campus Santa In\u00eas elegeu, no dia 26 de fevereiro de 2025, o novo N\u00facleo Gestor do N\u00facleo de Estudos Afro-Brasileiros e Ind\u00edgenas (NEABI). A elei\u00e7\u00e3o, realizada por aclama\u00e7\u00e3o em reuni\u00e3o no audit\u00f3rio, consagrou a \u00fanica chapa inscrita para o pleito.<\/p>\n\n\n\n<p>O novo N\u00facleo Gestor \u00e9 composto pelos servidores Patr\u00edcia Carla Pena, Ros\u00e2ngela Rodrigues e Dimas Catai, pelos estudantes Anderson Souza e Marcos Oliveira, e por Tiago Costa, membro da comunidade externa.<\/p>\n\n\n\n<p>O NEABI \u00e9 um espa\u00e7o aberto a estudantes e servidores interessados em discutir e estudar as quest\u00f5es \u00e9tnico-raciais, al\u00e9m de contribuir para as a\u00e7\u00f5es do N\u00facleo. A coordena\u00e7\u00e3o do NEABI do IF Baiano &#8211; Campus Santa In\u00eas convida todos os interessados em se tornarem membros do NEABI a manifestarem seu interesse enviando um e-mail at\u00e9 o dia\u00a0<strong>14 de mar\u00e7o de 2025<\/strong>. Os nomes dos inscritos ser\u00e3o inclu\u00eddos na nova portaria de composi\u00e7\u00e3o do N\u00facleo.<\/p>\n\n\n\n<p><strong>Atribui\u00e7\u00f5es dos Membros:<\/strong><\/p>\n\n\n\n<p>Conforme o regimento do NEABI, os membros ter\u00e3o as seguintes atribui\u00e7\u00f5es:<\/p>\n\n\n\n<ul>\n<li>Colaborar na concep\u00e7\u00e3o, articula\u00e7\u00e3o e execu\u00e7\u00e3o de a\u00e7\u00f5es formativas curriculares e extracurriculares.<\/li>\n\n\n\n<li>Participar da organiza\u00e7\u00e3o de eventos sobre educa\u00e7\u00e3o para as rela\u00e7\u00f5es \u00e9tnico-raciais.<\/li>\n\n\n\n<li>Sistematizar e socializar os resultados dos trabalhos acad\u00eamicos desenvolvidos pelos membros.<\/li>\n\n\n\n<li>Colaborar em a\u00e7\u00f5es que aumentem o acervo bibliogr\u00e1fico relacionado \u00e0 educa\u00e7\u00e3o multi\u00e9tnica e intercultural.<\/li>\n\n\n\n<li>Subsidiar o Grupo Gestor do Campus com demandas, sugest\u00f5es e propostas sobre diversidade \u00e9tnico-racial.<\/li>\n\n\n\n<li>Revisar documentos do Campus para a inser\u00e7\u00e3o de quest\u00f5es relativas \u00e0 valoriza\u00e7\u00e3o e reconhecimento dos sujeitos afro-brasileiros e ind\u00edgenas.<\/li>\n\n\n\n<li>Participar das reuni\u00f5es ordin\u00e1rias e extraordin\u00e1rias.<\/li>\n\n\n\n<li>Votar nas elei\u00e7\u00f5es para as fun\u00e7\u00f5es do N\u00facleo.<\/li>\n\n\n\n<li>Zelar pela documenta\u00e7\u00e3o e pelo patrim\u00f4nio alocado no NEABI.<\/li>\n\n\n\n<li>Colaborar na elabora\u00e7\u00e3o do planejamento anual das atividades do N\u00facleo.<\/li>\n<\/ul>\n\n\n\n<p><strong>Oportunidades para Estudantes:<\/strong><\/p>\n\n\n\n<p>Os estudantes poder\u00e3o contabilizar a carga hor\u00e1ria destinada ao desenvolvimento de projetos do NEABI como carga hor\u00e1ria de est\u00e1gio obrigat\u00f3rio ou Atividade Complementar do Curso (ACC), seguindo as orienta\u00e7\u00f5es dos regulamentos espec\u00edficos.<\/p>\n\n\n\n<p>Para mais informa\u00e7\u00f5es, acesse outras not\u00edcias:<\/p>\n\n\n\n<ul>\n<li><a target=\"_blank\" href=\"https:\/\/www.google.com\/url?sa=E&amp;q=https%3A%2F%2Fwww.ifbaiano.edu.br%2Funidades%2Fsantaines%2Fif-baiano-campus-santa-ines-abre-processo-eleitoral-para-o-nucleo-de-estudos-afro-brasileiros-e-indigenas-neabi%2F\" rel=\"noreferrer noopener\">IF Baiano \u2013 Campus Santa In\u00eas abre processo eleitoral para o N\u00facleo de Estudos Afro-Brasileiros e Ind\u00edgenas \u2013 NEABI<\/a><\/li>\n\n\n\n<li><a rel=\"noreferrer noopener\" href=\"https:\/\/www.google.com\/url?sa=E&amp;q=https%3A%2F%2Fwww.ifbaiano.edu.br%2Funidades%2Fsantaines%2Fcomissao-eleitoral-neabi-campus-santa-ines-define-candidatos-e-ajusta-horario-de-eleicao%2F\" target=\"_blank\">Comiss\u00e3o Eleitoral NEABI \u2013 Campus Santa In\u00eas define candidatos e ajusta hor\u00e1rio de elei\u00e7\u00e3o<\/a><\/li>\n<\/ul>\n\n\n\n<hr class=\"wp-block-separator has-alpha-channel-opacity\" \/>\n","protected":false},"excerpt":{"rendered":"<p>A comunidade acad\u00eamica do Instituto Federal Baiano \u2013 Campus Santa In\u00eas elegeu, no dia 26 de fevereiro de 2025, o novo N\u00facleo Gestor do N\u00facleo de Estudos Afro-Brasileiros e Ind\u00edgenas (NEABI). A elei\u00e7\u00e3o, realizada por aclama\u00e7\u00e3o em reuni\u00e3o no audit\u00f3rio, consagrou a \u00fanica chapa inscrita para o pleito. O novo N\u00facleo Gestor \u00e9 composto pelos [&hellip;]<\/p>\n","protected":false},"author":86,"featured_media":23143,"comment_status":"closed","ping_status":"closed","sticky":false,"template":"","format":"standard","meta":[],"categories":[4,38,5,57],"tags":[],"_links":{"self":[{"href":"https:\/\/www.ifbaiano.edu.br\/unidades\/santaines\/wp-json\/wp\/v2\/posts\/23262"}],"collection":[{"href":"https:\/\/www.ifbaiano.edu.br\/unidades\/santaines\/wp-json\/wp\/v2\/posts"}],"about":[{"href":"https:\/\/www.ifbaiano.edu.br\/unidades\/santaines\/wp-json\/wp\/v2\/types\/post"}],"author":[{"embeddable":true,"href":"https:\/\/www.ifbaiano.edu.br\/unidades\/santaines\/wp-json\/wp\/v2\/users\/86"}],"replies":[{"embeddable":true,"href":"https:\/\/www.ifbaiano.edu.br\/unidades\/santaines\/wp-json\/wp\/v2\/comments?post=23262"}],"version-history":[{"count":1,"href":"https:\/\/www.ifbaiano.edu.br\/unidades\/santaines\/wp-json\/wp\/v2\/posts\/23262\/revisions"}],"predecessor-version":[{"id":23263,"href":"https:\/\/www.ifbaiano.edu.br\/unidades\/santaines\/wp-json\/wp\/v2\/posts\/23262\/revisions\/23263"}],"wp:featuredmedia":[{"embeddable":true,"href":"https:\/\/www.ifbaiano.edu.br\/unidades\/santaines\/wp-json\/wp\/v2\/media\/23143"}],"wp:attachment":[{"href":"https:\/\/www.ifbaiano.edu.br\/unidades\/santaines\/wp-json\/wp\/v2\/media?parent=23262"}],"wp:term":[{"taxonomy":"category","embeddable":true,"href":"https:\/\/www.ifbaiano.edu.br\/unidades\/santaines\/wp-json\/wp\/v2\/categories?post=23262"},{"taxonomy":"post_tag","embeddable":true,"href":"https:\/\/www.ifbaiano.edu.br\/unidades\/santaines\/wp-json\/wp\/v2\/tags?post=23262"}],"curies":[{"name":"wp","href":"https:\/\/api.w.org\/{rel}","templated":true}]}}