{"id":23269,"date":"2025-03-11T20:53:24","date_gmt":"2025-03-11T23:53:24","guid":{"rendered":"https:\/\/www.ifbaiano.edu.br\/unidades\/santaines\/?p=23269"},"modified":"2025-04-22T16:45:35","modified_gmt":"2025-04-22T19:45:35","slug":"campus-santa-ines-celebra-dia-da-mulher-com-cafe-prosa-e-autocuidado-um-encontro-para-a-resistencia-e-o-autoamor","status":"publish","type":"post","link":"https:\/\/www.ifbaiano.edu.br\/unidades\/santaines\/campus-santa-ines-celebra-dia-da-mulher-com-cafe-prosa-e-autocuidado-um-encontro-para-a-resistencia-e-o-autoamor\/","title":{"rendered":"Campus Santa In\u00eas Celebra Dia da Mulher com &#8220;Caf\u00e9, Prosa e Autoamor&#8221;: Um Encontro para a Resist\u00eancia e o Autocuidado"},"content":{"rendered":"\n<p>Em celebra\u00e7\u00e3o ao Dia Internacional da Mulher, o Instituto Federal Baiano \u2013 Campus Santa In\u00eas convida servidoras e colaboradoras terceirizadas para um evento especial: &#8220;Caf\u00e9, Prosa e Autoamor&#8221;, um espa\u00e7o de acolhimento, fortalecimento e reflex\u00e3o sobre a luta feminina. A a\u00e7\u00e3o acontecer\u00e1 na manh\u00e3 desta quarta-feira, dia 12 de mar\u00e7o, a partir das 8h, no audit\u00f3rio da biblioteca do campus.<\/p>\n\n\n\n<p>O evento busca promover o autoamor e o bem-estar feminino, reconhecendo a import\u00e2ncia da resist\u00eancia e da resili\u00eancia das mulheres em suas jornadas. A programa\u00e7\u00e3o foi cuidadosamente elaborada para proporcionar um ambiente de troca de experi\u00eancias, aprendizado e empoderamento, com atividades que visam fortalecer a autoestima e a conex\u00e3o entre as participantes.<\/p>\n\n\n\n<p>A partir das 9h, as mulheres poder\u00e3o desfrutar de:<\/p>\n\n\n\n<ul>\n<li><strong>Roda de conversa:<\/strong>&nbsp;Um espa\u00e7o para dialogar sobre os desafios enfrentados pelas mulheres na sociedade, suas conquistas e a import\u00e2ncia da uni\u00e3o na luta por igualdade e justi\u00e7a.<\/li>\n\n\n\n<li><strong>Din\u00e2micas:<\/strong>&nbsp;Atividades l\u00fadicas para estimular o autoconhecimento, a sororidade e a reflex\u00e3o sobre o papel da mulher na constru\u00e7\u00e3o de um futuro mais justo e igualit\u00e1rio.<\/li>\n\n\n\n<li><strong>Pr\u00e1ticas de autocuidado:<\/strong>&nbsp;Um momento dedicado ao bem-estar e \u00e0 valoriza\u00e7\u00e3o pessoal, com:<ul><li>Oficina de maquiagem<\/li><\/ul><ul><li>Servi\u00e7os de tran\u00e7as<\/li><\/ul><ul><li>Design de sobrancelhas<\/li><\/ul><ul><li>Massoterapia<\/li><\/ul><ul><li>Reflexologia<\/li><\/ul>\n<ul>\n<li>Auriculoterapia<\/li>\n<\/ul>\n<\/li>\n<\/ul>\n\n\n\n<p>O &#8220;Caf\u00e9, Prosa e Autoamor&#8221; \u00e9 uma iniciativa do IF Baiano \u2013 Campus Santa In\u00eas para homenagear e valorizar as mulheres que fazem a diferen\u00e7a na institui\u00e7\u00e3o, reconhecendo sua for\u00e7a, sua luta e sua contribui\u00e7\u00e3o para a constru\u00e7\u00e3o de um mundo mais justo e igualit\u00e1rio. \u00c9 um convite para celebrar a resist\u00eancia feminina, fortalecer a autoestima e reafirmar o compromisso com a luta por direitos e igualdade de oportunidades para todas as mulheres.<\/p>\n\n\n\n<hr class=\"wp-block-separator has-alpha-channel-opacity\" \/>\n\n\n\n<p><\/p>\n","protected":false},"excerpt":{"rendered":"<p>Em celebra\u00e7\u00e3o ao Dia Internacional da Mulher, o Instituto Federal Baiano \u2013 Campus Santa In\u00eas convida servidoras e colaboradoras terceirizadas para um evento especial: &#8220;Caf\u00e9, Prosa e Autoamor&#8221;, um espa\u00e7o de acolhimento, fortalecimento e reflex\u00e3o sobre a luta feminina. A a\u00e7\u00e3o acontecer\u00e1 na manh\u00e3 desta quarta-feira, dia 12 de mar\u00e7o, a partir das 8h, no [&hellip;]<\/p>\n","protected":false},"author":86,"featured_media":23274,"comment_status":"closed","ping_status":"closed","sticky":false,"template":"","format":"standard","meta":[],"categories":[4,5,57],"tags":[],"_links":{"self":[{"href":"https:\/\/www.ifbaiano.edu.br\/unidades\/santaines\/wp-json\/wp\/v2\/posts\/23269"}],"collection":[{"href":"https:\/\/www.ifbaiano.edu.br\/unidades\/santaines\/wp-json\/wp\/v2\/posts"}],"about":[{"href":"https:\/\/www.ifbaiano.edu.br\/unidades\/santaines\/wp-json\/wp\/v2\/types\/post"}],"author":[{"embeddable":true,"href":"https:\/\/www.ifbaiano.edu.br\/unidades\/santaines\/wp-json\/wp\/v2\/users\/86"}],"replies":[{"embeddable":true,"href":"https:\/\/www.ifbaiano.edu.br\/unidades\/santaines\/wp-json\/wp\/v2\/comments?post=23269"}],"version-history":[{"count":3,"href":"https:\/\/www.ifbaiano.edu.br\/unidades\/santaines\/wp-json\/wp\/v2\/posts\/23269\/revisions"}],"predecessor-version":[{"id":23829,"href":"https:\/\/www.ifbaiano.edu.br\/unidades\/santaines\/wp-json\/wp\/v2\/posts\/23269\/revisions\/23829"}],"wp:featuredmedia":[{"embeddable":true,"href":"https:\/\/www.ifbaiano.edu.br\/unidades\/santaines\/wp-json\/wp\/v2\/media\/23274"}],"wp:attachment":[{"href":"https:\/\/www.ifbaiano.edu.br\/unidades\/santaines\/wp-json\/wp\/v2\/media?parent=23269"}],"wp:term":[{"taxonomy":"category","embeddable":true,"href":"https:\/\/www.ifbaiano.edu.br\/unidades\/santaines\/wp-json\/wp\/v2\/categories?post=23269"},{"taxonomy":"post_tag","embeddable":true,"href":"https:\/\/www.ifbaiano.edu.br\/unidades\/santaines\/wp-json\/wp\/v2\/tags?post=23269"}],"curies":[{"name":"wp","href":"https:\/\/api.w.org\/{rel}","templated":true}]}}