{"id":23283,"date":"2025-03-13T16:50:40","date_gmt":"2025-03-13T19:50:40","guid":{"rendered":"https:\/\/www.ifbaiano.edu.br\/unidades\/santaines\/?p=23283"},"modified":"2025-03-13T16:54:42","modified_gmt":"2025-03-13T19:54:42","slug":"professora-do-if-baiano-campus-santa-ines-participa-da-4a-conferencia-estadual-do-meio-ambiente-como-delegada-eleita","status":"publish","type":"post","link":"https:\/\/www.ifbaiano.edu.br\/unidades\/santaines\/professora-do-if-baiano-campus-santa-ines-participa-da-4a-conferencia-estadual-do-meio-ambiente-como-delegada-eleita\/","title":{"rendered":"Professora do IF Baiano \u2013 Campus Santa In\u00eas Participa da 4\u00aa Confer\u00eancia Estadual do Meio Ambiente Como Delegada Eleita"},"content":{"rendered":"\n<div class=\"wp-block-media-text alignwide is-stacked-on-mobile\" style=\"grid-template-columns:40% auto\"><figure class=\"wp-block-media-text__media\"><img decoding=\"async\" loading=\"lazy\" width=\"768\" height=\"1024\" src=\"https:\/\/www.ifbaiano.edu.br\/unidades\/santaines\/files\/2025\/03\/3903-19a53dbb-768x1024.webp\" alt=\"\" class=\"wp-image-23285 size-full\" srcset=\"https:\/\/www.ifbaiano.edu.br\/unidades\/santaines\/files\/2025\/03\/3903-19a53dbb-768x1024.webp 768w, https:\/\/www.ifbaiano.edu.br\/unidades\/santaines\/files\/2025\/03\/3903-19a53dbb-225x300.webp 225w, https:\/\/www.ifbaiano.edu.br\/unidades\/santaines\/files\/2025\/03\/3903-19a53dbb-100x133.webp 100w, https:\/\/www.ifbaiano.edu.br\/unidades\/santaines\/files\/2025\/03\/3903-19a53dbb.webp 810w\" sizes=\"(max-width: 768px) 100vw, 768px\" \/><\/figure><div class=\"wp-block-media-text__content\">\n<p>A professora Adriana Concei\u00e7\u00e3o, do Instituto Federal Baiano \u2013 Campus Santa In\u00eas, marcou presen\u00e7a na 4\u00aa Confer\u00eancia Estadual do Meio Ambiente (CEMA) que aconteceu nos dias 11 e 12 de mar\u00e7o, em Salvador com uma importante miss\u00e3o: contribuir para a constru\u00e7\u00e3o de pol\u00edticas ambientais mais eficazes e representativas para a Bahia. A participa\u00e7\u00e3o da professora, que tamb\u00e9m \u00e9 uma das idealizadoras e membro do Centro de Educa\u00e7\u00e3o Ambiental (CEA) do Campus Santa In\u00eas, refor\u00e7a o compromisso da institui\u00e7\u00e3o com a sustentabilidade e o engajamento na formula\u00e7\u00e3o de solu\u00e7\u00f5es para os desafios ambientais do Vale do Jiquiri\u00e7\u00e1.<\/p>\n<\/div><\/div>\n\n\n\n<p>Adriana foi eleita delegada pela I Confer\u00eancia Intermunicipal do Vale do Jiquiri\u00e7\u00e1, demonstrando o reconhecimento de sua atua\u00e7\u00e3o e expertise na \u00e1rea. Na 4\u00aa CEMA, ela se junta aos demais delegados do Vale do Jiquiri\u00e7\u00e1 e de outros territ\u00f3rios baianos para debater e votar propostas que ser\u00e3o encaminhadas para a Confer\u00eancia Nacional, em Bras\u00edlia, que acontecer\u00e1 em maio de 2025. Al\u00e9m disso, os delegados presentes na CEMA ter\u00e3o a responsabilidade de eleger os representantes da Bahia para a confer\u00eancia nacional.<\/p>\n\n\n\n<figure class=\"wp-block-gallery has-nested-images columns-default is-cropped wp-block-gallery-1 is-layout-flex\">\n<figure class=\"wp-block-image size-large\"><a href=\"https:\/\/www.ifbaiano.edu.br\/unidades\/santaines\/files\/2025\/03\/3905-464fe9a7.webp\"><img decoding=\"async\" loading=\"lazy\" width=\"1024\" height=\"768\" data-id=\"23286\"  src=\"https:\/\/www.ifbaiano.edu.br\/unidades\/santaines\/files\/2025\/03\/3905-464fe9a7-1024x768.webp\" alt=\"\" class=\"wp-image-23286\" srcset=\"https:\/\/www.ifbaiano.edu.br\/unidades\/santaines\/files\/2025\/03\/3905-464fe9a7-1024x768.webp 1024w, https:\/\/www.ifbaiano.edu.br\/unidades\/santaines\/files\/2025\/03\/3905-464fe9a7-300x225.webp 300w, https:\/\/www.ifbaiano.edu.br\/unidades\/santaines\/files\/2025\/03\/3905-464fe9a7-768x576.webp 768w, https:\/\/www.ifbaiano.edu.br\/unidades\/santaines\/files\/2025\/03\/3905-464fe9a7-100x75.webp 100w, https:\/\/www.ifbaiano.edu.br\/unidades\/santaines\/files\/2025\/03\/3905-464fe9a7.webp 1440w\" sizes=\"(max-width: 1024px) 100vw, 1024px\" \/><\/a><\/figure>\n\n\n\n<figure class=\"wp-block-image size-large\"><a href=\"https:\/\/www.ifbaiano.edu.br\/unidades\/santaines\/files\/2025\/03\/3901-8ea8e0db.webp\"><img decoding=\"async\" loading=\"lazy\" width=\"1024\" height=\"792\" data-id=\"23284\"  src=\"https:\/\/www.ifbaiano.edu.br\/unidades\/santaines\/files\/2025\/03\/3901-8ea8e0db-1024x792.webp\" alt=\"\" class=\"wp-image-23284\" srcset=\"https:\/\/www.ifbaiano.edu.br\/unidades\/santaines\/files\/2025\/03\/3901-8ea8e0db-1024x792.webp 1024w, https:\/\/www.ifbaiano.edu.br\/unidades\/santaines\/files\/2025\/03\/3901-8ea8e0db-300x232.webp 300w, https:\/\/www.ifbaiano.edu.br\/unidades\/santaines\/files\/2025\/03\/3901-8ea8e0db-768x594.webp 768w, https:\/\/www.ifbaiano.edu.br\/unidades\/santaines\/files\/2025\/03\/3901-8ea8e0db-100x77.webp 100w, https:\/\/www.ifbaiano.edu.br\/unidades\/santaines\/files\/2025\/03\/3901-8ea8e0db.webp 1397w\" sizes=\"(max-width: 1024px) 100vw, 1024px\" \/><\/a><\/figure>\n<\/figure>\n\n\n\n<p>A professora ressalta a import\u00e2ncia de sua participa\u00e7\u00e3o, mesmo n\u00e3o estando oficialmente representando o Campus: &#8220;Apesar de n\u00e3o estar como representante do Campus, oficialmente, como docente do Campus entendo que em todos os espa\u00e7os onde atuo levo o nome da institui\u00e7\u00e3o&#8221;.<\/p>\n\n\n\n<p>A participa\u00e7\u00e3o de Adriana na CEMA \u00e9 uma oportunidade para:<\/p>\n\n\n\n<ul>\n<li>Defender os interesses do Vale do Jiquiri\u00e7\u00e1 e da Bahia nas discuss\u00f5es sobre pol\u00edticas ambientais.<\/li>\n\n\n\n<li>Levar a experi\u00eancia e o conhecimento do CEA do Campus Santa In\u00eas para o debate nacional.<\/li>\n\n\n\n<li>Contribuir para a formula\u00e7\u00e3o de propostas que promovam o desenvolvimento sustent\u00e1vel e a justi\u00e7a social.<\/li>\n\n\n\n<li>Fortalecer a representa\u00e7\u00e3o do IF Baiano e da educa\u00e7\u00e3o ambiental na esfera nacional.<\/li>\n<\/ul>\n\n\n\n<p>A 4\u00aa CEMA, com mais de 1,5 mil participantes, \u00e9 um evento crucial para o futuro do meio ambiente na Bahia. A atua\u00e7\u00e3o da professora Adriana, como delegada eleita, e o trabalho desenvolvido pelo CEA do IF Baiano \u2013 Campus Santa In\u00eas evidenciam o engajamento da institui\u00e7\u00e3o com a causa ambiental e o papel fundamental da educa\u00e7\u00e3o na constru\u00e7\u00e3o de um futuro mais sustent\u00e1vel e justo para todos.<\/p>\n\n\n\n<figure class=\"wp-block-gallery has-nested-images columns-default is-cropped wp-block-gallery-3 is-layout-flex\">\n<figure class=\"wp-block-image size-large\"><a href=\"https:\/\/www.ifbaiano.edu.br\/unidades\/santaines\/files\/2025\/03\/5250-4444fe4d.webp\"><img decoding=\"async\" loading=\"lazy\" width=\"768\" height=\"1024\" data-id=\"23290\"  src=\"https:\/\/www.ifbaiano.edu.br\/unidades\/santaines\/files\/2025\/03\/5250-4444fe4d-768x1024.webp\" alt=\"\" class=\"wp-image-23290\" srcset=\"https:\/\/www.ifbaiano.edu.br\/unidades\/santaines\/files\/2025\/03\/5250-4444fe4d-768x1024.webp 768w, https:\/\/www.ifbaiano.edu.br\/unidades\/santaines\/files\/2025\/03\/5250-4444fe4d-225x300.webp 225w, https:\/\/www.ifbaiano.edu.br\/unidades\/santaines\/files\/2025\/03\/5250-4444fe4d-100x133.webp 100w, https:\/\/www.ifbaiano.edu.br\/unidades\/santaines\/files\/2025\/03\/5250-4444fe4d.webp 810w\" sizes=\"(max-width: 768px) 100vw, 768px\" \/><\/a><\/figure>\n\n\n\n<figure class=\"wp-block-image size-large\"><a href=\"https:\/\/www.ifbaiano.edu.br\/unidades\/santaines\/files\/2025\/03\/5249-ff.webp\"><img decoding=\"async\" loading=\"lazy\" width=\"1024\" height=\"768\" data-id=\"23289\"  src=\"https:\/\/www.ifbaiano.edu.br\/unidades\/santaines\/files\/2025\/03\/5249-ff-1024x768.webp\" alt=\"\" class=\"wp-image-23289\" srcset=\"https:\/\/www.ifbaiano.edu.br\/unidades\/santaines\/files\/2025\/03\/5249-ff-1024x768.webp 1024w, https:\/\/www.ifbaiano.edu.br\/unidades\/santaines\/files\/2025\/03\/5249-ff-300x225.webp 300w, https:\/\/www.ifbaiano.edu.br\/unidades\/santaines\/files\/2025\/03\/5249-ff-768x576.webp 768w, https:\/\/www.ifbaiano.edu.br\/unidades\/santaines\/files\/2025\/03\/5249-ff-100x75.webp 100w, https:\/\/www.ifbaiano.edu.br\/unidades\/santaines\/files\/2025\/03\/5249-ff.webp 1440w\" sizes=\"(max-width: 1024px) 100vw, 1024px\" \/><\/a><\/figure>\n\n\n\n<figure class=\"wp-block-image size-large\"><a href=\"https:\/\/www.ifbaiano.edu.br\/unidades\/santaines\/files\/2025\/03\/5250-7771b_.webp\"><img decoding=\"async\" loading=\"lazy\" width=\"975\" height=\"1024\" data-id=\"23291\"  src=\"https:\/\/www.ifbaiano.edu.br\/unidades\/santaines\/files\/2025\/03\/5250-7771b_-975x1024.webp\" alt=\"\" class=\"wp-image-23291\" srcset=\"https:\/\/www.ifbaiano.edu.br\/unidades\/santaines\/files\/2025\/03\/5250-7771b_-975x1024.webp 975w, https:\/\/www.ifbaiano.edu.br\/unidades\/santaines\/files\/2025\/03\/5250-7771b_-286x300.webp 286w, https:\/\/www.ifbaiano.edu.br\/unidades\/santaines\/files\/2025\/03\/5250-7771b_-768x807.webp 768w, https:\/\/www.ifbaiano.edu.br\/unidades\/santaines\/files\/2025\/03\/5250-7771b_-100x105.webp 100w, https:\/\/www.ifbaiano.edu.br\/unidades\/santaines\/files\/2025\/03\/5250-7771b_.webp 1028w\" sizes=\"(max-width: 975px) 100vw, 975px\" \/><\/a><\/figure>\n<\/figure>\n\n\n\n<p>Mais informa\u00e7\u00f5es sobre a 4\u00aa CEMA podem ser encontradas no site do <a href=\"https:\/\/www.ba.gov.br\/meioambiente\/noticias\/2025-03\/16952\/mais-de-15-mil-pessoas-participam-da-abertura-da-conferencia-do-meio\">Governo da Bahia<\/a>.<\/p>\n\n\n\n<hr class=\"wp-block-separator has-alpha-channel-opacity\" \/>\n","protected":false},"excerpt":{"rendered":"<p>A professora Adriana Concei\u00e7\u00e3o, do Instituto Federal Baiano \u2013 Campus Santa In\u00eas, marcou presen\u00e7a na 4\u00aa Confer\u00eancia Estadual do Meio Ambiente (CEMA) que aconteceu nos dias 11 e 12 de mar\u00e7o, em Salvador com uma importante miss\u00e3o: contribuir para a constru\u00e7\u00e3o de pol\u00edticas ambientais mais eficazes e representativas para a Bahia. A participa\u00e7\u00e3o da professora, [&hellip;]<\/p>\n","protected":false},"author":86,"featured_media":23293,"comment_status":"closed","ping_status":"closed","sticky":false,"template":"","format":"standard","meta":[],"categories":[4,5,57],"tags":[],"_links":{"self":[{"href":"https:\/\/www.ifbaiano.edu.br\/unidades\/santaines\/wp-json\/wp\/v2\/posts\/23283"}],"collection":[{"href":"https:\/\/www.ifbaiano.edu.br\/unidades\/santaines\/wp-json\/wp\/v2\/posts"}],"about":[{"href":"https:\/\/www.ifbaiano.edu.br\/unidades\/santaines\/wp-json\/wp\/v2\/types\/post"}],"author":[{"embeddable":true,"href":"https:\/\/www.ifbaiano.edu.br\/unidades\/santaines\/wp-json\/wp\/v2\/users\/86"}],"replies":[{"embeddable":true,"href":"https:\/\/www.ifbaiano.edu.br\/unidades\/santaines\/wp-json\/wp\/v2\/comments?post=23283"}],"version-history":[{"count":1,"href":"https:\/\/www.ifbaiano.edu.br\/unidades\/santaines\/wp-json\/wp\/v2\/posts\/23283\/revisions"}],"predecessor-version":[{"id":23292,"href":"https:\/\/www.ifbaiano.edu.br\/unidades\/santaines\/wp-json\/wp\/v2\/posts\/23283\/revisions\/23292"}],"wp:featuredmedia":[{"embeddable":true,"href":"https:\/\/www.ifbaiano.edu.br\/unidades\/santaines\/wp-json\/wp\/v2\/media\/23293"}],"wp:attachment":[{"href":"https:\/\/www.ifbaiano.edu.br\/unidades\/santaines\/wp-json\/wp\/v2\/media?parent=23283"}],"wp:term":[{"taxonomy":"category","embeddable":true,"href":"https:\/\/www.ifbaiano.edu.br\/unidades\/santaines\/wp-json\/wp\/v2\/categories?post=23283"},{"taxonomy":"post_tag","embeddable":true,"href":"https:\/\/www.ifbaiano.edu.br\/unidades\/santaines\/wp-json\/wp\/v2\/tags?post=23283"}],"curies":[{"name":"wp","href":"https:\/\/api.w.org\/{rel}","templated":true}]}}