{"id":23329,"date":"2025-03-14T10:02:04","date_gmt":"2025-03-14T13:02:04","guid":{"rendered":"https:\/\/www.ifbaiano.edu.br\/unidades\/santaines\/?p=23329"},"modified":"2025-03-14T10:02:05","modified_gmt":"2025-03-14T13:02:05","slug":"if-baiano-lanca-editais-para-concessao-de-bolsas-de-iniciacao-em-extensao","status":"publish","type":"post","link":"https:\/\/www.ifbaiano.edu.br\/unidades\/santaines\/if-baiano-lanca-editais-para-concessao-de-bolsas-de-iniciacao-em-extensao\/","title":{"rendered":"IF Baiano lan\u00e7a editais para concess\u00e3o de bolsas de Inicia\u00e7\u00e3o em Extens\u00e3o"},"content":{"rendered":"\n<p>O Instituto Federal Baiano (IF Baiano) lan\u00e7ou dois editais para o Programa Institucional de Bolsas de Inicia\u00e7\u00e3o em Extens\u00e3o (PIBIEX): um na modalidade superior e outro na modalidade j\u00fanior, voltado para estudantes do ensino m\u00e9dio. Os editais t\u00eam o objetivo de selecionar propostas de projetos de extens\u00e3o que ser\u00e3o contempladas com bolsas, por meio da Pr\u00f3-Reitoria de Extens\u00e3o.<\/p>\n\n\n\n<p>Por meio do desenvolvimento de projetos em diversas \u00e1reas do conhecimento, os estudantes podem concorrer a aux\u00edlio financeiro para executar iniciativas extensionistas de car\u00e1ter cient\u00edfico, tecnol\u00f3gico e\/ou art\u00edstico-cultural.<\/p>\n\n\n\n<p>Para participar de ambas as modalidades, os candidatos devem acessar o Sistema Unificado de Administra\u00e7\u00e3o P\u00fablica (SUAP) e seguir o fluxo de submiss\u00e3o de propostas, localizando os respectivos editais:&nbsp;<a href=\"https:\/\/concurso.ifbaiano.edu.br\/portal\/pibiex-junior-marco-2025\/wp-content\/uploads\/sites\/1158\/2025\/03\/Edital-37-2025-PIBIEX-JUNIOR.pdf\">Edital n\u00ba 37\/2025<\/a>&nbsp;para J\u00fanior e<a href=\"https:\/\/concurso.ifbaiano.edu.br\/portal\/pibiex-superior-marco-2025\/wp-content\/uploads\/sites\/1159\/2025\/03\/Edital-38-2025-PIBIEX-SUPERIOR.pdf\">&nbsp;Edital n\u00ba38\/2025<\/a>&nbsp;para Superior.<\/p>\n\n\n\n<h3 class=\"wp-block-heading\"><strong>Modalidade J\u00fanior<\/strong><\/h3>\n\n\n\n<p>O Edital n\u00ba 37\/2025, da modalidade j\u00fanior, \u00e9 destinado aos alunos do ensino m\u00e9dio t\u00e9cnico (Integrado, Subsequente e Proeja) do IF Baiano. O per\u00edodo de submiss\u00e3o de propostas ser\u00e1 de 17 de mar\u00e7o a 5 de maio de 2025, exclusivamente por meio do SUAP.<\/p>\n\n\n\n<p>Cada proposta selecionada receber\u00e1 uma bolsa de Inicia\u00e7\u00e3o em Extens\u00e3o J\u00fanior, com dura\u00e7\u00e3o m\u00e1xima de 12 meses. O valor mensal da bolsa \u00e9 de R$ 300,00, correspondente a uma carga hor\u00e1ria semanal de 10 horas.<\/p>\n\n\n\n<p>Ao todo, 45 projetos ser\u00e3o contemplados nos seguintes campi do IF Baiano:<\/p>\n\n\n\n<ul>\n<li>Alagoinhas (6)<\/li>\n\n\n\n<li>Bom Jesus da Lapa (3)<\/li>\n\n\n\n<li>Catu (2)<\/li>\n\n\n\n<li>Governador Mangabeira (5)<\/li>\n\n\n\n<li>Guanambi (2)<\/li>\n\n\n\n<li>Itaberaba (3)<\/li>\n\n\n\n<li>Itapetinga (2)<\/li>\n\n\n\n<li>Santa In\u00eas (3)<\/li>\n\n\n\n<li>Senhor do Bonfim (2)<\/li>\n\n\n\n<li>Serrinha (4)<\/li>\n\n\n\n<li>Teixeira de Freitas (3)<\/li>\n\n\n\n<li>Uru\u00e7uca (1)<\/li>\n\n\n\n<li>Valen\u00e7a (2)<\/li>\n\n\n\n<li>Xique-Xique (7)<\/li>\n<\/ul>\n\n\n\n<p>Os projetos devem ter car\u00e1ter extensionista, promovendo a troca de saberes entre a institui\u00e7\u00e3o e a comunidade externa, que deve ser o p\u00fablico majorit\u00e1rio beneficiado. A bolsa n\u00e3o pode ser acumulada com est\u00e1gios remunerados ou outras bolsas, exceto o Aux\u00edlio do Programa de Assist\u00eancia e Inclus\u00e3o Social do Estudante (PAISE). Al\u00e9m disso, em cada campus, uma das bolsas de Inicia\u00e7\u00e3o em Extens\u00e3o J\u00fanior ser\u00e1 destinada a um projeto vinculado ao Programa Ci\u00eancia Itinerante.<\/p>\n\n\n\n<h3 class=\"wp-block-heading\"><strong>Modalidade Superior<\/strong><\/h3>\n\n\n\n<p>O Edital n\u00ba 38\/2025, da modalidade superior, \u00e9 voltado para estudantes dos cursos de ensino superior do IF Baiano. As propostas dever\u00e3o ser submetidas entre os dias 19 de mar\u00e7o e 17 de abril de 2025 (at\u00e9 \u00e0s 18h), exclusivamente pelo SUAP.<\/p>\n\n\n\n<p>Ao todo, 28 projetos ser\u00e3o contemplados nos seguintes campi do IF Baiano:<\/p>\n\n\n\n<ul>\n<li>Bom Jesus da Lapa (6)<\/li>\n\n\n\n<li>Catu (4)<\/li>\n\n\n\n<li>Governador Mangabeira (1)<\/li>\n\n\n\n<li>Guanambi (3)<\/li>\n\n\n\n<li>Itapetinga (1)<\/li>\n\n\n\n<li>Santa In\u00eas (2)<\/li>\n\n\n\n<li>Senhor do Bonfim (2)<\/li>\n\n\n\n<li>Serrinha (5)<\/li>\n\n\n\n<li>Teixeira de Freitas (3)<\/li>\n\n\n\n<li>Valen\u00e7a (1)<\/li>\n<\/ul>\n\n\n\n<p>Cada proposta selecionada receber\u00e1 uma bolsa de Inicia\u00e7\u00e3o em Extens\u00e3o Superior, com vig\u00eancia m\u00e1xima de 12 meses. O valor mensal da bolsa ser\u00e1 de R$ 700,00, com carga hor\u00e1ria semanal de 20 horas.<\/p>\n\n\n\n<p>As propostas devem ser submetidas por estudantes regularmente matriculados no IF Baiano, com a orienta\u00e7\u00e3o de um servidor com titula\u00e7\u00e3o m\u00ednima de especializa\u00e7\u00e3o. Os projetos devem atender \u00e0 defini\u00e7\u00e3o de extens\u00e3o do F\u00f3rum de Extens\u00e3o da Rede Federal e beneficiar um p\u00fablico externo maior do que o interno. A bolsa da modalidade superior \u00e9 transit\u00f3ria e n\u00e3o pode ser acumulada com outras bolsas ou est\u00e1gios remunerados, exceto o PAISE.<\/p>\n\n\n\n<p>A previs\u00e3o para o in\u00edcio da execu\u00e7\u00e3o dos projetos do PIBIEX \u00e9 1\u00ba de julho de 2025.<\/p>\n\n\n\n<h3 class=\"wp-block-heading\"><strong>Objetivo das Bolsas<\/strong><\/h3>\n\n\n\n<p>O Programa de Bolsas de Inicia\u00e7\u00e3o em Extens\u00e3o tem como principal objetivo fomentar a participa\u00e7\u00e3o dos estudantes em a\u00e7\u00f5es que promovam a intera\u00e7\u00e3o entre o IF Baiano e a comunidade, contribuindo para sua forma\u00e7\u00e3o integral e gerando impacto social nas localidades atendidas.<\/p>\n\n\n\n<p>Os interessados em obter mais informa\u00e7\u00f5es devem consultar os editais completos, dispon\u00edveis nos seguintes links:<\/p>\n\n\n\n<p>PIBIEX J\u00fanior:&nbsp;<a href=\"https:\/\/concurso.ifbaiano.edu.br\/portal\/pibiex-junior-marco-2025\/wp-content\/uploads\/sites\/1158\/2025\/03\/Edital-37-2025-PIBIEX-JUNIOR.pdf\">https:\/\/concurso.ifbaiano.edu.br\/portal\/pibiex-junior-marco-2025\/wp-content\/uploads\/sites\/1158\/2025\/03\/Edital-37-2025-PIBIEX-JUNIOR.pdf<\/a><\/p>\n\n\n\n<p>PIBIEX Superior:&nbsp;<a href=\"https:\/\/concurso.ifbaiano.edu.br\/portal\/pibiex-superior-marco-2025\/wp-content\/uploads\/sites\/1159\/2025\/03\/Edital-38-2025-PIBIEX-SUPERIOR.pdf\">https:\/\/concurso.ifbaiano.edu.br\/portal\/pibiex-superior-marco-2025\/wp-content\/uploads\/sites\/1159\/2025\/03\/Edital-38-2025-PIBIEX-SUPERIOR.pdf<\/a><\/p>\n\n\n\n<hr class=\"wp-block-separator has-alpha-channel-opacity\" \/>\n","protected":false},"excerpt":{"rendered":"<p>Os candidatos poder\u00e3o se inscrever nas modalidades j\u00fanior e superior<\/p>\n","protected":false},"author":86,"featured_media":23330,"comment_status":"closed","ping_status":"closed","sticky":false,"template":"","format":"standard","meta":[],"categories":[4,57],"tags":[],"_links":{"self":[{"href":"https:\/\/www.ifbaiano.edu.br\/unidades\/santaines\/wp-json\/wp\/v2\/posts\/23329"}],"collection":[{"href":"https:\/\/www.ifbaiano.edu.br\/unidades\/santaines\/wp-json\/wp\/v2\/posts"}],"about":[{"href":"https:\/\/www.ifbaiano.edu.br\/unidades\/santaines\/wp-json\/wp\/v2\/types\/post"}],"author":[{"embeddable":true,"href":"https:\/\/www.ifbaiano.edu.br\/unidades\/santaines\/wp-json\/wp\/v2\/users\/86"}],"replies":[{"embeddable":true,"href":"https:\/\/www.ifbaiano.edu.br\/unidades\/santaines\/wp-json\/wp\/v2\/comments?post=23329"}],"version-history":[{"count":1,"href":"https:\/\/www.ifbaiano.edu.br\/unidades\/santaines\/wp-json\/wp\/v2\/posts\/23329\/revisions"}],"predecessor-version":[{"id":23331,"href":"https:\/\/www.ifbaiano.edu.br\/unidades\/santaines\/wp-json\/wp\/v2\/posts\/23329\/revisions\/23331"}],"wp:featuredmedia":[{"embeddable":true,"href":"https:\/\/www.ifbaiano.edu.br\/unidades\/santaines\/wp-json\/wp\/v2\/media\/23330"}],"wp:attachment":[{"href":"https:\/\/www.ifbaiano.edu.br\/unidades\/santaines\/wp-json\/wp\/v2\/media?parent=23329"}],"wp:term":[{"taxonomy":"category","embeddable":true,"href":"https:\/\/www.ifbaiano.edu.br\/unidades\/santaines\/wp-json\/wp\/v2\/categories?post=23329"},{"taxonomy":"post_tag","embeddable":true,"href":"https:\/\/www.ifbaiano.edu.br\/unidades\/santaines\/wp-json\/wp\/v2\/tags?post=23329"}],"curies":[{"name":"wp","href":"https:\/\/api.w.org\/{rel}","templated":true}]}}