{"id":23338,"date":"2025-03-16T18:00:04","date_gmt":"2025-03-16T21:00:04","guid":{"rendered":"https:\/\/www.ifbaiano.edu.br\/unidades\/santaines\/?p=23338"},"modified":"2025-03-16T20:15:51","modified_gmt":"2025-03-16T23:15:51","slug":"campus-santa-ines-da-as-boas-vindas-aos-novos-estudantes-dos-cursos-tecnicos-integrados","status":"publish","type":"post","link":"https:\/\/www.ifbaiano.edu.br\/unidades\/santaines\/campus-santa-ines-da-as-boas-vindas-aos-novos-estudantes-dos-cursos-tecnicos-integrados\/","title":{"rendered":"Campus Santa In\u00eas d\u00e1 as boas vindas aos novos estudantes dos Cursos T\u00e9cnicos integrados"},"content":{"rendered":"\n<p>O Instituto Federal Baiano &#8211; Campus Santa In\u00eas est\u00e1 pronto para receber seus novos estudantes a partir desta segunda-feira, 17 de mar\u00e7o, com uma s\u00e9rie de atividades planejadas para integrar e acolher os ingressantes dos cursos t\u00e9cnicos em Agropecu\u00e1ria, Alimentos, Inform\u00e1tica e Zootecnia.<\/p>\n\n\n\n<p><strong>Reuni\u00e3o de Boas-Vindas e Integra\u00e7\u00e3o Familiar<\/strong><\/p>\n\n\n\n<p>As atividades de recep\u00e7\u00e3o come\u00e7ar\u00e3o com uma reuni\u00e3o especial na quadra poliesportiva do campus, destinada aos estudantes ingressantes e seus pais, m\u00e3es ou respons\u00e1veis. O evento ter\u00e1 in\u00edcio \u00e0s 8h, com um ambiente acolhedor, lanche e m\u00fasica para dar as boas-vindas.<\/p>\n\n\n\n<p><strong>Programa\u00e7\u00e3o da Reuni\u00e3o:<\/strong><\/p>\n\n\n\n<ul>\n<li><strong>8h:<\/strong>&nbsp;Abertura com lanche, m\u00fasica ambiente, assinatura da lista de presen\u00e7a e distribui\u00e7\u00e3o dos calend\u00e1rios do ano letivo 2025.<\/li>\n\n\n\n<li><strong>8h30:<\/strong>&nbsp;Mensagem da Dire\u00e7\u00e3o Geral.<\/li>\n\n\n\n<li><strong>9h:<\/strong>&nbsp;Apresenta\u00e7\u00e3o da equipe de trabalho do Campus, incluindo a Diretoria Acad\u00eamica, Coordena\u00e7\u00e3o de Ensino, N\u00facleo de Rela\u00e7\u00f5es Institucionais, Coordena\u00e7\u00e3o de Unidade Educativa de Campo, Coordenadores de curso e N\u00facleos de apoio ao estudante.<\/li>\n\n\n\n<li><strong>10h:<\/strong>&nbsp;Esclarecimentos sobre o uso do celular, apresenta\u00e7\u00e3o da PORTARIA 58\/2025 e da programa\u00e7\u00e3o das oficinas no per\u00edodo de 17 a 28 de mar\u00e7o de 2025.<\/li>\n\n\n\n<li><strong>10h30:<\/strong>&nbsp;Encaminhamento para resolver quest\u00f5es de resid\u00eancia estudantil e pend\u00eancias de matr\u00edcula.<\/li>\n\n\n\n<li><strong>13h30:<\/strong>&nbsp;In\u00edcio das oficinas de nivelamento, conforme hor\u00e1rio anexo.<\/li>\n<\/ul>\n\n\n\n<p><strong>Oficinas de Nivelamento e Hor\u00e1rios<\/strong><\/p>\n\n\n\n<p>A partir das 13h30, os estudantes participar\u00e3o de <a href=\"https:\/\/www.ifbaiano.edu.br\/unidades\/santaines\/files\/2025\/03\/Horario-Turmas-nivelamento-2025.pdf\">oficinas de nivelamento<\/a>, projetadas para alinhar seus conhecimentos e prepar\u00e1-los para os desafios acad\u00eamicos que vir\u00e3o. Os hor\u00e1rios espec\u00edficos dessas oficinas ser\u00e3o divulgados no local e estar\u00e3o dispon\u00edveis para consulta.<\/p>\n\n\n\n<p><strong>In\u00edcio do Ano Letivo para Todos os Estudantes<\/strong><\/p>\n\n\n\n<p>\u00c9 importante ressaltar que o in\u00edcio do ano letivo para todos os estudantes dos cursos t\u00e9cnicos integrados est\u00e1 programado para o dia 7 de abril.<\/p>\n\n\n\n<p>O IF Baiano &#8211; Campus Santa In\u00eas reafirma seu compromisso com a educa\u00e7\u00e3o de qualidade e deseja a todos os estudantes um ano letivo de muito aprendizado e conquistas!<\/p>\n\n\n\n<hr class=\"wp-block-separator has-alpha-channel-opacity\" \/>\n\n\n\n<p><\/p>\n","protected":false},"excerpt":{"rendered":"<p>O Instituto Federal Baiano &#8211; Campus Santa In\u00eas est\u00e1 pronto para receber seus novos estudantes a partir desta segunda-feira, 17 de mar\u00e7o, com uma s\u00e9rie de atividades planejadas para integrar e acolher os ingressantes dos cursos t\u00e9cnicos em Agropecu\u00e1ria, Alimentos, Inform\u00e1tica e Zootecnia. Reuni\u00e3o de Boas-Vindas e Integra\u00e7\u00e3o Familiar As atividades de recep\u00e7\u00e3o come\u00e7ar\u00e3o com [&hellip;]<\/p>\n","protected":false},"author":86,"featured_media":825,"comment_status":"closed","ping_status":"closed","sticky":false,"template":"","format":"standard","meta":[],"categories":[4,5,57],"tags":[],"_links":{"self":[{"href":"https:\/\/www.ifbaiano.edu.br\/unidades\/santaines\/wp-json\/wp\/v2\/posts\/23338"}],"collection":[{"href":"https:\/\/www.ifbaiano.edu.br\/unidades\/santaines\/wp-json\/wp\/v2\/posts"}],"about":[{"href":"https:\/\/www.ifbaiano.edu.br\/unidades\/santaines\/wp-json\/wp\/v2\/types\/post"}],"author":[{"embeddable":true,"href":"https:\/\/www.ifbaiano.edu.br\/unidades\/santaines\/wp-json\/wp\/v2\/users\/86"}],"replies":[{"embeddable":true,"href":"https:\/\/www.ifbaiano.edu.br\/unidades\/santaines\/wp-json\/wp\/v2\/comments?post=23338"}],"version-history":[{"count":2,"href":"https:\/\/www.ifbaiano.edu.br\/unidades\/santaines\/wp-json\/wp\/v2\/posts\/23338\/revisions"}],"predecessor-version":[{"id":23342,"href":"https:\/\/www.ifbaiano.edu.br\/unidades\/santaines\/wp-json\/wp\/v2\/posts\/23338\/revisions\/23342"}],"wp:featuredmedia":[{"embeddable":true,"href":"https:\/\/www.ifbaiano.edu.br\/unidades\/santaines\/wp-json\/wp\/v2\/media\/825"}],"wp:attachment":[{"href":"https:\/\/www.ifbaiano.edu.br\/unidades\/santaines\/wp-json\/wp\/v2\/media?parent=23338"}],"wp:term":[{"taxonomy":"category","embeddable":true,"href":"https:\/\/www.ifbaiano.edu.br\/unidades\/santaines\/wp-json\/wp\/v2\/categories?post=23338"},{"taxonomy":"post_tag","embeddable":true,"href":"https:\/\/www.ifbaiano.edu.br\/unidades\/santaines\/wp-json\/wp\/v2\/tags?post=23338"}],"curies":[{"name":"wp","href":"https:\/\/api.w.org\/{rel}","templated":true}]}}