{"id":23344,"date":"2025-03-18T15:32:56","date_gmt":"2025-03-18T18:32:56","guid":{"rendered":"https:\/\/www.ifbaiano.edu.br\/unidades\/santaines\/?p=23344"},"modified":"2025-03-21T10:47:30","modified_gmt":"2025-03-21T13:47:30","slug":"campus-santa-ines-lanca-edital-de-assistencia-estudantil-para-promover-inclusao-e-permanencia","status":"publish","type":"post","link":"https:\/\/www.ifbaiano.edu.br\/unidades\/santaines\/campus-santa-ines-lanca-edital-de-assistencia-estudantil-para-promover-inclusao-e-permanencia\/","title":{"rendered":"Campus Santa In\u00eas Lan\u00e7a Edital de Assist\u00eancia Estudantil para Promover Inclus\u00e3o e Perman\u00eancia"},"content":{"rendered":"\n<p>O Instituto Federal Baiano &#8211; Campus Santa In\u00eas torna p\u00fablico o <a href=\"https:\/\/concurso.ifbaiano.edu.br\/portal\/paise-santa-ines-marco-2025\/wp-content\/uploads\/sites\/1166\/2025\/03\/Edital-PAISE-2025.pdf\">Edital<\/a> de Fluxo Cont\u00ednuo do Programa de Assist\u00eancia e Inclus\u00e3o Social do Estudante (PAISE), que estabelece normas e crit\u00e9rios para sele\u00e7\u00e3o de estudantes em vulnerabilidade socioecon\u00f4mica. O objetivo \u00e9 garantir a participa\u00e7\u00e3o na Pol\u00edtica de Assist\u00eancia Estudantil, contribuindo para o bem-estar biopsicossocial, a perman\u00eancia e o \u00eaxito nas atividades acad\u00eamicas dos estudantes.<\/p>\n\n\n\n<p><strong>Aux\u00edlios diversificados para atender \u00e0s necessidades dos estudantes<\/strong><\/p>\n\n\n\n<p>O PAISE oferece diversos aux\u00edlios financeiros para atender \u00e0s necessidades espec\u00edficas dos estudantes, incluindo:<\/p>\n\n\n\n<ul>\n<li><strong>Aux\u00edlio Moradia:<\/strong>&nbsp;para custear despesas com aluguel para estudantes de outros munic\u00edpios ou com dificuldade de translado di\u00e1rio.<\/li>\n\n\n\n<li><strong>Aux\u00edlio Material Acad\u00eamico:<\/strong>&nbsp;para custeio de material acad\u00eamico (\u00fanico e anual).<\/li>\n\n\n\n<li><strong>Aux\u00edlio C\u00f3pia e Impress\u00e3o:<\/strong>&nbsp;para reprodu\u00e7\u00e3o e\/ou impress\u00e3o de material de uso acad\u00eamico.<\/li>\n\n\n\n<li><strong>Aux\u00edlio Perman\u00eancia:<\/strong>&nbsp;para estudantes em situa\u00e7\u00e3o de vulnerabilidade que n\u00e3o se enquadram nos demais aux\u00edlios.<\/li>\n\n\n\n<li><strong>Aux\u00edlio PROEJA:<\/strong>&nbsp;para estudantes do Proeja T\u00e9cnico ou de Forma\u00e7\u00e3o Inicial e Continuada (FIC).<\/li>\n\n\n\n<li><strong>Aux\u00edlio Creche:<\/strong>&nbsp;para estudantes pais, m\u00e3es ou respons\u00e1veis legais por crian\u00e7as de at\u00e9 5 anos, 11 meses e 29 dias ou de pessoa com defici\u00eancia.<\/li>\n\n\n\n<li><strong>Aux\u00edlio Alimenta\u00e7\u00e3o:<\/strong>&nbsp;para custear despesas com alimenta\u00e7\u00e3o durante o per\u00edodo letivo.<\/li>\n\n\n\n<li><strong>Aux\u00edlio Transporte:<\/strong>&nbsp;para custear despesas com transporte.<\/li>\n\n\n\n<li><strong>Aux\u00edlio Uniforme:<\/strong>&nbsp;para custeio de uniforme escolar (\u00fanico e anual).<\/li>\n<\/ul>\n\n\n\n<p><strong>Informa\u00e7\u00f5es sobre as inscri\u00e7\u00f5es e etapas do processo seletivo<\/strong><\/p>\n\n\n\n<p>As inscri\u00e7\u00f5es ser\u00e3o realizadas exclusivamente atrav\u00e9s do e-mail&nbsp;<a rel=\"noreferrer noopener\" href=\"https:\/\/www.google.com\/url?sa=E&amp;q=mailto%3Aclae%40si.ifbaiano.edu.br\" target=\"_blank\">clae@si.ifbaiano.edu.br<\/a>, no per\u00edodo de 21 de mar\u00e7o a 25 de abril de 2025, conforme cronograma detalhado no edital. O processo seletivo ser\u00e1 realizado em duas etapas: an\u00e1lise de crit\u00e9rios socioecon\u00f4micos e entrevista social. Podem se inscrever estudantes regularmente matriculados nos cursos de n\u00edvel m\u00e9dio ou gradua\u00e7\u00e3o do Campus Santa In\u00eas, que possuam renda familiar per capita de at\u00e9 um sal\u00e1rio m\u00ednimo vigente.<\/p>\n\n\n\n<p><strong>Cronograma importante:<\/strong><\/p>\n\n\n\n<ul>\n<li><strong>Publica\u00e7\u00e3o\/Divulga\u00e7\u00e3o do Edital:<\/strong>&nbsp;18\/03\/2024<\/li>\n\n\n\n<li><strong>Prazo para impugna\u00e7\u00e3o ao Edital:<\/strong>&nbsp;19\/03\/2025<\/li>\n\n\n\n<li><strong>Per\u00edodo de inscri\u00e7\u00e3o:<\/strong>&nbsp;21\/03 a 25\/04\/2025<\/li>\n<\/ul>\n\n\n\n<p>O edital completo, com todos os detalhes sobre os crit\u00e9rios de sele\u00e7\u00e3o, documentos necess\u00e1rios e valores dos aux\u00edlios, est\u00e1 dispon\u00edvel nesta p\u00e1gina e no <a href=\"https:\/\/concurso.ifbaiano.edu.br\/portal\/paise-santa-ines-marco-2025\/\">Portal do IF Baiano<\/a>. \u00c9 fundamental que os interessados leiam atentamente o edital e providenciem a documenta\u00e7\u00e3o exigida.<\/p>\n\n\n\n<p>O PAISE \u00e9 uma importante ferramenta para garantir a igualdade de oportunidades e o sucesso acad\u00eamico dos estudantes do IF Baiano &#8211; Campus Santa In\u00eas. N\u00e3o perca essa chance de fazer a diferen\u00e7a em sua trajet\u00f3ria!<\/p>\n\n\n\n<p><strong>Editais e Documentos<\/strong><\/p>\n\n\n\n<ul>\n<li><a rel=\"noreferrer noopener\" href=\"https:\/\/concurso.ifbaiano.edu.br\/portal\/paise-santa-ines-marco-2025\/wp-content\/uploads\/sites\/1166\/2025\/03\/Edital-PAISE-2025.pdf\" target=\"_blank\">Edital n\u00ba 09<\/a><\/li>\n\n\n\n<li><a href=\"https:\/\/www.ifbaiano.edu.br\/unidades\/santaines\/files\/2025\/03\/FORMULARIO-DE-INSCRICAO.pdf\">Formul\u00e1rio de Inscri\u00e7\u00e3o<\/a><\/li>\n\n\n\n<li><a href=\"https:\/\/www.ifbaiano.edu.br\/unidades\/santaines\/files\/2025\/03\/FORMULARIO-DE-INTERPOSICAO-DE-RECURSO.pdf\">Formul\u00e1rio para interposi\u00e7\u00e3o de recurso<\/a><\/li>\n\n\n\n<li><a href=\"https:\/\/www.ifbaiano.edu.br\/unidades\/santaines\/files\/2025\/03\/TERMO-DE-COMPROMISSO.pdf\">Termo de Compromisso<\/a><\/li>\n\n\n\n<li><a href=\"https:\/\/forms.gle\/AQyugPzevNZZPd1s5\">Formul\u00e1rio Servi\u00e7o Social<\/a> &#8211; Clique e abra o formul\u00e1rio em seu navegador. O question\u00e1rio \u00e9 de preenchimento obrigat\u00f3rio APENAS para estudantes ingressantes 2025.<\/li>\n<\/ul>\n\n\n\n<hr class=\"wp-block-separator has-alpha-channel-opacity\" \/>\n","protected":false},"excerpt":{"rendered":"<p>O Instituto Federal Baiano &#8211; Campus Santa In\u00eas torna p\u00fablico o Edital de Fluxo Cont\u00ednuo do Programa de Assist\u00eancia e Inclus\u00e3o Social do Estudante (PAISE), que estabelece normas e crit\u00e9rios para sele\u00e7\u00e3o de estudantes em vulnerabilidade socioecon\u00f4mica. O objetivo \u00e9 garantir a participa\u00e7\u00e3o na Pol\u00edtica de Assist\u00eancia Estudantil, contribuindo para o bem-estar biopsicossocial, a perman\u00eancia [&hellip;]<\/p>\n","protected":false},"author":86,"featured_media":23346,"comment_status":"closed","ping_status":"closed","sticky":false,"template":"","format":"standard","meta":[],"categories":[4,38,12,13,5,57],"tags":[],"_links":{"self":[{"href":"https:\/\/www.ifbaiano.edu.br\/unidades\/santaines\/wp-json\/wp\/v2\/posts\/23344"}],"collection":[{"href":"https:\/\/www.ifbaiano.edu.br\/unidades\/santaines\/wp-json\/wp\/v2\/posts"}],"about":[{"href":"https:\/\/www.ifbaiano.edu.br\/unidades\/santaines\/wp-json\/wp\/v2\/types\/post"}],"author":[{"embeddable":true,"href":"https:\/\/www.ifbaiano.edu.br\/unidades\/santaines\/wp-json\/wp\/v2\/users\/86"}],"replies":[{"embeddable":true,"href":"https:\/\/www.ifbaiano.edu.br\/unidades\/santaines\/wp-json\/wp\/v2\/comments?post=23344"}],"version-history":[{"count":8,"href":"https:\/\/www.ifbaiano.edu.br\/unidades\/santaines\/wp-json\/wp\/v2\/posts\/23344\/revisions"}],"predecessor-version":[{"id":23456,"href":"https:\/\/www.ifbaiano.edu.br\/unidades\/santaines\/wp-json\/wp\/v2\/posts\/23344\/revisions\/23456"}],"wp:featuredmedia":[{"embeddable":true,"href":"https:\/\/www.ifbaiano.edu.br\/unidades\/santaines\/wp-json\/wp\/v2\/media\/23346"}],"wp:attachment":[{"href":"https:\/\/www.ifbaiano.edu.br\/unidades\/santaines\/wp-json\/wp\/v2\/media?parent=23344"}],"wp:term":[{"taxonomy":"category","embeddable":true,"href":"https:\/\/www.ifbaiano.edu.br\/unidades\/santaines\/wp-json\/wp\/v2\/categories?post=23344"},{"taxonomy":"post_tag","embeddable":true,"href":"https:\/\/www.ifbaiano.edu.br\/unidades\/santaines\/wp-json\/wp\/v2\/tags?post=23344"}],"curies":[{"name":"wp","href":"https:\/\/api.w.org\/{rel}","templated":true}]}}