{"id":23353,"date":"2025-03-17T20:31:49","date_gmt":"2025-03-17T23:31:49","guid":{"rendered":"https:\/\/www.ifbaiano.edu.br\/unidades\/santaines\/?p=23353"},"modified":"2025-03-17T20:31:51","modified_gmt":"2025-03-17T23:31:51","slug":"if-baiano-promove-bate-papo-sobre-as-mudancas-no-ensino-medio-e-seus-impactos-no-curriculo-integrado","status":"publish","type":"post","link":"https:\/\/www.ifbaiano.edu.br\/unidades\/santaines\/if-baiano-promove-bate-papo-sobre-as-mudancas-no-ensino-medio-e-seus-impactos-no-curriculo-integrado\/","title":{"rendered":"IF Baiano promove bate-papo sobre as mudan\u00e7as no Ensino M\u00e9dio e seus impactos no curr\u00edculo integrado"},"content":{"rendered":"\n<p>&nbsp;Pr\u00f3-Reitoria de Ensino (Proen) do IF Baiano realizar\u00e1, no pr\u00f3ximo 26 de mar\u00e7o, \u00e0s 14h30, o bate-papo on-line&nbsp;<em>\u201cAs mudan\u00e7as no Ensino M\u00e9dio e seus impactos no curr\u00edculo integrado do IF Baiano\u201d<\/em>. O evento ser\u00e1 conduzido pela pedagoga Priscila Fonseca, mestra em Educa\u00e7\u00e3o Profissional e Tecnol\u00f3gica pelo PROFEPT\/IFBA, e ser\u00e1 transmitido pela canal da Proen no YouTube.<\/p>\n\n\n\n<p>O bate-papo abordar\u00e1 temas como os conceitos de Ensino M\u00e9dio Integrado e Curr\u00edculo Integrado, os impactos das&nbsp;<em>Leis n\u00ba 13.415\/17 e 14.945\/24<\/em>, e a atualiza\u00e7\u00e3o das&nbsp;<em>Diretrizes Curriculares Nacionais para o Ensino M\u00e9dio (Resolu\u00e7\u00e3o CNE\/CEB n\u00ba 2\/2024)<\/em>. Al\u00e9m disso, ser\u00e3o analisadas as mudan\u00e7as no curr\u00edculo dos cursos do IF Baiano e os desafios dessa adapta\u00e7\u00e3o.<\/p>\n\n\n\n<p><strong>Reflex\u00f5es sobre a nova legisla\u00e7\u00e3o<\/strong><\/p>\n\n\n\n<p>Priscila Fonseca destacou que a Lei n\u00ba 14.945\/24 trouxe alguns avan\u00e7os em rela\u00e7\u00e3o \u00e0 legisla\u00e7\u00e3o anterior, mas ainda apresenta desafios significativos. \u201c<em>A Lei n\u00ba 14.945<\/em>&nbsp;suaviza os problemas da contrarreforma, mas mant\u00e9m muitos dos seus problemas.\u201d, afirmou.<\/p>\n\n\n\n<p>Segundo a pedagoga, a legisla\u00e7\u00e3o surgiu em resposta \u00e0 press\u00e3o social pela revoga\u00e7\u00e3o da Lei n\u00ba 13.415\/17, que gerou debates sobre a organiza\u00e7\u00e3o do Ensino M\u00e9dio. No entanto, ela ressalta que a mudan\u00e7a n\u00e3o representa uma transforma\u00e7\u00e3o completa, pois mant\u00e9m a fragmenta\u00e7\u00e3o do curr\u00edculo e a redu\u00e7\u00e3o da forma\u00e7\u00e3o geral.<\/p>\n\n\n\n<p><strong>Acompanhamento das mudan\u00e7as pela Proen<\/strong><\/p>\n\n\n\n<p>Desde a san\u00e7\u00e3o da&nbsp;<em>Lei n\u00ba 14.9452\/4<\/em>, a Proen tem se dedicado a monitorar as mudan\u00e7as e adaptar os curr\u00edculos dos cursos integrados. A equipe realizou diversas reuni\u00f5es com os diretores acad\u00eamicos e participou das jornadas pedag\u00f3gicas nos campi de Bom Jesus da Lapa e Itaberaba. Agora, o evento amplia o di\u00e1logo para toda a comunidade acad\u00eamica, buscando envolver servidores na constru\u00e7\u00e3o de um curr\u00edculo alinhado \u00e0s novas diretrizes<\/p>\n\n\n\n<figure class=\"wp-block-image\"><img decoding=\"async\" src=\"https:\/\/ifbaiano.edu.br\/portal\/wp-content\/uploads\/2025\/03\/7055-card-bate-papo-online-proen-12-03-20251-819x1024.webp\" alt=\"\" class=\"wp-image-34602\" \/><\/figure>\n\n\n\n<hr class=\"wp-block-separator has-alpha-channel-opacity\" \/>\n","protected":false},"excerpt":{"rendered":"<p>&nbsp;Pr\u00f3-Reitoria de Ensino (Proen) do IF Baiano realizar\u00e1, no pr\u00f3ximo 26 de mar\u00e7o, \u00e0s 14h30, o bate-papo on-line&nbsp;\u201cAs mudan\u00e7as no Ensino M\u00e9dio e seus impactos no curr\u00edculo integrado do IF Baiano\u201d. O evento ser\u00e1 conduzido pela pedagoga Priscila Fonseca, mestra em Educa\u00e7\u00e3o Profissional e Tecnol\u00f3gica pelo PROFEPT\/IFBA, e ser\u00e1 transmitido pela canal da Proen no [&hellip;]<\/p>\n","protected":false},"author":86,"featured_media":23354,"comment_status":"closed","ping_status":"closed","sticky":false,"template":"","format":"standard","meta":[],"categories":[4,10,57],"tags":[],"_links":{"self":[{"href":"https:\/\/www.ifbaiano.edu.br\/unidades\/santaines\/wp-json\/wp\/v2\/posts\/23353"}],"collection":[{"href":"https:\/\/www.ifbaiano.edu.br\/unidades\/santaines\/wp-json\/wp\/v2\/posts"}],"about":[{"href":"https:\/\/www.ifbaiano.edu.br\/unidades\/santaines\/wp-json\/wp\/v2\/types\/post"}],"author":[{"embeddable":true,"href":"https:\/\/www.ifbaiano.edu.br\/unidades\/santaines\/wp-json\/wp\/v2\/users\/86"}],"replies":[{"embeddable":true,"href":"https:\/\/www.ifbaiano.edu.br\/unidades\/santaines\/wp-json\/wp\/v2\/comments?post=23353"}],"version-history":[{"count":1,"href":"https:\/\/www.ifbaiano.edu.br\/unidades\/santaines\/wp-json\/wp\/v2\/posts\/23353\/revisions"}],"predecessor-version":[{"id":23355,"href":"https:\/\/www.ifbaiano.edu.br\/unidades\/santaines\/wp-json\/wp\/v2\/posts\/23353\/revisions\/23355"}],"wp:featuredmedia":[{"embeddable":true,"href":"https:\/\/www.ifbaiano.edu.br\/unidades\/santaines\/wp-json\/wp\/v2\/media\/23354"}],"wp:attachment":[{"href":"https:\/\/www.ifbaiano.edu.br\/unidades\/santaines\/wp-json\/wp\/v2\/media?parent=23353"}],"wp:term":[{"taxonomy":"category","embeddable":true,"href":"https:\/\/www.ifbaiano.edu.br\/unidades\/santaines\/wp-json\/wp\/v2\/categories?post=23353"},{"taxonomy":"post_tag","embeddable":true,"href":"https:\/\/www.ifbaiano.edu.br\/unidades\/santaines\/wp-json\/wp\/v2\/tags?post=23353"}],"curies":[{"name":"wp","href":"https:\/\/api.w.org\/{rel}","templated":true}]}}