{"id":23443,"date":"2025-03-20T10:56:12","date_gmt":"2025-03-20T13:56:12","guid":{"rendered":"https:\/\/www.ifbaiano.edu.br\/unidades\/santaines\/?p=23443"},"modified":"2025-03-20T10:56:13","modified_gmt":"2025-03-20T13:56:13","slug":"agentes-de-transformacao-novo-episodio-do-somos-mulheres-no-if-baiano-destaca-projetos-em-educacao-voltados-para-mulheres","status":"publish","type":"post","link":"https:\/\/www.ifbaiano.edu.br\/unidades\/santaines\/agentes-de-transformacao-novo-episodio-do-somos-mulheres-no-if-baiano-destaca-projetos-em-educacao-voltados-para-mulheres\/","title":{"rendered":"Agentes de Transforma\u00e7\u00e3o: Novo epis\u00f3dio do \u201cSomos Mulheres no IF Baiano\u201d destaca projetos em educa\u00e7\u00e3o voltados para mulheres"},"content":{"rendered":"\n<p>O programa \u201cSomos Mulheres no IF Baiano\u201d apresenta seu segundo epis\u00f3dio, dando continuidade \u00e0s celebra\u00e7\u00f5es do Dia Internacional da Mulher. Apresentado pela jornalista Rhamayana Barreto, da Diretoria de Comunica\u00e7\u00e3o do IF Baiano, o epis\u00f3dio convida para um di\u00e1logo com as servidoras Uilma Reis e Eneida Alves Rios, que compartilham suas experi\u00eancias e projetos que impactam positivamente a comunidade feminina.<\/p>\n\n\n\n<p>Uilma Reis, coordenadora geral de qualifica\u00e7\u00e3o profissional na Pr\u00f3-Reitoria de Extens\u00e3o, apresenta o \u201cPrograma Mulheres Mil\u201d, uma iniciativa que qualifica mulheres em situa\u00e7\u00e3o de vulnerabilidade social. Em Salvador, o programa atende m\u00e3es de alunos de escola p\u00fablica, na periferia da cidade, no bairro de S\u00e3o Caetano, oferecendo um curso na \u00e1rea de Produ\u00e7\u00e3o de Salgados, que combina habilidades t\u00e9cnicas e desenvolvimento humano, abordando temas como direitos das mulheres e marketing digital. \u201cO IF Baiano chega nessa comunidade trazendo uma novidade, uma novidade atrav\u00e9s do conhecimento e a educa\u00e7\u00e3o realmente transformando vidas\u201d, destaca Uilma.<\/p>\n\n\n\n<p>Eneida Alves Rios, professora de Inform\u00e1tica do Campus Catu, compartilha a experi\u00eancia do projeto \u201cMarias na Computa\u00e7\u00e3o\u201d, que busca despertar o interesse de meninas e mulheres pela \u00e1rea de Tecnologia da Informa\u00e7\u00e3o. Com atividades em rob\u00f3tica, desenvolvimento de aplicativos m\u00f3veis e intelig\u00eancia artificial, o projeto busca inspirar futuras l\u00edderes na \u00e1rea da tecnologia. \u201c\u00c9 uma possibilidade de voc\u00ea estar trabalhando em prol dessa equidade, n\u00e9? E eu acho super interessante voc\u00ea estar promovendo a\u00e7\u00f5es dentro do campo da \u00e1rea da ci\u00eancia e da tecnologia para essa mulher se enxergar nesse lugar\u201d, afirma Eneida.<\/p>\n\n\n\n<p>As convidadas ressaltam a import\u00e2ncia de projetos voltados para mulheres e a necessidade de criar oportunidades para combater a desigualdade de g\u00eanero. A discuss\u00e3o refor\u00e7a o compromisso do IF Baiano com a equidade e o empoderamento feminino, destacando a relev\u00e2ncia de agentes de transforma\u00e7\u00e3o na educa\u00e7\u00e3o e na sociedade.<\/p>\n\n\n\n<p>O novo epis\u00f3dio de \u201cSomos Mulheres no IF Baiano\u201d est\u00e1 dispon\u00edvel no canal\u00a0<a href=\"https:\/\/www.youtube.com\/@TVBemBaiano\">TV Bem Baiano<\/a>, no YouTube.<\/p>\n\n\n\n<hr class=\"wp-block-separator has-alpha-channel-opacity\" \/>\n","protected":false},"excerpt":{"rendered":"<p>O programa \u201cSomos Mulheres no IF Baiano\u201d apresenta seu segundo epis\u00f3dio, dando continuidade \u00e0s celebra\u00e7\u00f5es do Dia Internacional da Mulher. Apresentado pela jornalista Rhamayana Barreto, da Diretoria de Comunica\u00e7\u00e3o do IF Baiano, o epis\u00f3dio convida para um di\u00e1logo com as servidoras Uilma Reis e Eneida Alves Rios, que compartilham suas experi\u00eancias e projetos que impactam [&hellip;]<\/p>\n","protected":false},"author":86,"featured_media":23444,"comment_status":"closed","ping_status":"closed","sticky":false,"template":"","format":"standard","meta":[],"categories":[4,5,57],"tags":[],"_links":{"self":[{"href":"https:\/\/www.ifbaiano.edu.br\/unidades\/santaines\/wp-json\/wp\/v2\/posts\/23443"}],"collection":[{"href":"https:\/\/www.ifbaiano.edu.br\/unidades\/santaines\/wp-json\/wp\/v2\/posts"}],"about":[{"href":"https:\/\/www.ifbaiano.edu.br\/unidades\/santaines\/wp-json\/wp\/v2\/types\/post"}],"author":[{"embeddable":true,"href":"https:\/\/www.ifbaiano.edu.br\/unidades\/santaines\/wp-json\/wp\/v2\/users\/86"}],"replies":[{"embeddable":true,"href":"https:\/\/www.ifbaiano.edu.br\/unidades\/santaines\/wp-json\/wp\/v2\/comments?post=23443"}],"version-history":[{"count":1,"href":"https:\/\/www.ifbaiano.edu.br\/unidades\/santaines\/wp-json\/wp\/v2\/posts\/23443\/revisions"}],"predecessor-version":[{"id":23445,"href":"https:\/\/www.ifbaiano.edu.br\/unidades\/santaines\/wp-json\/wp\/v2\/posts\/23443\/revisions\/23445"}],"wp:featuredmedia":[{"embeddable":true,"href":"https:\/\/www.ifbaiano.edu.br\/unidades\/santaines\/wp-json\/wp\/v2\/media\/23444"}],"wp:attachment":[{"href":"https:\/\/www.ifbaiano.edu.br\/unidades\/santaines\/wp-json\/wp\/v2\/media?parent=23443"}],"wp:term":[{"taxonomy":"category","embeddable":true,"href":"https:\/\/www.ifbaiano.edu.br\/unidades\/santaines\/wp-json\/wp\/v2\/categories?post=23443"},{"taxonomy":"post_tag","embeddable":true,"href":"https:\/\/www.ifbaiano.edu.br\/unidades\/santaines\/wp-json\/wp\/v2\/tags?post=23443"}],"curies":[{"name":"wp","href":"https:\/\/api.w.org\/{rel}","templated":true}]}}