{"id":23451,"date":"2025-03-20T11:24:32","date_gmt":"2025-03-20T14:24:32","guid":{"rendered":"https:\/\/www.ifbaiano.edu.br\/unidades\/santaines\/?p=23451"},"modified":"2025-03-20T11:24:33","modified_gmt":"2025-03-20T14:24:33","slug":"estudantes-dos-institutos-federais-podem-se-inscrever-no-programa-salvaguarda-ate-20-de-marco","status":"publish","type":"post","link":"https:\/\/www.ifbaiano.edu.br\/unidades\/santaines\/estudantes-dos-institutos-federais-podem-se-inscrever-no-programa-salvaguarda-ate-20-de-marco\/","title":{"rendered":"Estudantes dos institutos federais podem se inscrever no programa Salvaguarda at\u00e9 20 de mar\u00e7o"},"content":{"rendered":"\n<p>At\u00e9 o dia 20 de mar\u00e7o, estudantes de ensino m\u00e9dio da Rede Federal Educa\u00e7\u00e3o Profissional, Cient\u00edfica e Tecnol\u00f3gica poder\u00e3o fazer as inscri\u00e7\u00f5es no Salvaguarda \u2013 um programa social sem fins lucrativos que tem como objetivo contribuir com a forma\u00e7\u00e3o suplementar de estudantes de todo o pa\u00eds.<\/p>\n\n\n\n<p>Fundado em 2017, o Salvaguarda oferece, de forma gratuita e online, suporte pedag\u00f3gico como corre\u00e7\u00e3o de reda\u00e7\u00f5es, tutoriais, monitorias, orienta\u00e7\u00e3o profissional, simulados e tamb\u00e9m disponibiliza informa\u00e7\u00f5es e conte\u00fados.<\/p>\n\n\n\n<p>Desta vez, ser\u00e3o ofertadas 50 mil vagas para estudantes de Ensino M\u00e9dio da rede p\u00fablica \u2013 a partir do primeiro ano desse n\u00edvel de ensino. N\u00e3o h\u00e1 taxa de inscri\u00e7\u00e3o ou mensalidade.<\/p>\n\n\n\n<p><strong>Sobre o programa<\/strong><\/p>\n\n\n\n<p>O Salvaguarda foi fundado e idealizado por Vin\u00edcius de Andrade, egresso do curso de gradua\u00e7\u00e3o em economia da Universidade de S\u00e3o Paulo (USP) e mestrando em pol\u00edticas p\u00fablicas pela Universidade Federal do Rio de Janeiro (UFRJ).<\/p>\n\n\n\n<p>N\u00e3o se trata de um cursinho social tradicional cujo foco \u00e9 na oferta de aulas. A metodologia proposta consiste na ado\u00e7\u00e3o de um atendimento humanizado e personalizado para o estudante e se pauta na integra\u00e7\u00e3o nacional promovida entre ele e a rede volunt\u00e1ria do programa, composta por mais de 1.400 membros oriundos de todas as universidades p\u00fablicas do pa\u00eds.<\/p>\n\n\n\n<p>Para mais informa\u00e7\u00f5es e realizar as inscri\u00e7\u00f5es acesse&nbsp;<a href=\"https:\/\/programasalvaguarda.com.br\/\">aqui<\/a>.<\/p>\n\n\n\n<p>\u2013<\/p>\n\n\n\n<p><em>Com informa\u00e7\u00f5es da Diretoria de Comunica\u00e7\u00e3o do Conif<\/em><\/p>\n\n\n\n<hr class=\"wp-block-separator has-alpha-channel-opacity\" \/>\n","protected":false},"excerpt":{"rendered":"<p>Programa oferece suporte pedag\u00f3gico para estudantes do Ensino M\u00e9dio da rede p\u00fablica<\/p>\n","protected":false},"author":86,"featured_media":0,"comment_status":"closed","ping_status":"closed","sticky":false,"template":"","format":"standard","meta":[],"categories":[4,57],"tags":[],"_links":{"self":[{"href":"https:\/\/www.ifbaiano.edu.br\/unidades\/santaines\/wp-json\/wp\/v2\/posts\/23451"}],"collection":[{"href":"https:\/\/www.ifbaiano.edu.br\/unidades\/santaines\/wp-json\/wp\/v2\/posts"}],"about":[{"href":"https:\/\/www.ifbaiano.edu.br\/unidades\/santaines\/wp-json\/wp\/v2\/types\/post"}],"author":[{"embeddable":true,"href":"https:\/\/www.ifbaiano.edu.br\/unidades\/santaines\/wp-json\/wp\/v2\/users\/86"}],"replies":[{"embeddable":true,"href":"https:\/\/www.ifbaiano.edu.br\/unidades\/santaines\/wp-json\/wp\/v2\/comments?post=23451"}],"version-history":[{"count":1,"href":"https:\/\/www.ifbaiano.edu.br\/unidades\/santaines\/wp-json\/wp\/v2\/posts\/23451\/revisions"}],"predecessor-version":[{"id":23452,"href":"https:\/\/www.ifbaiano.edu.br\/unidades\/santaines\/wp-json\/wp\/v2\/posts\/23451\/revisions\/23452"}],"wp:attachment":[{"href":"https:\/\/www.ifbaiano.edu.br\/unidades\/santaines\/wp-json\/wp\/v2\/media?parent=23451"}],"wp:term":[{"taxonomy":"category","embeddable":true,"href":"https:\/\/www.ifbaiano.edu.br\/unidades\/santaines\/wp-json\/wp\/v2\/categories?post=23451"},{"taxonomy":"post_tag","embeddable":true,"href":"https:\/\/www.ifbaiano.edu.br\/unidades\/santaines\/wp-json\/wp\/v2\/tags?post=23451"}],"curies":[{"name":"wp","href":"https:\/\/api.w.org\/{rel}","templated":true}]}}