{"id":2347,"date":"2012-09-21T13:21:46","date_gmt":"2012-09-21T16:21:46","guid":{"rendered":"http:\/\/www.ifbaiano.edu.br\/unidades\/santaines\/?p=2347"},"modified":"2012-09-21T13:23:12","modified_gmt":"2012-09-21T16:23:12","slug":"distribuicao-dos-livros-didaticos-2012-2","status":"publish","type":"post","link":"https:\/\/www.ifbaiano.edu.br\/unidades\/santaines\/distribuicao-dos-livros-didaticos-2012-2\/","title":{"rendered":"Distribui\u00e7\u00e3o dos livros did\u00e1ticos 2012"},"content":{"rendered":"<p>Divulgada as datas de entrega para os alunos que n\u00e3o receberam os livros did\u00e1ticos. Confira\u00a0<span style=\"color: #0000ff\"><a href=\"http:\/\/bibliotecaifbaiano-santaines.blogspot.com.br\/2012\/09\/distribuicao-dos-livros-didaticos.html\" target=\"_blank\"><span style=\"color: #0000ff\">aqui<\/span><\/a><\/span><\/p>\n<p>&nbsp;<\/p>\n","protected":false},"excerpt":{"rendered":"<p>Divulgada as datas de entrega para os alunos que n\u00e3o receberam os livros did\u00e1ticos. Confira\u00a0aqui &nbsp;<\/p>\n","protected":false},"author":26,"featured_media":0,"comment_status":"closed","ping_status":"closed","sticky":false,"template":"","format":"standard","meta":[],"categories":[10],"tags":[],"_links":{"self":[{"href":"https:\/\/www.ifbaiano.edu.br\/unidades\/santaines\/wp-json\/wp\/v2\/posts\/2347"}],"collection":[{"href":"https:\/\/www.ifbaiano.edu.br\/unidades\/santaines\/wp-json\/wp\/v2\/posts"}],"about":[{"href":"https:\/\/www.ifbaiano.edu.br\/unidades\/santaines\/wp-json\/wp\/v2\/types\/post"}],"author":[{"embeddable":true,"href":"https:\/\/www.ifbaiano.edu.br\/unidades\/santaines\/wp-json\/wp\/v2\/users\/26"}],"replies":[{"embeddable":true,"href":"https:\/\/www.ifbaiano.edu.br\/unidades\/santaines\/wp-json\/wp\/v2\/comments?post=2347"}],"version-history":[{"count":3,"href":"https:\/\/www.ifbaiano.edu.br\/unidades\/santaines\/wp-json\/wp\/v2\/posts\/2347\/revisions"}],"predecessor-version":[{"id":2351,"href":"https:\/\/www.ifbaiano.edu.br\/unidades\/santaines\/wp-json\/wp\/v2\/posts\/2347\/revisions\/2351"}],"wp:attachment":[{"href":"https:\/\/www.ifbaiano.edu.br\/unidades\/santaines\/wp-json\/wp\/v2\/media?parent=2347"}],"wp:term":[{"taxonomy":"category","embeddable":true,"href":"https:\/\/www.ifbaiano.edu.br\/unidades\/santaines\/wp-json\/wp\/v2\/categories?post=2347"},{"taxonomy":"post_tag","embeddable":true,"href":"https:\/\/www.ifbaiano.edu.br\/unidades\/santaines\/wp-json\/wp\/v2\/tags?post=2347"}],"curies":[{"name":"wp","href":"https:\/\/api.w.org\/{rel}","templated":true}]}}