{"id":23509,"date":"2025-03-24T16:44:42","date_gmt":"2025-03-24T19:44:42","guid":{"rendered":"https:\/\/www.ifbaiano.edu.br\/unidades\/santaines\/?p=23509"},"modified":"2025-03-24T16:44:43","modified_gmt":"2025-03-24T19:44:43","slug":"partiu-if-inscricoes-abertas-para-cursinho-preparatorio-para-ingresso-nos-institutos-federais","status":"publish","type":"post","link":"https:\/\/www.ifbaiano.edu.br\/unidades\/santaines\/partiu-if-inscricoes-abertas-para-cursinho-preparatorio-para-ingresso-nos-institutos-federais\/","title":{"rendered":"Partiu IF: inscri\u00e7\u00f5es abertas para cursinho preparat\u00f3rio para ingresso nos institutos federais"},"content":{"rendered":"\n<p>Est\u00e3o abertas as inscri\u00e7\u00f5es para a sele\u00e7\u00e3o de estudantes que ir\u00e3o participar do curso preparat\u00f3rio do Partiu IF \u2013 Programa Nacional de Promo\u00e7\u00e3o de Igualdade de Oportunidades para Acesso de Estudantes da Rede P\u00fablica de Ensino \u00e0 Rede Federal de Educa\u00e7\u00e3o Profissional, Cient\u00edfica e Tecnol\u00f3gica, da qual o IF Baiano faz parte.<\/p>\n\n\n\n<p>Interessados podem se inscrever&nbsp;<strong>a partir de hoje, 24, at\u00e9 o dia 30 de mar\u00e7o<\/strong>.&nbsp;<\/p>\n\n\n\n<p>S\u00e3o 560 vagas dispon\u00edveis, distribu\u00eddas entre 14 unidades do IF Baiano, sendo 40 vagas para cada&nbsp;<em>campus<\/em>. Para se inscrever, candidatos precisam estar matriculados no 9\u00ba ano do Ensino Fundamental em escolas da rede p\u00fablica de ensino e fazer parte dos grupos priorit\u00e1rios da Lei n\u00ba 12.711\/2012.<\/p>\n\n\n\n<p>Link do formul\u00e1rio de inscri\u00e7\u00e3o est\u00e1 dispon\u00edvel&nbsp;<a href=\"https:\/\/concurso.ifbaiano.edu.br\/portal\/selecao-estudantes-partiuif-marco-2025\/\" target=\"_blank\" rel=\"noreferrer noopener\">nesta p\u00e1gina<\/a>.&nbsp;<\/p>\n\n\n\n<h3 class=\"wp-block-heading\"><strong>Como ser\u00e1 o curso?<\/strong><\/h3>\n\n\n\n<p>O cursinho Partiu IF ser\u00e1 presencial, com in\u00edcio das aulas previsto para 14 de abril de 2025 e dura\u00e7\u00e3o de oito meses, totalizando 320 horas. A grade curricular incluir\u00e1 disciplinas de forma\u00e7\u00e3o b\u00e1sica (L\u00edngua Portuguesa, Matem\u00e1tica, Ci\u00eancias da Natureza) e forma\u00e7\u00e3o suplementar (pr\u00e1ticas complementares). O cronograma de aulas ser\u00e1 definido por cada&nbsp;<em>campus<\/em>.<\/p>\n\n\n\n<p>Confira no&nbsp;<a href=\"https:\/\/concurso.ifbaiano.edu.br\/portal\/selecao-estudantes-partiuif-marco-2025\/wp-content\/uploads\/sites\/1170\/2025\/03\/Edital-n%C2%B0-50-de-21-de-marco-de-2025.pdf\" target=\"_blank\" rel=\"noreferrer noopener\">edital<\/a>&nbsp;os dias da semana que em as aulas ser\u00e3o ministradas em cada campus. Saiba mais&nbsp;<a href=\"https:\/\/ifbaiano.edu.br\/portal\/blog\/partiu-if-entenda-como-sera-o-cursinho-preparatorio-para-ingresso-no-if-baiano\/\">aqui&nbsp;<\/a>sobre os conte\u00fados do curso.<\/p>\n\n\n\n<h3 class=\"wp-block-heading\"><strong>Requisitos<\/strong><\/h3>\n\n\n\n<p>O Partiu IF \u00e9 um programa voltado exclusivamente para estudantes pertencentes a grupos priorit\u00e1rios, conforme definido na Lei n\u00ba 12.711\/2012. Para participar, o candidato deve atender algum dos crit\u00e9rios:<\/p>\n\n\n\n<ul>\n<li>Ter cursado integralmente o ensino fundamental em escola p\u00fablica;<\/li>\n\n\n\n<li>Pertencer a uma fam\u00edlia com renda per capita de at\u00e9 um sal\u00e1rio m\u00ednimo;<\/li>\n\n\n\n<li>Ser autodeclarado preto, pardo, ind\u00edgena ou quilombola;<\/li>\n\n\n\n<li>Ser pessoa com defici\u00eancia.<\/li>\n<\/ul>\n\n\n\n<p>Al\u00e9m disso, os candidatos devem comprovar essas condi\u00e7\u00f5es por meio de documenta\u00e7\u00e3o espec\u00edfica, conforme descrito no edital.<\/p>\n\n\n\n<h3 class=\"wp-block-heading\"><strong>Sele\u00e7\u00e3o dos estudantes<\/strong><\/h3>\n\n\n\n<p>A sele\u00e7\u00e3o dos participantes ser\u00e1 feita por sorteio eletr\u00f4nico, conduzido por servidores do IF Baiano. O sorteio ser\u00e1 realizado presencialmente na reitoria do IF Baiano, em Salvador, e transmitido ao vivo pela TV Bem Baiano, canal do IF Baiano no YouTube.<\/p>\n\n\n\n<p>Os candidatos ser\u00e3o classificados em duas categorias:<\/p>\n\n\n\n<ul>\n<li>Primeira chamada: aqueles sorteados dentro do n\u00famero de vagas dispon\u00edveis;<\/li>\n\n\n\n<li>Lista de espera: candidatos n\u00e3o contemplados inicialmente, mas que poder\u00e3o ser convocados em caso de desist\u00eancia ou abertura de novas vagas.<\/li>\n<\/ul>\n\n\n\n<h3 class=\"wp-block-heading\"><strong>Ajuda de custo<\/strong><\/h3>\n\n\n\n<p>Os estudantes matriculados receber\u00e3o uma ajuda de custo de oito parcelas de R$ 200,00 cada, destinada a cobrir despesas com transporte e alimenta\u00e7\u00e3o. O pagamento est\u00e1 condicionado \u00e0 frequ\u00eancia m\u00ednima de 75% nas atividades do curso.<\/p>\n\n\n\n<p><strong>Saiba mais<\/strong>&nbsp;\u2013 Confira o edital e demais comunicados na&nbsp;<a rel=\"noreferrer noopener\" href=\"https:\/\/concurso.ifbaiano.edu.br\/portal\/selecao-estudantes-partiuif-marco-2025\/\" target=\"_blank\">p\u00e1gina oficial da Sele\u00e7\u00e3o Simplificada de Estudantes para o Partiu IF<\/a>.<\/p>\n\n\n\n<p>D\u00favidas devem ser encaminhadas por e-mail, para\u00a0<a href=\"mailto:partiuif@reitoria.ifbaiano.edu.br\">partiuif@reitoria.ifbaiano.edu.br<\/a>.<\/p>\n\n\n\n<hr class=\"wp-block-separator has-alpha-channel-opacity\" \/>\n\n\n\n<h3 class=\"wp-block-heading\">Veja tamb\u00e9m:<\/h3>\n\n\n\n<ul>\n<li><a href=\"https:\/\/ifbaiano.edu.br\/portal\/blog\/partiu-if-entenda-como-sera-o-cursinho-preparatorio-para-ingresso-no-if-baiano\/\">Partiu IF: entenda como ser\u00e1 o cursinho preparat\u00f3rio para ingresso\u2026<\/a><\/li>\n<\/ul>\n","protected":false},"excerpt":{"rendered":"<p>IF Baiano est\u00e1 ofertando 560 vagas para estudantes da rede p\u00fablica de ensino; aulas ser\u00e3o ministradas em 14 cidades baianas<\/p>\n","protected":false},"author":86,"featured_media":23348,"comment_status":"closed","ping_status":"closed","sticky":false,"template":"","format":"standard","meta":[],"categories":[4,5,57],"tags":[],"_links":{"self":[{"href":"https:\/\/www.ifbaiano.edu.br\/unidades\/santaines\/wp-json\/wp\/v2\/posts\/23509"}],"collection":[{"href":"https:\/\/www.ifbaiano.edu.br\/unidades\/santaines\/wp-json\/wp\/v2\/posts"}],"about":[{"href":"https:\/\/www.ifbaiano.edu.br\/unidades\/santaines\/wp-json\/wp\/v2\/types\/post"}],"author":[{"embeddable":true,"href":"https:\/\/www.ifbaiano.edu.br\/unidades\/santaines\/wp-json\/wp\/v2\/users\/86"}],"replies":[{"embeddable":true,"href":"https:\/\/www.ifbaiano.edu.br\/unidades\/santaines\/wp-json\/wp\/v2\/comments?post=23509"}],"version-history":[{"count":1,"href":"https:\/\/www.ifbaiano.edu.br\/unidades\/santaines\/wp-json\/wp\/v2\/posts\/23509\/revisions"}],"predecessor-version":[{"id":23510,"href":"https:\/\/www.ifbaiano.edu.br\/unidades\/santaines\/wp-json\/wp\/v2\/posts\/23509\/revisions\/23510"}],"wp:featuredmedia":[{"embeddable":true,"href":"https:\/\/www.ifbaiano.edu.br\/unidades\/santaines\/wp-json\/wp\/v2\/media\/23348"}],"wp:attachment":[{"href":"https:\/\/www.ifbaiano.edu.br\/unidades\/santaines\/wp-json\/wp\/v2\/media?parent=23509"}],"wp:term":[{"taxonomy":"category","embeddable":true,"href":"https:\/\/www.ifbaiano.edu.br\/unidades\/santaines\/wp-json\/wp\/v2\/categories?post=23509"},{"taxonomy":"post_tag","embeddable":true,"href":"https:\/\/www.ifbaiano.edu.br\/unidades\/santaines\/wp-json\/wp\/v2\/tags?post=23509"}],"curies":[{"name":"wp","href":"https:\/\/api.w.org\/{rel}","templated":true}]}}