{"id":23511,"date":"2025-03-25T11:07:21","date_gmt":"2025-03-25T14:07:21","guid":{"rendered":"https:\/\/www.ifbaiano.edu.br\/unidades\/santaines\/?p=23511"},"modified":"2025-03-25T11:07:22","modified_gmt":"2025-03-25T14:07:22","slug":"aula-aberta-no-if-baiano-explora-anatomia-e-fisiologia-da-sexualidade-humana-com-foco-nos-direitos-sexuais-e-reprodutivos","status":"publish","type":"post","link":"https:\/\/www.ifbaiano.edu.br\/unidades\/santaines\/aula-aberta-no-if-baiano-explora-anatomia-e-fisiologia-da-sexualidade-humana-com-foco-nos-direitos-sexuais-e-reprodutivos\/","title":{"rendered":"Aula Aberta no IF Baiano Explora Anatomia e Fisiologia da Sexualidade Humana com Foco nos Direitos Sexuais e Reprodutivos"},"content":{"rendered":"\n<p>O Instituto Federal Baiano &#8211; Campus Santa In\u00eas convida a comunidade acad\u00eamica e externa para uma aula aberta sobre &#8220;Anatomia e Fisiologia da Sexualidade Humana &#8211; Direitos Sexuais e Reprodutivos&#8221;, que acontecer\u00e1 no dia 10 de abril de 2025, \u00e0s 19h30, no audit\u00f3rio da biblioteca do campus.<\/p>\n\n\n\n<p>Organizado pelos estudantes da turma 2021.1 do curso de Licenciatura em Ci\u00eancias Biol\u00f3gicas, em parceria com o Geni (N\u00facleo de Estudos de G\u00eanero e Sexualidade do Campus Santa In\u00eas), e sob a orienta\u00e7\u00e3o da professora Dolores Assaritti, o evento tem como objetivo apresentar projetos sobre a tem\u00e1tica voltados para a Educa\u00e7\u00e3o B\u00e1sica.<\/p>\n\n\n\n<p><strong>Justi\u00e7a Reprodutiva e o Olhar Interseccional<\/strong><\/p>\n\n\n\n<p>Os projetos, fundamentados no conceito interseccional de Justi\u00e7a Reprodutiva, buscam ampliar o olhar sobre a sexualidade e a reprodu\u00e7\u00e3o. Essa abordagem aponta para a quest\u00e3o racial imbricada nas quest\u00f5es de g\u00eanero e classe, elementos fundamentais no exerc\u00edcio dos direitos humanos e da sa\u00fade sexual e reprodutiva.<\/p>\n\n\n\n<p><strong>Decis\u00f5es Saud\u00e1veis e Coletivas<\/strong><\/p>\n\n\n\n<p>O estudo da anatomia e da fisiologia da sexualidade humana, aliado ao trabalho educativo e pol\u00edtico sobre os direitos sexuais e reprodutivos, permite decis\u00f5es saud\u00e1veis tanto no \u00e2mbito individual quanto coletivo.<\/p>\n\n\n\n<p><strong>P\u00fablico-Alvo<\/strong><\/p>\n\n\n\n<p>O evento \u00e9 destinado a toda a comunidade acad\u00eamica e se estende \u00e0 comunidade externa, com foco especial em professoras, professores e profissionais de sa\u00fade.<\/p>\n\n\n\n<p><strong>Equipe Envolvida<\/strong><\/p>\n\n\n\n<p>A organiza\u00e7\u00e3o conta com a parceria da professora Cleomar Cabral, tamb\u00e9m coordenadora do Geni, e com a participa\u00e7\u00e3o ativa de 18 estudantes do componente curricular Anatomia e Fisiologia Humana (LCB), divididos em 4 grupos. Cada grupo apresentar\u00e1 referenciais distintos sobre a tem\u00e1tica.<\/p>\n\n\n\n<p><strong>Inscri\u00e7\u00f5es<\/strong><\/p>\n\n\n\n<p>As inscri\u00e7\u00f5es est\u00e3o abertas. Os membros da comunidade interna devem efetuar a inscri\u00e7\u00e3o no <a href=\"https:\/\/suap.ifbaiano.edu.br\/eventos\/evento\/2206\/\">Sistema SUAP<\/a> at\u00e9 o dia do evento (10\/04) e a comunidade externa ter\u00e1 a inscri\u00e7\u00e3o validada com a presen\u00e7a no dia e local do evento onde, tamb\u00e9m ter\u00e1 sua certifica\u00e7\u00e3o. <\/p>\n\n\n\n<p>N\u00e3o perca essa oportunidade de aprofundar seus conhecimentos e participar de um debate enriquecedor sobre a sexualidade humana e os direitos que a permeiam!<\/p>\n\n\n\n<hr class=\"wp-block-separator has-alpha-channel-opacity\" \/>\n","protected":false},"excerpt":{"rendered":"<p>O Instituto Federal Baiano &#8211; Campus Santa In\u00eas convida a comunidade acad\u00eamica e externa para uma aula aberta sobre &#8220;Anatomia e Fisiologia da Sexualidade Humana &#8211; Direitos Sexuais e Reprodutivos&#8221;, que acontecer\u00e1 no dia 10 de abril de 2025, \u00e0s 19h30, no audit\u00f3rio da biblioteca do campus. Organizado pelos estudantes da turma 2021.1 do curso [&hellip;]<\/p>\n","protected":false},"author":86,"featured_media":23512,"comment_status":"closed","ping_status":"closed","sticky":false,"template":"","format":"standard","meta":[],"categories":[4,19,57],"tags":[],"_links":{"self":[{"href":"https:\/\/www.ifbaiano.edu.br\/unidades\/santaines\/wp-json\/wp\/v2\/posts\/23511"}],"collection":[{"href":"https:\/\/www.ifbaiano.edu.br\/unidades\/santaines\/wp-json\/wp\/v2\/posts"}],"about":[{"href":"https:\/\/www.ifbaiano.edu.br\/unidades\/santaines\/wp-json\/wp\/v2\/types\/post"}],"author":[{"embeddable":true,"href":"https:\/\/www.ifbaiano.edu.br\/unidades\/santaines\/wp-json\/wp\/v2\/users\/86"}],"replies":[{"embeddable":true,"href":"https:\/\/www.ifbaiano.edu.br\/unidades\/santaines\/wp-json\/wp\/v2\/comments?post=23511"}],"version-history":[{"count":1,"href":"https:\/\/www.ifbaiano.edu.br\/unidades\/santaines\/wp-json\/wp\/v2\/posts\/23511\/revisions"}],"predecessor-version":[{"id":23513,"href":"https:\/\/www.ifbaiano.edu.br\/unidades\/santaines\/wp-json\/wp\/v2\/posts\/23511\/revisions\/23513"}],"wp:featuredmedia":[{"embeddable":true,"href":"https:\/\/www.ifbaiano.edu.br\/unidades\/santaines\/wp-json\/wp\/v2\/media\/23512"}],"wp:attachment":[{"href":"https:\/\/www.ifbaiano.edu.br\/unidades\/santaines\/wp-json\/wp\/v2\/media?parent=23511"}],"wp:term":[{"taxonomy":"category","embeddable":true,"href":"https:\/\/www.ifbaiano.edu.br\/unidades\/santaines\/wp-json\/wp\/v2\/categories?post=23511"},{"taxonomy":"post_tag","embeddable":true,"href":"https:\/\/www.ifbaiano.edu.br\/unidades\/santaines\/wp-json\/wp\/v2\/tags?post=23511"}],"curies":[{"name":"wp","href":"https:\/\/api.w.org\/{rel}","templated":true}]}}