{"id":23514,"date":"2025-03-26T10:25:25","date_gmt":"2025-03-26T13:25:25","guid":{"rendered":"https:\/\/www.ifbaiano.edu.br\/unidades\/santaines\/?p=23514"},"modified":"2025-04-01T14:12:51","modified_gmt":"2025-04-01T17:12:51","slug":"if-baiano-campus-santa-ines-promove-jornada-pedagogica-com-foco-em-cuidado-e-educacao-saudavel","status":"publish","type":"post","link":"https:\/\/www.ifbaiano.edu.br\/unidades\/santaines\/if-baiano-campus-santa-ines-promove-jornada-pedagogica-com-foco-em-cuidado-e-educacao-saudavel\/","title":{"rendered":"IF Baiano &#8211; Campus Santa In\u00eas Promove Jornada Pedag\u00f3gica com Foco em Cuidado e Educa\u00e7\u00e3o Saud\u00e1vel"},"content":{"rendered":"\n<p>O Instituto Federal de Educa\u00e7\u00e3o, Ci\u00eancia e Tecnologia Baiano (IF Baiano) &#8211; Campus Santa In\u00eas, realizar\u00e1 a Jornada Pedag\u00f3gica 2025 entre os dias 01 e 03 de abril. O evento, que tem como tema &#8220;Educa\u00e7\u00e3o, Cuidado e Autocuidado: planejamento e estrat\u00e9gias para uma educa\u00e7\u00e3o saud\u00e1vel&#8221;, busca promover um ambiente de aprendizado mais acolhedor e eficaz, tanto para os alunos quanto para os profissionais da institui\u00e7\u00e3o.<\/p>\n\n\n\n<p>A <a href=\"https:\/\/www.ifbaiano.edu.br\/unidades\/santaines\/files\/2025\/04\/Folder-JORNADA-Folder-2025.pdf\">programa\u00e7\u00e3o da jornada<\/a> \u00e9 diversificada e abrangente, com atividades voltadas para diferentes p\u00fablicos e interesses. No dia 01 de abril, as atividades da manh\u00e3, no audit\u00f3rio da biblioteca, incluem palestras sobre o uso da m\u00fasica como ferramenta de autocuidado, ministrada pelo cantor e mestre em Hist\u00f3ria Sinho Bernardo, e sobre sa\u00fade mental na pr\u00e1tica escolar, com a psic\u00f3loga Meirelande Barreto Rocha. \u00c0 tarde, a professora Emanuelle de Souza Silva Almeida abordar\u00e1 a inclus\u00e3o de estudantes PcDs no IF Baiano, discutindo desafios e possibilidades para a pr\u00e1tica pedag\u00f3gica.<\/p>\n\n\n\n<p>No dia 02 de abril, a manh\u00e3 ser\u00e1 dedicada a um curso de Primeiros Socorros, ministrado pelo Corpo de Bombeiros de Jequi\u00e9, e ao planejamento por curso\/colegiado. \u00c0 tarde, os coordenadores dos cursos t\u00e9cnicos se reunir\u00e3o para alinhar as atividades planejadas, evitando conflitos de datas.<\/p>\n\n\n\n<p>O \u00faltimo dia da jornada, 03 de abril, contar\u00e1 com uma viv\u00eancia sobre autocuidado e pr\u00e1ticas corporais com Lara Pugliesi, al\u00e9m de uma palestra sobre nomofobia (depend\u00eancia digital) com a psic\u00f3loga Claudim\u00e9ia Barreto. A <a href=\"https:\/\/www.ifbaiano.edu.br\/unidades\/santaines\/files\/2025\/03\/programacao-jornada-pedagogica-2025-atualizada-2.pdf\">programa\u00e7\u00e3o<\/a> tamb\u00e9m inclui apresenta\u00e7\u00f5es sobre a utiliza\u00e7\u00e3o de aparelhos eletr\u00f4nicos port\u00e1teis por estudantes, as a\u00e7\u00f5es dos n\u00facleos de estudos Afro-brasileiros e Ind\u00edgena (NEABI) e de G\u00eanero e Sexualidade (GENI), e os procedimentos para os planos de Ensino.<\/p>\n\n\n\n<p>A Jornada Pedag\u00f3gica 2025 do IF Baiano &#8211; Campus Santa In\u00eas promete ser um evento enriquecedor para todos os participantes, proporcionando momentos de reflex\u00e3o, aprendizado e troca de experi\u00eancias. Ao abordar temas relevantes para a educa\u00e7\u00e3o contempor\u00e2nea, o evento refor\u00e7a o compromisso da institui\u00e7\u00e3o com a forma\u00e7\u00e3o integral de seus alunos e o bem-estar de sua comunidade acad\u00eamica.<\/p>\n\n\n\n<hr class=\"wp-block-separator has-alpha-channel-opacity\" \/>\n","protected":false},"excerpt":{"rendered":"<p>O Instituto Federal de Educa\u00e7\u00e3o, Ci\u00eancia e Tecnologia Baiano (IF Baiano) &#8211; Campus Santa In\u00eas, realizar\u00e1 a Jornada Pedag\u00f3gica 2025 entre os dias 01 e 03 de abril. O evento, que tem como tema &#8220;Educa\u00e7\u00e3o, Cuidado e Autocuidado: planejamento e estrat\u00e9gias para uma educa\u00e7\u00e3o saud\u00e1vel&#8221;, busca promover um ambiente de aprendizado mais acolhedor e eficaz, [&hellip;]<\/p>\n","protected":false},"author":86,"featured_media":23528,"comment_status":"closed","ping_status":"closed","sticky":false,"template":"","format":"standard","meta":[],"categories":[4,5,57],"tags":[],"_links":{"self":[{"href":"https:\/\/www.ifbaiano.edu.br\/unidades\/santaines\/wp-json\/wp\/v2\/posts\/23514"}],"collection":[{"href":"https:\/\/www.ifbaiano.edu.br\/unidades\/santaines\/wp-json\/wp\/v2\/posts"}],"about":[{"href":"https:\/\/www.ifbaiano.edu.br\/unidades\/santaines\/wp-json\/wp\/v2\/types\/post"}],"author":[{"embeddable":true,"href":"https:\/\/www.ifbaiano.edu.br\/unidades\/santaines\/wp-json\/wp\/v2\/users\/86"}],"replies":[{"embeddable":true,"href":"https:\/\/www.ifbaiano.edu.br\/unidades\/santaines\/wp-json\/wp\/v2\/comments?post=23514"}],"version-history":[{"count":3,"href":"https:\/\/www.ifbaiano.edu.br\/unidades\/santaines\/wp-json\/wp\/v2\/posts\/23514\/revisions"}],"predecessor-version":[{"id":23532,"href":"https:\/\/www.ifbaiano.edu.br\/unidades\/santaines\/wp-json\/wp\/v2\/posts\/23514\/revisions\/23532"}],"wp:featuredmedia":[{"embeddable":true,"href":"https:\/\/www.ifbaiano.edu.br\/unidades\/santaines\/wp-json\/wp\/v2\/media\/23528"}],"wp:attachment":[{"href":"https:\/\/www.ifbaiano.edu.br\/unidades\/santaines\/wp-json\/wp\/v2\/media?parent=23514"}],"wp:term":[{"taxonomy":"category","embeddable":true,"href":"https:\/\/www.ifbaiano.edu.br\/unidades\/santaines\/wp-json\/wp\/v2\/categories?post=23514"},{"taxonomy":"post_tag","embeddable":true,"href":"https:\/\/www.ifbaiano.edu.br\/unidades\/santaines\/wp-json\/wp\/v2\/tags?post=23514"}],"curies":[{"name":"wp","href":"https:\/\/api.w.org\/{rel}","templated":true}]}}