{"id":23519,"date":"2025-03-28T10:32:55","date_gmt":"2025-03-28T13:32:55","guid":{"rendered":"https:\/\/www.ifbaiano.edu.br\/unidades\/santaines\/?p=23519"},"modified":"2025-04-08T14:23:19","modified_gmt":"2025-04-08T17:23:19","slug":"if-baiano-abre-selecao-para-professor-substituto-no-campus-de-santa-ines","status":"publish","type":"post","link":"https:\/\/www.ifbaiano.edu.br\/unidades\/santaines\/if-baiano-abre-selecao-para-professor-substituto-no-campus-de-santa-ines\/","title":{"rendered":"IF Baiano abre sele\u00e7\u00e3o para professor substituto no campus de Santa In\u00eas"},"content":{"rendered":"\n<p>O Instituto Federal de Educa\u00e7\u00e3o, Ci\u00eancia e Tecnologia Baiano (IF Baiano) lan\u00e7ou <a rel=\"noreferrer noopener\" href=\"https:\/\/concurso.ifbaiano.edu.br\/portal\/substituto-santa-ines-marco-2025\/wp-content\/uploads\/sites\/1173\/2025\/03\/Edital-53-2025-Professor-Substituto.pdf\" target=\"_blank\">Edital<\/a> para processo seletivo simplificado visando a contrata\u00e7\u00e3o de professor substituto para o campus de Santa In\u00eas. H\u00e1 uma vaga dispon\u00edvel na \u00e1rea de Filosofia, com carga hor\u00e1ria de 40 horas semanais.<\/p>\n\n\n\n<p><strong>Inscri\u00e7\u00f5es<\/strong><\/p>\n\n\n\n<p>As inscri\u00e7\u00f5es s\u00e3o gratuitas e devem ser realizadas exclusivamente por e-mail, no endere\u00e7o <a rel=\"noreferrer noopener\" href=\"https:\/\/www.google.com\/url?sa=E&amp;q=mailto%3Aprocessoseletivo%40si.ifbaiano.edu.br\" target=\"_blank\">processoseletivo@si.ifbaiano.edu.br<\/a>, no per\u00edodo de 29 de mar\u00e7o a 7 de abril de 2025. Para se inscrever, \u00e9 necess\u00e1rio preencher a ficha de inscri\u00e7\u00e3o (Anexo I do edital) e enviar, em formato PDF, junto com c\u00f3pia do documento de identifica\u00e7\u00e3o, CPF e comprovante da titula\u00e7\u00e3o m\u00ednima exigida (gradua\u00e7\u00e3o\/licenciatura em Filosofia).<\/p>\n\n\n\n<p><strong>Processo seletivo<\/strong><\/p>\n\n\n\n<p>O processo seletivo ser\u00e1 composto por duas etapas:<\/p>\n\n\n\n<ul>\n<li><strong>Prova de desempenho did\u00e1tico-pedag\u00f3gico:<\/strong>&nbsp;eliminat\u00f3ria e classificat\u00f3ria, com sorteio do tema a ser abordado 24 horas antes da prova.<\/li>\n\n\n\n<li><strong>Prova de t\u00edtulos:<\/strong>&nbsp;classificat\u00f3ria, para os candidatos aprovados na primeira etapa.<\/li>\n<\/ul>\n\n\n\n<p>O sorteio da ordem de apresenta\u00e7\u00e3o e os temas ser\u00e3o realizados no audit\u00f3rio do IF Baiano Campus Santa In\u00eas.<\/p>\n\n\n\n<p>O <a rel=\"noreferrer noopener\" href=\"https:\/\/concurso.ifbaiano.edu.br\/portal\/substituto-santa-ines-marco-2025\/wp-content\/uploads\/sites\/1173\/2025\/03\/Edital-53-2025-Professor-Substituto.pdf\" target=\"_blank\">Edital<\/a> completo, com todas as informa\u00e7\u00f5es e anexos, est\u00e1 dispon\u00edvel no <a href=\"https:\/\/concurso.ifbaiano.edu.br\/portal\/substituto-santa-ines-marco-2025\/\">site do IF Baiano<\/a>. Qualquer d\u00favida, os candidatos podem entrar em contato pelo e-mail\u00a0<a rel=\"noreferrer noopener\" href=\"https:\/\/www.google.com\/url?sa=E&amp;q=mailto%3Aprocessoseletivo%40si.ifbaiano.edu.br\" target=\"_blank\">processoseletivo@si.ifbaiano.edu.br<\/a>.<\/p>\n\n\n\n<hr class=\"wp-block-separator has-alpha-channel-opacity\" \/>\n","protected":false},"excerpt":{"rendered":"<p>O Instituto Federal de Educa\u00e7\u00e3o, Ci\u00eancia e Tecnologia Baiano (IF Baiano) lan\u00e7ou Edital para processo seletivo simplificado visando a contrata\u00e7\u00e3o de professor substituto para o campus de Santa In\u00eas. H\u00e1 uma vaga dispon\u00edvel na \u00e1rea de Filosofia, com carga hor\u00e1ria de 40 horas semanais. Inscri\u00e7\u00f5es As inscri\u00e7\u00f5es s\u00e3o gratuitas e devem ser realizadas exclusivamente por [&hellip;]<\/p>\n","protected":false},"author":86,"featured_media":23522,"comment_status":"closed","ping_status":"closed","sticky":false,"template":"","format":"standard","meta":[],"categories":[4,5,8,1,57],"tags":[],"_links":{"self":[{"href":"https:\/\/www.ifbaiano.edu.br\/unidades\/santaines\/wp-json\/wp\/v2\/posts\/23519"}],"collection":[{"href":"https:\/\/www.ifbaiano.edu.br\/unidades\/santaines\/wp-json\/wp\/v2\/posts"}],"about":[{"href":"https:\/\/www.ifbaiano.edu.br\/unidades\/santaines\/wp-json\/wp\/v2\/types\/post"}],"author":[{"embeddable":true,"href":"https:\/\/www.ifbaiano.edu.br\/unidades\/santaines\/wp-json\/wp\/v2\/users\/86"}],"replies":[{"embeddable":true,"href":"https:\/\/www.ifbaiano.edu.br\/unidades\/santaines\/wp-json\/wp\/v2\/comments?post=23519"}],"version-history":[{"count":5,"href":"https:\/\/www.ifbaiano.edu.br\/unidades\/santaines\/wp-json\/wp\/v2\/posts\/23519\/revisions"}],"predecessor-version":[{"id":23694,"href":"https:\/\/www.ifbaiano.edu.br\/unidades\/santaines\/wp-json\/wp\/v2\/posts\/23519\/revisions\/23694"}],"wp:featuredmedia":[{"embeddable":true,"href":"https:\/\/www.ifbaiano.edu.br\/unidades\/santaines\/wp-json\/wp\/v2\/media\/23522"}],"wp:attachment":[{"href":"https:\/\/www.ifbaiano.edu.br\/unidades\/santaines\/wp-json\/wp\/v2\/media?parent=23519"}],"wp:term":[{"taxonomy":"category","embeddable":true,"href":"https:\/\/www.ifbaiano.edu.br\/unidades\/santaines\/wp-json\/wp\/v2\/categories?post=23519"},{"taxonomy":"post_tag","embeddable":true,"href":"https:\/\/www.ifbaiano.edu.br\/unidades\/santaines\/wp-json\/wp\/v2\/tags?post=23519"}],"curies":[{"name":"wp","href":"https:\/\/api.w.org\/{rel}","templated":true}]}}