{"id":23533,"date":"2025-04-01T15:16:25","date_gmt":"2025-04-01T18:16:25","guid":{"rendered":"https:\/\/www.ifbaiano.edu.br\/unidades\/santaines\/?p=23533"},"modified":"2025-04-01T15:20:26","modified_gmt":"2025-04-01T18:20:26","slug":"informe-calendarios-academicos-2025-e-retificacao-sobre-reuniao-de-pais-cursos-tecnicos-integrados","status":"publish","type":"post","link":"https:\/\/www.ifbaiano.edu.br\/unidades\/santaines\/informe-calendarios-academicos-2025-e-retificacao-sobre-reuniao-de-pais-cursos-tecnicos-integrados\/","title":{"rendered":"INFORME: Calend\u00e1rios Acad\u00eamicos 2025 e Retifica\u00e7\u00e3o sobre Reuni\u00e3o de Pais (Cursos T\u00e9cnicos Integrados)"},"content":{"rendered":"\n<p>A Coordena\u00e7\u00e3o de Ensino do IF Baiano &#8211; Campus Santa In\u00eas informa que os calend\u00e1rios acad\u00eamicos de todos os cursos para o ano letivo de 2025 j\u00e1 se encontram atualizados e dispon\u00edveis para consulta.<\/p>\n\n\n\n<p>Os documentos podem ser acessados na p\u00e1gina da <a href=\"https:\/\/www.ifbaiano.edu.br\/unidades\/santaines\/ce-coordenacao-de-ensino\/\">Coordena\u00e7\u00e3o de Ensino<\/a>, na se\u00e7\u00e3o &#8220;CALEND\u00c1RIOS LETIVOS 2025&#8221;, bem como nas p\u00e1ginas espec\u00edficas de cada curso.<\/p>\n\n\n\n<p><strong>ATEN\u00c7\u00c3O: Retifica\u00e7\u00e3o Importante sobre o Calend\u00e1rio dos Cursos T\u00e9cnicos Integrados<\/strong><\/p>\n\n\n\n<p>Informamos que a &#8220;Reuni\u00e3o de Pais&#8221; agendada para o dia&nbsp;<strong>07 de abril<\/strong>, conforme consta no calend\u00e1rio dos Cursos T\u00e9cnicos Integrados,&nbsp;<strong>deve ser desconsiderada<\/strong>.<\/p>\n\n\n\n<p>Esta retifica\u00e7\u00e3o se faz necess\u00e1ria pois as referidas reuni\u00f5es com os pais\/respons\u00e1veis foram&nbsp;<strong>antecipadas<\/strong>&nbsp;e j\u00e1 ocorreram nas seguintes datas:<\/p>\n\n\n\n<ul>\n<li><strong>27 de fevereiro:<\/strong>&nbsp;Pais\/respons\u00e1veis dos alunos das 1\u00aas e 2\u00aas s\u00e9ries.<\/li>\n\n\n\n<li><strong>17 de mar\u00e7o:<\/strong>&nbsp;Pais\/respons\u00e1veis dos alunos ingressantes.<\/li>\n<\/ul>\n\n\n\n<p>Portanto, no dia&nbsp;<strong>07 de abril n\u00e3o haver\u00e1 reuni\u00e3o de pais<\/strong>. A data marca apenas o in\u00edcio das aulas para os Cursos T\u00e9cnicos Integrados, conforme previsto.<\/p>\n\n\n\n<p>Agradecemos a compreens\u00e3o.<\/p>\n\n\n\n<p>Atenciosamente,<\/p>\n\n\n\n<p><strong>Coordena\u00e7\u00e3o de Ensino<\/strong><br>IF Baiano &#8211; Campus Santa In\u00eas<\/p>\n\n\n\n<hr class=\"wp-block-separator has-alpha-channel-opacity\" \/>\n","protected":false},"excerpt":{"rendered":"<p>A Coordena\u00e7\u00e3o de Ensino do IF Baiano &#8211; Campus Santa In\u00eas informa que os calend\u00e1rios acad\u00eamicos de todos os cursos para o ano letivo de 2025 j\u00e1 se encontram atualizados e dispon\u00edveis para consulta. Os documentos podem ser acessados na p\u00e1gina da Coordena\u00e7\u00e3o de Ensino, na se\u00e7\u00e3o &#8220;CALEND\u00c1RIOS LETIVOS 2025&#8221;, bem como nas p\u00e1ginas espec\u00edficas [&hellip;]<\/p>\n","protected":false},"author":86,"featured_media":23534,"comment_status":"closed","ping_status":"closed","sticky":false,"template":"","format":"standard","meta":[],"categories":[4,3,5,57],"tags":[],"_links":{"self":[{"href":"https:\/\/www.ifbaiano.edu.br\/unidades\/santaines\/wp-json\/wp\/v2\/posts\/23533"}],"collection":[{"href":"https:\/\/www.ifbaiano.edu.br\/unidades\/santaines\/wp-json\/wp\/v2\/posts"}],"about":[{"href":"https:\/\/www.ifbaiano.edu.br\/unidades\/santaines\/wp-json\/wp\/v2\/types\/post"}],"author":[{"embeddable":true,"href":"https:\/\/www.ifbaiano.edu.br\/unidades\/santaines\/wp-json\/wp\/v2\/users\/86"}],"replies":[{"embeddable":true,"href":"https:\/\/www.ifbaiano.edu.br\/unidades\/santaines\/wp-json\/wp\/v2\/comments?post=23533"}],"version-history":[{"count":2,"href":"https:\/\/www.ifbaiano.edu.br\/unidades\/santaines\/wp-json\/wp\/v2\/posts\/23533\/revisions"}],"predecessor-version":[{"id":23537,"href":"https:\/\/www.ifbaiano.edu.br\/unidades\/santaines\/wp-json\/wp\/v2\/posts\/23533\/revisions\/23537"}],"wp:featuredmedia":[{"embeddable":true,"href":"https:\/\/www.ifbaiano.edu.br\/unidades\/santaines\/wp-json\/wp\/v2\/media\/23534"}],"wp:attachment":[{"href":"https:\/\/www.ifbaiano.edu.br\/unidades\/santaines\/wp-json\/wp\/v2\/media?parent=23533"}],"wp:term":[{"taxonomy":"category","embeddable":true,"href":"https:\/\/www.ifbaiano.edu.br\/unidades\/santaines\/wp-json\/wp\/v2\/categories?post=23533"},{"taxonomy":"post_tag","embeddable":true,"href":"https:\/\/www.ifbaiano.edu.br\/unidades\/santaines\/wp-json\/wp\/v2\/tags?post=23533"}],"curies":[{"name":"wp","href":"https:\/\/api.w.org\/{rel}","templated":true}]}}