{"id":2362,"date":"2012-10-09T07:41:15","date_gmt":"2012-10-09T10:41:15","guid":{"rendered":"http:\/\/www.ifbaiano.edu.br\/unidades\/santaines\/?p=2362"},"modified":"2012-10-09T08:09:59","modified_gmt":"2012-10-09T11:09:59","slug":"eleicao-comissoes-de-avaliacao-do-campus-cac","status":"publish","type":"post","link":"https:\/\/www.ifbaiano.edu.br\/unidades\/santaines\/eleicao-comissoes-de-avaliacao-do-campus-cac\/","title":{"rendered":"Elei\u00e7\u00e3o: Comiss\u00f5es de Avalia\u00e7\u00e3o do Campus \u2013 CAC"},"content":{"rendered":"<p>A Comiss\u00e3o Pr\u00f3pria de Avalia\u00e7\u00e3o do IF Baiano informa o per\u00edodo eleitoral para escolha de membros da Comiss\u00e3o de Avalia\u00e7\u00e3o dos\u00a0<em>Campi<\/em>\u00a0\u2013 CAC, a ser realizado de 8 de outubro a 9 de novembro de 2012.<\/p>\n<p>Podem concorrer docentes e t\u00e9cnico-administrativos que comp\u00f5em o quadro ativo permanente do instituto; e alunos maiores de 18 anos matriculados nos cursos presenciais da Educa\u00e7\u00e3o Profissional T\u00e9cnico de N\u00edvel M\u00e9dio e de gradua\u00e7\u00e3o.<\/p>\n<p>Os candidatos devem se inscrever no per\u00edodo de 16 a 19 de outubro de 2012.<\/p>\n<p>A elei\u00e7\u00e3o ser\u00e1 realizada no dia 31 de outubro em todos os\u00a0<em>campi<\/em>, no hor\u00e1rio das 8 \u00e0s 21 horas.<\/p>\n<p>Clique\u00a0<a href=\"http:\/\/www.ifbaiano.edu.br\/unidades\/santaines\/files\/2012\/10\/EDITAL-CPA2.pdf\">aqui<\/a>\u00a0e confira todas as regras.<\/p>\n<p>&nbsp;<\/p>\n<p><em>\u00a0Informa\u00e7\u00f5es: ASCOM (Reitoria).<\/em><\/p>\n","protected":false},"excerpt":{"rendered":"<p>A Comiss\u00e3o Pr\u00f3pria de Avalia\u00e7\u00e3o do IF Baiano informa o per\u00edodo eleitoral para escolha de membros da Comiss\u00e3o de Avalia\u00e7\u00e3o dos\u00a0Campi\u00a0\u2013 CAC, a ser realizado de 8 de outubro a 9 de novembro de 2012. Podem concorrer docentes e t\u00e9cnico-administrativos que comp\u00f5em o quadro ativo permanente do instituto; e alunos maiores de 18 anos matriculados [&hellip;]<\/p>\n","protected":false},"author":29,"featured_media":0,"comment_status":"closed","ping_status":"closed","sticky":false,"template":"","format":"standard","meta":[],"categories":[10],"tags":[],"_links":{"self":[{"href":"https:\/\/www.ifbaiano.edu.br\/unidades\/santaines\/wp-json\/wp\/v2\/posts\/2362"}],"collection":[{"href":"https:\/\/www.ifbaiano.edu.br\/unidades\/santaines\/wp-json\/wp\/v2\/posts"}],"about":[{"href":"https:\/\/www.ifbaiano.edu.br\/unidades\/santaines\/wp-json\/wp\/v2\/types\/post"}],"author":[{"embeddable":true,"href":"https:\/\/www.ifbaiano.edu.br\/unidades\/santaines\/wp-json\/wp\/v2\/users\/29"}],"replies":[{"embeddable":true,"href":"https:\/\/www.ifbaiano.edu.br\/unidades\/santaines\/wp-json\/wp\/v2\/comments?post=2362"}],"version-history":[{"count":4,"href":"https:\/\/www.ifbaiano.edu.br\/unidades\/santaines\/wp-json\/wp\/v2\/posts\/2362\/revisions"}],"predecessor-version":[{"id":2366,"href":"https:\/\/www.ifbaiano.edu.br\/unidades\/santaines\/wp-json\/wp\/v2\/posts\/2362\/revisions\/2366"}],"wp:attachment":[{"href":"https:\/\/www.ifbaiano.edu.br\/unidades\/santaines\/wp-json\/wp\/v2\/media?parent=2362"}],"wp:term":[{"taxonomy":"category","embeddable":true,"href":"https:\/\/www.ifbaiano.edu.br\/unidades\/santaines\/wp-json\/wp\/v2\/categories?post=2362"},{"taxonomy":"post_tag","embeddable":true,"href":"https:\/\/www.ifbaiano.edu.br\/unidades\/santaines\/wp-json\/wp\/v2\/tags?post=2362"}],"curies":[{"name":"wp","href":"https:\/\/api.w.org\/{rel}","templated":true}]}}