{"id":23691,"date":"2025-04-08T09:16:52","date_gmt":"2025-04-08T12:16:52","guid":{"rendered":"https:\/\/www.ifbaiano.edu.br\/unidades\/santaines\/?p=23691"},"modified":"2025-04-08T11:24:50","modified_gmt":"2025-04-08T14:24:50","slug":"reitores-dos-ifs-do-nordeste-discutem-possibilidades-de-parceria-com-o-banco-do-nordeste","status":"publish","type":"post","link":"https:\/\/www.ifbaiano.edu.br\/unidades\/santaines\/reitores-dos-ifs-do-nordeste-discutem-possibilidades-de-parceria-com-o-banco-do-nordeste\/","title":{"rendered":"Reitores dos IFs do Nordeste discutem possibilidades de parceria com o Banco do Nordeste"},"content":{"rendered":"\n<p>Reitores de 13 Institutos Federais dos estados do Nordeste, incluindo o reitor do IF Baiano, A\u00e9cio Jos\u00e9 Duarte, participaram de um encontro promovido pelo Banco do Nordeste do Brasil (BNB) na \u00faltima quarta-feira, 02, em sua administrativa, em Fortaleza. O convite foi intermediado pela reitoria do Instituto Federal do Cear\u00e1 (IFCE).<\/p>\n\n\n\n<p>O encontro teve como objetivo fortalecer parcerias, alinhar iniciativas e explorar oportunidades de colabora\u00e7\u00e3o entre as institui\u00e7\u00f5es, com foco no desenvolvimento regional por meio da educa\u00e7\u00e3o, inova\u00e7\u00e3o e empreendedorismo.<\/p>\n\n\n\n<p>Na ocasi\u00e3o, foram apresentadas aos dirigentes informa\u00e7\u00f5es sobre a atua\u00e7\u00e3o do BNB, os fundos de desenvolvimento e pesquisa dispon\u00edveis, bem como os instrumentos de incentivo ao empreendedorismo inovador e \u00e0 promo\u00e7\u00e3o de programas de apoio \u00e0 inova\u00e7\u00e3o e \u00e0 acelera\u00e7\u00e3o de startups, como o Hubine \u2013 Hub de Inova\u00e7\u00e3o do Banco do Nordeste.<\/p>\n\n\n\n<p>O Banco do Nordeste \u00e9 uma institui\u00e7\u00e3o financeira m\u00faltipla, organizada sob a forma de sociedade de economia mista e capital aberto, com mais de 90% de seu capital sob controle do Governo Federal.<\/p>\n\n\n\n<figure class=\"wp-block-gallery has-nested-images columns-default is-cropped wp-block-gallery-1 is-layout-flex\">\n<figure class=\"wp-block-image\"><img decoding=\"async\" data-id=\"34878\"  src=\"https:\/\/ifbaiano.edu.br\/portal\/wp-content\/uploads\/2025\/04\/5592-encontro-reitores-banco-nordeste-2-1024x576.webp\" alt=\"\" class=\"wp-image-34878\" \/><\/figure>\n\n\n\n<figure class=\"wp-block-image size-large\"><a href=\"https:\/\/www.ifbaiano.edu.br\/unidades\/santaines\/files\/2025\/04\/4572-CAPA.webp\"><img decoding=\"async\" loading=\"lazy\" width=\"1023\" height=\"682\" data-id=\"23692\"  src=\"https:\/\/www.ifbaiano.edu.br\/unidades\/santaines\/files\/2025\/04\/4572-CAPA.webp\" alt=\"\" class=\"wp-image-23692\" srcset=\"https:\/\/www.ifbaiano.edu.br\/unidades\/santaines\/files\/2025\/04\/4572-CAPA.webp 1023w, https:\/\/www.ifbaiano.edu.br\/unidades\/santaines\/files\/2025\/04\/4572-CAPA-300x200.webp 300w, https:\/\/www.ifbaiano.edu.br\/unidades\/santaines\/files\/2025\/04\/4572-CAPA-768x512.webp 768w, https:\/\/www.ifbaiano.edu.br\/unidades\/santaines\/files\/2025\/04\/4572-CAPA-100x67.webp 100w\" sizes=\"(max-width: 1023px) 100vw, 1023px\" \/><\/a><\/figure>\n<\/figure>\n\n\n\n<h3 class=\"wp-block-heading\"><strong>Oportunidades de parceria com os IFs<\/strong><\/h3>\n\n\n\n<p>Para o reitor do IF Baiano, A\u00e9cio Jos\u00e9 Duarte, a iniciativa foi muito positiva para os Institutos Federais do Nordeste, e a aproxima\u00e7\u00e3o com a agenda do BNB poder\u00e1 ampliar as possibilidades de atua\u00e7\u00e3o da comunidade acad\u00eamica, al\u00e9m de fortalecer a consolida\u00e7\u00e3o das forma\u00e7\u00f5es oferecidas pelo IF Baiano.<\/p>\n\n\n\n<p>\u201cOutra possibilidade real \u00e9 viabilizar cr\u00e9dito para estudantes e egressos dos nossos quadros discentes, tanto no desenvolvimento de iniciativas empreendedoras quanto na inser\u00e7\u00e3o desses estudantes e egressos no acompanhamento e assist\u00eancia aos usu\u00e1rios de outros programas de financiamento de atividades existentes no BNB\u201d, ressaltou o dirigente.<\/p>\n\n\n\n<p>Durante o encontro, essas possibilidades de colabora\u00e7\u00e3o entre o BNB e as institui\u00e7\u00f5es federais foram discutidas em conjunto. Os poss\u00edveis acordos e conv\u00eanios entre institui\u00e7\u00f5es ser\u00e3o tratados e firmados pelas superintend\u00eancias regionais do Banco do Nordeste com os IFs de cada estado.<\/p>\n\n\n\n<hr class=\"wp-block-separator has-alpha-channel-opacity\" \/>\n\n\n\n<p><\/p>\n","protected":false},"excerpt":{"rendered":"<p>Coopera\u00e7\u00e3o poder\u00e1 viabilizar iniciativas de inova\u00e7\u00e3o e empreendedorismo das institui\u00e7\u00f5es<\/p>\n","protected":false},"author":86,"featured_media":23692,"comment_status":"closed","ping_status":"closed","sticky":false,"template":"","format":"standard","meta":[],"categories":[4,10,57],"tags":[],"_links":{"self":[{"href":"https:\/\/www.ifbaiano.edu.br\/unidades\/santaines\/wp-json\/wp\/v2\/posts\/23691"}],"collection":[{"href":"https:\/\/www.ifbaiano.edu.br\/unidades\/santaines\/wp-json\/wp\/v2\/posts"}],"about":[{"href":"https:\/\/www.ifbaiano.edu.br\/unidades\/santaines\/wp-json\/wp\/v2\/types\/post"}],"author":[{"embeddable":true,"href":"https:\/\/www.ifbaiano.edu.br\/unidades\/santaines\/wp-json\/wp\/v2\/users\/86"}],"replies":[{"embeddable":true,"href":"https:\/\/www.ifbaiano.edu.br\/unidades\/santaines\/wp-json\/wp\/v2\/comments?post=23691"}],"version-history":[{"count":1,"href":"https:\/\/www.ifbaiano.edu.br\/unidades\/santaines\/wp-json\/wp\/v2\/posts\/23691\/revisions"}],"predecessor-version":[{"id":23693,"href":"https:\/\/www.ifbaiano.edu.br\/unidades\/santaines\/wp-json\/wp\/v2\/posts\/23691\/revisions\/23693"}],"wp:featuredmedia":[{"embeddable":true,"href":"https:\/\/www.ifbaiano.edu.br\/unidades\/santaines\/wp-json\/wp\/v2\/media\/23692"}],"wp:attachment":[{"href":"https:\/\/www.ifbaiano.edu.br\/unidades\/santaines\/wp-json\/wp\/v2\/media?parent=23691"}],"wp:term":[{"taxonomy":"category","embeddable":true,"href":"https:\/\/www.ifbaiano.edu.br\/unidades\/santaines\/wp-json\/wp\/v2\/categories?post=23691"},{"taxonomy":"post_tag","embeddable":true,"href":"https:\/\/www.ifbaiano.edu.br\/unidades\/santaines\/wp-json\/wp\/v2\/tags?post=23691"}],"curies":[{"name":"wp","href":"https:\/\/api.w.org\/{rel}","templated":true}]}}