{"id":23695,"date":"2025-04-09T20:42:39","date_gmt":"2025-04-09T23:42:39","guid":{"rendered":"https:\/\/www.ifbaiano.edu.br\/unidades\/santaines\/?p=23695"},"modified":"2025-04-11T09:20:47","modified_gmt":"2025-04-11T12:20:47","slug":"campus-santa-ines-divulga-lista-de-inscricoes-para-professor-substituto-de-filosofia","status":"publish","type":"post","link":"https:\/\/www.ifbaiano.edu.br\/unidades\/santaines\/campus-santa-ines-divulga-lista-de-inscricoes-para-professor-substituto-de-filosofia\/","title":{"rendered":"Campus Santa In\u00eas divulga lista de inscri\u00e7\u00f5es para Professor Substituto de Filosofia"},"content":{"rendered":"\n<p>O Instituto Federal de Educa\u00e7\u00e3o, Ci\u00eancia e Tecnologia Baiano (IF Baiano), Campus Santa In\u00eas, publicou nesta quarta-feira, 9 de abril de 2025, a lista com o resultado preliminar das inscri\u00e7\u00f5es para o processo seletivo simplificado destinado \u00e0 contrata\u00e7\u00e3o de professor substituto na \u00e1rea de Filosofia. A sele\u00e7\u00e3o \u00e9 regida pelo <a rel=\"noreferrer noopener\" href=\"https:\/\/concurso.ifbaiano.edu.br\/portal\/substituto-santa-ines-marco-2025\/wp-content\/uploads\/sites\/1173\/2025\/03\/Edital-53-2025-Professor-Substituto.pdf\" target=\"_blank\">Edital n\u00ba 53<\/a>, de 24 de mar\u00e7o de 2025.<\/p>\n\n\n\n<p>O <a rel=\"noreferrer noopener\" href=\"https:\/\/concurso.ifbaiano.edu.br\/portal\/substituto-santa-ines-marco-2025\/wp-content\/uploads\/sites\/1173\/2025\/04\/Lista-prof-substituto-Filosofia.pdf\" target=\"_blank\">documento divulgado<\/a> apresenta a rela\u00e7\u00e3o de candidatos cujas inscri\u00e7\u00f5es foram aceitas (deferidas) e daqueles que tiveram a inscri\u00e7\u00e3o negada (indeferidas).<\/p>\n\n\n\n<p>Um total de 23 candidatos tiveram suas inscri\u00e7\u00f5es homologadas e est\u00e3o aptos a continuar no processo seletivo. A lista completa com os nomes dos candidatos deferidos est\u00e1 dispon\u00edvel no documento oficial publicado pelo campus.<\/p>\n\n\n\n<p>Tr\u00eas candidatos tiveram suas inscri\u00e7\u00f5es indeferidas. Segundo a publica\u00e7\u00e3o oficial, o motivo para o indeferimento em todos os casos foi o n\u00e3o cumprimento do item 1.1 do edital, que geralmente se refere a requisitos essenciais ou documenta\u00e7\u00e3o obrigat\u00f3ria para a inscri\u00e7\u00e3o.<\/p>\n\n\n\n<p><strong>Pr\u00f3ximas Etapas<\/strong><\/p>\n\n\n\n<p>Os candidatos devem consultar o documento oficial para verificar sua situa\u00e7\u00e3o individual. O <a rel=\"noreferrer noopener\" href=\"https:\/\/concurso.ifbaiano.edu.br\/portal\/substituto-santa-ines-marco-2025\/wp-content\/uploads\/sites\/1173\/2025\/03\/Edital-53-2025-Professor-Substituto.pdf\" target=\"_blank\">Edital n\u00ba 53\/2025<\/a> prev\u00ea as etapas subsequentes do processo seletivo, bem como os prazos para eventuais recursos contra o resultado preliminar das inscri\u00e7\u00f5es.<\/p>\n\n\n\n<p>Este processo seletivo foi aberto no final de mar\u00e7o, conforme <a href=\"https:\/\/www.ifbaiano.edu.br\/unidades\/santaines\/if-baiano-abre-selecao-para-professor-substituto-no-campus-de-santa-ines\/\">divulgado anteriormente<\/a> pela institui\u00e7\u00e3o, visando suprir a demanda por docente na \u00e1rea de Filosofia no Campus Santa In\u00eas.<\/p>\n\n\n\n<p>Recomenda-se que todos os inscritos acompanhem atentamente as publica\u00e7\u00f5es oficiais no site do IF Baiano &#8211; Campus Santa In\u00eas e no <a href=\"https:\/\/concurso.ifbaiano.edu.br\/portal\/substituto-santa-ines-marco-2025\/\">Portal do IF Baiano<\/a> para informa\u00e7\u00f5es sobre as pr\u00f3ximas fases da sele\u00e7\u00e3o e eventuais retifica\u00e7\u00f5es.<\/p>\n\n\n\n<hr class=\"wp-block-separator has-alpha-channel-opacity\" \/>\n","protected":false},"excerpt":{"rendered":"<p>O Instituto Federal de Educa\u00e7\u00e3o, Ci\u00eancia e Tecnologia Baiano (IF Baiano), Campus Santa In\u00eas, publicou nesta quarta-feira, 9 de abril de 2025, a lista com o resultado preliminar das inscri\u00e7\u00f5es para o processo seletivo simplificado destinado \u00e0 contrata\u00e7\u00e3o de professor substituto na \u00e1rea de Filosofia. A sele\u00e7\u00e3o \u00e9 regida pelo Edital n\u00ba 53, de 24 [&hellip;]<\/p>\n","protected":false},"author":86,"featured_media":23522,"comment_status":"closed","ping_status":"closed","sticky":false,"template":"","format":"standard","meta":[],"categories":[4,8,57],"tags":[],"_links":{"self":[{"href":"https:\/\/www.ifbaiano.edu.br\/unidades\/santaines\/wp-json\/wp\/v2\/posts\/23695"}],"collection":[{"href":"https:\/\/www.ifbaiano.edu.br\/unidades\/santaines\/wp-json\/wp\/v2\/posts"}],"about":[{"href":"https:\/\/www.ifbaiano.edu.br\/unidades\/santaines\/wp-json\/wp\/v2\/types\/post"}],"author":[{"embeddable":true,"href":"https:\/\/www.ifbaiano.edu.br\/unidades\/santaines\/wp-json\/wp\/v2\/users\/86"}],"replies":[{"embeddable":true,"href":"https:\/\/www.ifbaiano.edu.br\/unidades\/santaines\/wp-json\/wp\/v2\/comments?post=23695"}],"version-history":[{"count":1,"href":"https:\/\/www.ifbaiano.edu.br\/unidades\/santaines\/wp-json\/wp\/v2\/posts\/23695\/revisions"}],"predecessor-version":[{"id":23696,"href":"https:\/\/www.ifbaiano.edu.br\/unidades\/santaines\/wp-json\/wp\/v2\/posts\/23695\/revisions\/23696"}],"wp:featuredmedia":[{"embeddable":true,"href":"https:\/\/www.ifbaiano.edu.br\/unidades\/santaines\/wp-json\/wp\/v2\/media\/23522"}],"wp:attachment":[{"href":"https:\/\/www.ifbaiano.edu.br\/unidades\/santaines\/wp-json\/wp\/v2\/media?parent=23695"}],"wp:term":[{"taxonomy":"category","embeddable":true,"href":"https:\/\/www.ifbaiano.edu.br\/unidades\/santaines\/wp-json\/wp\/v2\/categories?post=23695"},{"taxonomy":"post_tag","embeddable":true,"href":"https:\/\/www.ifbaiano.edu.br\/unidades\/santaines\/wp-json\/wp\/v2\/tags?post=23695"}],"curies":[{"name":"wp","href":"https:\/\/api.w.org\/{rel}","templated":true}]}}