{"id":23697,"date":"2025-04-10T09:49:36","date_gmt":"2025-04-10T12:49:36","guid":{"rendered":"https:\/\/www.ifbaiano.edu.br\/unidades\/santaines\/?p=23697"},"modified":"2025-04-16T11:26:18","modified_gmt":"2025-04-16T14:26:18","slug":"if-baiano-campus-santa-ines-abre-selecao-para-estagio-de-nivel-medio-com-bolsa-auxilio","status":"publish","type":"post","link":"https:\/\/www.ifbaiano.edu.br\/unidades\/santaines\/if-baiano-campus-santa-ines-abre-selecao-para-estagio-de-nivel-medio-com-bolsa-auxilio\/","title":{"rendered":"IF Baiano &#8211; Campus Santa In\u00eas Abre Sele\u00e7\u00e3o para Est\u00e1gio de N\u00edvel M\u00e9dio com Bolsa Aux\u00edlio"},"content":{"rendered":"\n<p>O Instituto Federal de Educa\u00e7\u00e3o, Ci\u00eancia e Tecnologia Baiano (IF Baiano) &#8211; Campus Santa In\u00eas anunciou a abertura de um novo processo seletivo destinado \u00e0 contrata\u00e7\u00e3o de estagi\u00e1rios e \u00e0 forma\u00e7\u00e3o de cadastro de reserva para estudantes de N\u00edvel M\u00e9dio ou Educa\u00e7\u00e3o de Jovens e Adultos (EJA). A iniciativa visa proporcionar aos estudantes a oportunidade de est\u00e1gio remunerado, complementando sua forma\u00e7\u00e3o acad\u00eamica e profissional.<\/p>\n\n\n\n<p>A sele\u00e7\u00e3o destina-se ao preenchimento de&nbsp;<strong>05 vagas imediatas mais forma\u00e7\u00e3o de Cadastro de Reserva (CR)<\/strong>. As oportunidades s\u00e3o para estudantes que tenham 18 anos completos no ato da contrata\u00e7\u00e3o e que estejam cursando qualquer Curso T\u00e9cnico Integrado ao Ensino M\u00e9dio ou a Educa\u00e7\u00e3o de Jovens e Adultos (EJA), a partir do 2\u00ba ano ou ciclo correspondente.<\/p>\n\n\n\n<p>Das vagas imediatas, h\u00e1 a seguinte distribui\u00e7\u00e3o:<\/p>\n\n\n\n<ul>\n<li>1 vaga para Pessoa com Defici\u00eancia (PCD);<\/li>\n\n\n\n<li>1 vaga para estudantes autodeclarados pretos, pardos ou ind\u00edgenas;<\/li>\n\n\n\n<li>3 vagas para ampla concorr\u00eancia.<\/li>\n<\/ul>\n\n\n\n<p>Os estagi\u00e1rios selecionados cumprir\u00e3o uma carga hor\u00e1ria de&nbsp;20 horas semanais (4 horas di\u00e1rias), podendo atuar no turno matutino ou vespertino, com possibilidade de atividades aos s\u00e1bados, conforme necessidade da administra\u00e7\u00e3o. A bolsa-aux\u00edlio oferecida \u00e9 de&nbsp;R$ 486,05 (Quatrocentos e Oitenta e seis reais e cinco centavos) mensais, acrescida de R$&nbsp;10,00 di\u00e1rios de aux\u00edlio-transporte&nbsp;e seguro contra acidentes pessoais. O contrato de est\u00e1gio ter\u00e1 dura\u00e7\u00e3o inicial de at\u00e9 um ano, podendo ser prorrogado por igual per\u00edodo, at\u00e9 o limite m\u00e1ximo de dois anos.<\/p>\n\n\n\n<p><strong>Inscri\u00e7\u00f5es e Sele\u00e7\u00e3o<\/strong><\/p>\n\n\n\n<p>As inscri\u00e7\u00f5es s\u00e3o gratuitas e dever\u00e3o ser realizadas exclusivamente de forma <em>online<\/em>, no per\u00edodo de&nbsp;<strong>14 a 21 de abril de 2025<\/strong>. Os interessados devem enviar a documenta\u00e7\u00e3o exigida, digitalizada em formato PDF ou JPEG, para o e-mail&nbsp;<a href=\"https:\/\/www.google.com\/url?sa=E&amp;q=mailto%3Acomissao.estagio%40si.ifbaiano.edu.br\" target=\"_blank\" rel=\"noreferrer noopener\">comissao.estagio@si.ifbaiano.edu.br<\/a>. A documenta\u00e7\u00e3o inclui:<\/p>\n\n\n\n<ul>\n<li><a href=\"https:\/\/www.ifbaiano.edu.br\/unidades\/santaines\/files\/2025\/04\/Ficha-de-Inscricao-ANEXO-I.pdf\">Ficha de Inscri\u00e7\u00e3o<\/a> preenchida;<\/li>\n\n\n\n<li>C\u00f3pia de documento de identifica\u00e7\u00e3o oficial com foto;<\/li>\n\n\n\n<li>Comprovante de matr\u00edcula e hist\u00f3rico escolar (com m\u00e9dia anual igual ou superior a 50% para N\u00edvel M\u00e9dio\/EJA).<\/li>\n<\/ul>\n\n\n\n<p>Candidatos com necessidades espec\u00edficas (PCD) ou que concorram \u00e0s vagas reservadas para negros (pretos e pardos) devem indicar sua condi\u00e7\u00e3o na <a href=\"https:\/\/www.ifbaiano.edu.br\/unidades\/santaines\/files\/2025\/04\/Ficha-de-Inscricao-ANEXO-I.pdf\">ficha de Inscri\u00e7\u00e3o<\/a> e seguir as orienta\u00e7\u00f5es espec\u00edficas do <a href=\"https:\/\/concurso.ifbaiano.edu.br\/portal\/selecao-estagio-santa-ines-abril-2025\/wp-content\/uploads\/sites\/1178\/2025\/04\/EDITAL-No-11_2025-SELECAO-DE-ESTAGIARIOS.pdf\">edital<\/a>, que podem incluir envio de laudo m\u00e9dico ou participa\u00e7\u00e3o em banca de heteroidentifica\u00e7\u00e3o.<\/p>\n\n\n\n<p>O processo seletivo consistir\u00e1 em uma \u00fanica etapa:&nbsp;<strong>Entrevista Presencial<\/strong>, de car\u00e1ter classificat\u00f3rio. A entrevista avaliar\u00e1 a justificativa do interesse pelo est\u00e1gio, clareza de ideias, uso da l\u00edngua portuguesa e conhecimento espec\u00edfico da \u00e1rea de atua\u00e7\u00e3o.<\/p>\n\n\n\n<p><strong>Cronograma e Informa\u00e7\u00f5es<\/strong><\/p>\n\n\n\n<p>Os candidatos devem ficar atentos ao cronograma (Anexo II do Edital). A homologa\u00e7\u00e3o das inscri\u00e7\u00f5es est\u00e1 prevista para 23 de abril, e as entrevistas ocorrer\u00e3o nos dias 28 e 29 de abril de 2025. O resultado final e a homologa\u00e7\u00e3o da sele\u00e7\u00e3o est\u00e3o previstos para at\u00e9 16 de maio de 2025.<\/p>\n\n\n\n<p>Todas as informa\u00e7\u00f5es, atualiza\u00e7\u00f5es, resultados e o <a href=\"https:\/\/concurso.ifbaiano.edu.br\/portal\/selecao-estagio-santa-ines-abril-2025\/wp-content\/uploads\/sites\/1178\/2025\/04\/EDITAL-No-11_2025-SELECAO-DE-ESTAGIARIOS.pdf\">edital<\/a> completo est\u00e3o dispon\u00edveis no <a href=\"https:\/\/concurso.ifbaiano.edu.br\/portal\/selecao-estagio-santa-ines-abril-2025\/\">portal de concursos do IF Baiano<\/a> e no site do <a href=\"https:\/\/www.ifbaiano.edu.br\/unidades\/santaines\/\">Campus Santa In\u00eas<\/a>. D\u00favidas podem ser encaminhadas \u00e0 comiss\u00e3o organizadora pelo e-mail\u00a0<a rel=\"noreferrer noopener\" href=\"https:\/\/www.google.com\/url?sa=E&amp;q=mailto%3Acomissao.estagio%40si.ifbaiano.edu.br\" target=\"_blank\">comissao.estagio@si.ifbaiano.edu.br<\/a>.<\/p>\n\n\n\n<hr class=\"wp-block-separator has-alpha-channel-opacity\" \/>\n","protected":false},"excerpt":{"rendered":"<p>O Instituto Federal de Educa\u00e7\u00e3o, Ci\u00eancia e Tecnologia Baiano (IF Baiano) &#8211; Campus Santa In\u00eas anunciou a abertura de um novo processo seletivo destinado \u00e0 contrata\u00e7\u00e3o de estagi\u00e1rios e \u00e0 forma\u00e7\u00e3o de cadastro de reserva para estudantes de N\u00edvel M\u00e9dio ou Educa\u00e7\u00e3o de Jovens e Adultos (EJA). A iniciativa visa proporcionar aos estudantes a oportunidade [&hellip;]<\/p>\n","protected":false},"author":86,"featured_media":23702,"comment_status":"closed","ping_status":"closed","sticky":false,"template":"","format":"standard","meta":[],"categories":[4,38,13,5,8,57],"tags":[],"_links":{"self":[{"href":"https:\/\/www.ifbaiano.edu.br\/unidades\/santaines\/wp-json\/wp\/v2\/posts\/23697"}],"collection":[{"href":"https:\/\/www.ifbaiano.edu.br\/unidades\/santaines\/wp-json\/wp\/v2\/posts"}],"about":[{"href":"https:\/\/www.ifbaiano.edu.br\/unidades\/santaines\/wp-json\/wp\/v2\/types\/post"}],"author":[{"embeddable":true,"href":"https:\/\/www.ifbaiano.edu.br\/unidades\/santaines\/wp-json\/wp\/v2\/users\/86"}],"replies":[{"embeddable":true,"href":"https:\/\/www.ifbaiano.edu.br\/unidades\/santaines\/wp-json\/wp\/v2\/comments?post=23697"}],"version-history":[{"count":4,"href":"https:\/\/www.ifbaiano.edu.br\/unidades\/santaines\/wp-json\/wp\/v2\/posts\/23697\/revisions"}],"predecessor-version":[{"id":23817,"href":"https:\/\/www.ifbaiano.edu.br\/unidades\/santaines\/wp-json\/wp\/v2\/posts\/23697\/revisions\/23817"}],"wp:featuredmedia":[{"embeddable":true,"href":"https:\/\/www.ifbaiano.edu.br\/unidades\/santaines\/wp-json\/wp\/v2\/media\/23702"}],"wp:attachment":[{"href":"https:\/\/www.ifbaiano.edu.br\/unidades\/santaines\/wp-json\/wp\/v2\/media?parent=23697"}],"wp:term":[{"taxonomy":"category","embeddable":true,"href":"https:\/\/www.ifbaiano.edu.br\/unidades\/santaines\/wp-json\/wp\/v2\/categories?post=23697"},{"taxonomy":"post_tag","embeddable":true,"href":"https:\/\/www.ifbaiano.edu.br\/unidades\/santaines\/wp-json\/wp\/v2\/tags?post=23697"}],"curies":[{"name":"wp","href":"https:\/\/api.w.org\/{rel}","templated":true}]}}