{"id":23721,"date":"2025-04-11T09:20:14","date_gmt":"2025-04-11T12:20:14","guid":{"rendered":"https:\/\/www.ifbaiano.edu.br\/unidades\/santaines\/?p=23721"},"modified":"2025-04-11T09:20:15","modified_gmt":"2025-04-11T12:20:15","slug":"campus-santa-ines-divulga-lista-definitiva-de-inscricoes-para-professor-substituto-de-filosofia","status":"publish","type":"post","link":"https:\/\/www.ifbaiano.edu.br\/unidades\/santaines\/campus-santa-ines-divulga-lista-definitiva-de-inscricoes-para-professor-substituto-de-filosofia\/","title":{"rendered":"Campus Santa In\u00eas divulga Lista Definitiva de Inscri\u00e7\u00f5es para Professor Substituto de Filosofia"},"content":{"rendered":"\n<p>O Instituto Federal de Educa\u00e7\u00e3o, Ci\u00eancia e Tecnologia Baiano (IF Baiano), Campus Santa In\u00eas, havia publicado em 9 de abril de 2025, a lista preliminar com o resultado das inscri\u00e7\u00f5es para o processo seletivo simplificado destinado \u00e0 contrata\u00e7\u00e3o de professor substituto na \u00e1rea de Filosofia (Edital n\u00ba 53\/2025).<\/p>\n\n\n\n<p>Nesta sexta-feira, 11, o Campus Santa In\u00eas divulgou a<strong> <a href=\"https:\/\/concurso.ifbaiano.edu.br\/portal\/substituto-santa-ines-marco-2025\/wp-content\/uploads\/sites\/1173\/2025\/04\/Lista-definitiva-prof-substituto-Filosofia-2.pdf\">Lista Definitiva de Inscri\u00e7\u00f5es<\/a><\/strong>\u00a0referente ao mesmo processo seletivo. Esta publica\u00e7\u00e3o apresenta o resultado final das inscri\u00e7\u00f5es (deferidas e indeferidas) ap\u00f3s o per\u00edodo de an\u00e1lise de recursos contra o resultado preliminar.<\/p>\n\n\n\n<p>Os candidatos com inscri\u00e7\u00e3o\u00a0<strong>deferida<\/strong>\u00a0na lista definitiva est\u00e3o aptos a prosseguir para as pr\u00f3ximas etapas da sele\u00e7\u00e3o, conforme cronograma e procedimentos estabelecidos no Edital n\u00ba 53\/2025. Os candidatos devem ficar atentos \u00e0s convoca\u00e7\u00f5es e publica\u00e7\u00f5es subsequentes.<\/p>\n\n\n\n<p>Para relembrar os detalhes do processo seletivo, acesse a not\u00edcia original de abertura da sele\u00e7\u00e3o:&nbsp;<a target=\"_blank\" href=\"https:\/\/www.google.com\/url?sa=E&amp;q=https%3A%2F%2Fwww.ifbaiano.edu.br%2Funidades%2Fsantaines%2Fif-baiano-abre-selecao-para-professor-substituto-no-campus-de-santa-ines%2F\" rel=\"noreferrer noopener\">IF Baiano abre sele\u00e7\u00e3o para professor substituto no Campus de Santa In\u00eas<\/a>.<\/p>\n\n\n\n<p>Recomenda-se que todos os candidatos acompanhem atentamente as publica\u00e7\u00f5es oficiais no \u00a0<a href=\"https:\/\/concurso.ifbaiano.edu.br\/portal\/substituto-santa-ines-marco-2025\/\">site do IF Baiano<\/a> para informa\u00e7\u00f5es sobre as pr\u00f3ximas fases da sele\u00e7\u00e3o.<\/p>\n\n\n\n<hr class=\"wp-block-separator has-alpha-channel-opacity\" \/>\n","protected":false},"excerpt":{"rendered":"<p>O Instituto Federal de Educa\u00e7\u00e3o, Ci\u00eancia e Tecnologia Baiano (IF Baiano), Campus Santa In\u00eas, havia publicado em 9 de abril de 2025, a lista preliminar com o resultado das inscri\u00e7\u00f5es para o processo seletivo simplificado destinado \u00e0 contrata\u00e7\u00e3o de professor substituto na \u00e1rea de Filosofia (Edital n\u00ba 53\/2025). Nesta sexta-feira, 11, o Campus Santa In\u00eas [&hellip;]<\/p>\n","protected":false},"author":86,"featured_media":23522,"comment_status":"closed","ping_status":"closed","sticky":false,"template":"","format":"standard","meta":[],"categories":[4,5,8,57],"tags":[],"_links":{"self":[{"href":"https:\/\/www.ifbaiano.edu.br\/unidades\/santaines\/wp-json\/wp\/v2\/posts\/23721"}],"collection":[{"href":"https:\/\/www.ifbaiano.edu.br\/unidades\/santaines\/wp-json\/wp\/v2\/posts"}],"about":[{"href":"https:\/\/www.ifbaiano.edu.br\/unidades\/santaines\/wp-json\/wp\/v2\/types\/post"}],"author":[{"embeddable":true,"href":"https:\/\/www.ifbaiano.edu.br\/unidades\/santaines\/wp-json\/wp\/v2\/users\/86"}],"replies":[{"embeddable":true,"href":"https:\/\/www.ifbaiano.edu.br\/unidades\/santaines\/wp-json\/wp\/v2\/comments?post=23721"}],"version-history":[{"count":1,"href":"https:\/\/www.ifbaiano.edu.br\/unidades\/santaines\/wp-json\/wp\/v2\/posts\/23721\/revisions"}],"predecessor-version":[{"id":23722,"href":"https:\/\/www.ifbaiano.edu.br\/unidades\/santaines\/wp-json\/wp\/v2\/posts\/23721\/revisions\/23722"}],"wp:featuredmedia":[{"embeddable":true,"href":"https:\/\/www.ifbaiano.edu.br\/unidades\/santaines\/wp-json\/wp\/v2\/media\/23522"}],"wp:attachment":[{"href":"https:\/\/www.ifbaiano.edu.br\/unidades\/santaines\/wp-json\/wp\/v2\/media?parent=23721"}],"wp:term":[{"taxonomy":"category","embeddable":true,"href":"https:\/\/www.ifbaiano.edu.br\/unidades\/santaines\/wp-json\/wp\/v2\/categories?post=23721"},{"taxonomy":"post_tag","embeddable":true,"href":"https:\/\/www.ifbaiano.edu.br\/unidades\/santaines\/wp-json\/wp\/v2\/tags?post=23721"}],"curies":[{"name":"wp","href":"https:\/\/api.w.org\/{rel}","templated":true}]}}