{"id":2378,"date":"2012-10-09T08:56:11","date_gmt":"2012-10-09T11:56:11","guid":{"rendered":"http:\/\/www.ifbaiano.edu.br\/unidades\/santaines\/?p=2378"},"modified":"2012-10-18T14:35:03","modified_gmt":"2012-10-18T17:35:03","slug":"outubro-rosa","status":"publish","type":"post","link":"https:\/\/www.ifbaiano.edu.br\/unidades\/santaines\/outubro-rosa\/","title":{"rendered":"Outubro Rosa"},"content":{"rendered":"<p>O movimento popular internacionalmente conhecido como Outubro Rosa \u00e9 comemorado em todo o mundo.<\/p>\n<p>O nome remete \u00e0 cor do la\u00e7o rosa que simboliza, mundialmente, a luta contra o c\u00e2ncer de mama e estimula a participa\u00e7\u00e3o da popula\u00e7\u00e3o, empresas e entidades.\u00a0Este movimento come\u00e7ou nos Estados Unidos, onde v\u00e1rios Estados tinham a\u00e7\u00f5es isoladas referente ao c\u00e2ncer de mama e ou mamografia no m\u00eas de outubro, posteriormente com a aprova\u00e7\u00e3o do Congresso Americano o m\u00eas de Outubro se tornou o m\u00eas nacional (americano) de preven\u00e7\u00e3o do c\u00e2ncer de mama.<\/p>\n<p>A hist\u00f3ria do Outubro Rosa remonta \u00e0 \u00faltima d\u00e9cada do s\u00e9culo 20, quando o la\u00e7o cor-de-rosa, foi lan\u00e7ado pela Funda\u00e7\u00e3o Susan G. Komen for the Cure e distribu\u00eddo aos participantes da primeira Corrida pela Cura, realizada em Nova York, em 1990 e, desde ent\u00e3o, promovida anualmente na cidade (www.komen.org).<\/p>\n<p>A popularidade do Outubro Rosa alcan\u00e7ou o mundo de forma bonita, elegante e feminina, motivando e unindo diversos povos em em torno de t\u00e3o nobre causa. Isso faz que a ilumina\u00e7\u00e3o em rosa assuma importante papel, pois tornou-se uma leitura visual, compreendida em qualquer lugar no mundo. (Fonte: site oficial outubro rosa)<\/p>\n<p><img decoding=\"async\" loading=\"lazy\" class=\"aligncenter size-full wp-image-2379\" src=\"http:\/\/www.ifbaiano.edu.br\/unidades\/santaines\/files\/2012\/10\/Outubro-Rosa2.jpg\" alt=\"\" width=\"182\" height=\"278\" \/><\/p>\n<p>&nbsp;<\/p>\n<p>Para maiores informa\u00e7\u00f5es acesse o site <a href=\"http:\/\/www.outubrorosa.org.br\/\">http:\/\/www.outubrorosa.org.br\/<\/a><\/p>\n","protected":false},"excerpt":{"rendered":"<p>O movimento popular internacionalmente conhecido como Outubro Rosa \u00e9 comemorado em todo o mundo. O nome remete \u00e0 cor do la\u00e7o rosa que simboliza, mundialmente, a luta contra o c\u00e2ncer de mama e estimula a participa\u00e7\u00e3o da popula\u00e7\u00e3o, empresas e entidades.\u00a0Este movimento come\u00e7ou nos Estados Unidos, onde v\u00e1rios Estados tinham a\u00e7\u00f5es isoladas referente ao c\u00e2ncer [&hellip;]<\/p>\n","protected":false},"author":29,"featured_media":2379,"comment_status":"closed","ping_status":"closed","sticky":false,"template":"","format":"standard","meta":[],"categories":[10],"tags":[],"_links":{"self":[{"href":"https:\/\/www.ifbaiano.edu.br\/unidades\/santaines\/wp-json\/wp\/v2\/posts\/2378"}],"collection":[{"href":"https:\/\/www.ifbaiano.edu.br\/unidades\/santaines\/wp-json\/wp\/v2\/posts"}],"about":[{"href":"https:\/\/www.ifbaiano.edu.br\/unidades\/santaines\/wp-json\/wp\/v2\/types\/post"}],"author":[{"embeddable":true,"href":"https:\/\/www.ifbaiano.edu.br\/unidades\/santaines\/wp-json\/wp\/v2\/users\/29"}],"replies":[{"embeddable":true,"href":"https:\/\/www.ifbaiano.edu.br\/unidades\/santaines\/wp-json\/wp\/v2\/comments?post=2378"}],"version-history":[{"count":4,"href":"https:\/\/www.ifbaiano.edu.br\/unidades\/santaines\/wp-json\/wp\/v2\/posts\/2378\/revisions"}],"predecessor-version":[{"id":2381,"href":"https:\/\/www.ifbaiano.edu.br\/unidades\/santaines\/wp-json\/wp\/v2\/posts\/2378\/revisions\/2381"}],"wp:featuredmedia":[{"embeddable":true,"href":"https:\/\/www.ifbaiano.edu.br\/unidades\/santaines\/wp-json\/wp\/v2\/media\/2379"}],"wp:attachment":[{"href":"https:\/\/www.ifbaiano.edu.br\/unidades\/santaines\/wp-json\/wp\/v2\/media?parent=2378"}],"wp:term":[{"taxonomy":"category","embeddable":true,"href":"https:\/\/www.ifbaiano.edu.br\/unidades\/santaines\/wp-json\/wp\/v2\/categories?post=2378"},{"taxonomy":"post_tag","embeddable":true,"href":"https:\/\/www.ifbaiano.edu.br\/unidades\/santaines\/wp-json\/wp\/v2\/tags?post=2378"}],"curies":[{"name":"wp","href":"https:\/\/api.w.org\/{rel}","templated":true}]}}