{"id":23793,"date":"2025-04-16T08:35:35","date_gmt":"2025-04-16T11:35:35","guid":{"rendered":"https:\/\/www.ifbaiano.edu.br\/unidades\/santaines\/?p=23793"},"modified":"2025-04-16T11:22:49","modified_gmt":"2025-04-16T14:22:49","slug":"campus-santa-ines-promove-aula-aberta-sobre-justica-reprodutiva-por-meio-de-uma-leitura-politica-da-anatomia-e-da-fisiologia-da-sexualidade-humana","status":"publish","type":"post","link":"https:\/\/www.ifbaiano.edu.br\/unidades\/santaines\/campus-santa-ines-promove-aula-aberta-sobre-justica-reprodutiva-por-meio-de-uma-leitura-politica-da-anatomia-e-da-fisiologia-da-sexualidade-humana\/","title":{"rendered":"Justi\u00e7a Reprodutiva: An\u00e1lise Pol\u00edtica da Sexualidade em Aula Aberta no Campus Santa In\u00eas"},"content":{"rendered":"\n<p>O audit\u00f3rio do Instituto Federal Baiano (IF Baiano) &#8211; Campus Santa In\u00eas foi palco, na noite de 10 de abril de 2025, de uma Aula Aberta sobre Justi\u00e7a Reprodutiva. A iniciativa partiu da turma 2021.1 do curso de Licenciatura em Ci\u00eancias Biol\u00f3gicas, como culmin\u00e2ncia do componente curricular \u201cAnatomia e Fisiologia Humana\u201d, ministrado pela Prof\u00aa Ma. Dolores Assaritti, e contou com a parceria do N\u00facleo de Estudos de G\u00eanero e Sexualidade (GENI) do campus na organiza\u00e7\u00e3o.<\/p>\n\n\n\n<figure class=\"wp-block-gallery has-nested-images columns-default is-cropped wp-block-gallery-1 is-layout-flex\">\n<figure class=\"wp-block-image size-large\"><a href=\"https:\/\/www.ifbaiano.edu.br\/unidades\/santaines\/files\/2025\/04\/2706-dd9a3cb7-885e-4536-a14f-b27a811e1c3a.webp\"><img decoding=\"async\" loading=\"lazy\" width=\"1024\" height=\"776\" data-id=\"23807\"  src=\"https:\/\/www.ifbaiano.edu.br\/unidades\/santaines\/files\/2025\/04\/2706-dd9a3cb7-885e-4536-a14f-b27a811e1c3a-1024x776.webp\" alt=\"\" class=\"wp-image-23807\" srcset=\"https:\/\/www.ifbaiano.edu.br\/unidades\/santaines\/files\/2025\/04\/2706-dd9a3cb7-885e-4536-a14f-b27a811e1c3a-1024x776.webp 1024w, https:\/\/www.ifbaiano.edu.br\/unidades\/santaines\/files\/2025\/04\/2706-dd9a3cb7-885e-4536-a14f-b27a811e1c3a-300x227.webp 300w, https:\/\/www.ifbaiano.edu.br\/unidades\/santaines\/files\/2025\/04\/2706-dd9a3cb7-885e-4536-a14f-b27a811e1c3a-768x582.webp 768w, https:\/\/www.ifbaiano.edu.br\/unidades\/santaines\/files\/2025\/04\/2706-dd9a3cb7-885e-4536-a14f-b27a811e1c3a-100x76.webp 100w, https:\/\/www.ifbaiano.edu.br\/unidades\/santaines\/files\/2025\/04\/2706-dd9a3cb7-885e-4536-a14f-b27a811e1c3a.webp 1425w\" sizes=\"(max-width: 1024px) 100vw, 1024px\" \/><\/a><\/figure>\n\n\n\n<figure class=\"wp-block-image size-large\"><a href=\"https:\/\/www.ifbaiano.edu.br\/unidades\/santaines\/files\/2025\/04\/2704-cf5190fb-5a59-4e79-b497-e827fbd3f0a7.webp\"><img decoding=\"async\" loading=\"lazy\" width=\"864\" height=\"1024\" data-id=\"23806\"  src=\"https:\/\/www.ifbaiano.edu.br\/unidades\/santaines\/files\/2025\/04\/2704-cf5190fb-5a59-4e79-b497-e827fbd3f0a7-864x1024.webp\" alt=\"\" class=\"wp-image-23806\" srcset=\"https:\/\/www.ifbaiano.edu.br\/unidades\/santaines\/files\/2025\/04\/2704-cf5190fb-5a59-4e79-b497-e827fbd3f0a7-864x1024.webp 864w, https:\/\/www.ifbaiano.edu.br\/unidades\/santaines\/files\/2025\/04\/2704-cf5190fb-5a59-4e79-b497-e827fbd3f0a7-253x300.webp 253w, https:\/\/www.ifbaiano.edu.br\/unidades\/santaines\/files\/2025\/04\/2704-cf5190fb-5a59-4e79-b497-e827fbd3f0a7-768x910.webp 768w, https:\/\/www.ifbaiano.edu.br\/unidades\/santaines\/files\/2025\/04\/2704-cf5190fb-5a59-4e79-b497-e827fbd3f0a7-100x119.webp 100w, https:\/\/www.ifbaiano.edu.br\/unidades\/santaines\/files\/2025\/04\/2704-cf5190fb-5a59-4e79-b497-e827fbd3f0a7.webp 911w\" sizes=\"(max-width: 864px) 100vw, 864px\" \/><\/a><\/figure>\n\n\n\n<figure class=\"wp-block-image size-large\"><a href=\"https:\/\/www.ifbaiano.edu.br\/unidades\/santaines\/files\/2025\/04\/2702-bc1e967f-c702-4991-973c-2c1b898280e5.webp\"><img decoding=\"async\" loading=\"lazy\" width=\"1024\" height=\"768\" data-id=\"23805\"  src=\"https:\/\/www.ifbaiano.edu.br\/unidades\/santaines\/files\/2025\/04\/2702-bc1e967f-c702-4991-973c-2c1b898280e5-1024x768.webp\" alt=\"\" class=\"wp-image-23805\" srcset=\"https:\/\/www.ifbaiano.edu.br\/unidades\/santaines\/files\/2025\/04\/2702-bc1e967f-c702-4991-973c-2c1b898280e5-1024x768.webp 1024w, https:\/\/www.ifbaiano.edu.br\/unidades\/santaines\/files\/2025\/04\/2702-bc1e967f-c702-4991-973c-2c1b898280e5-300x225.webp 300w, https:\/\/www.ifbaiano.edu.br\/unidades\/santaines\/files\/2025\/04\/2702-bc1e967f-c702-4991-973c-2c1b898280e5-768x576.webp 768w, https:\/\/www.ifbaiano.edu.br\/unidades\/santaines\/files\/2025\/04\/2702-bc1e967f-c702-4991-973c-2c1b898280e5-100x75.webp 100w, https:\/\/www.ifbaiano.edu.br\/unidades\/santaines\/files\/2025\/04\/2702-bc1e967f-c702-4991-973c-2c1b898280e5.webp 1440w\" sizes=\"(max-width: 1024px) 100vw, 1024px\" \/><\/a><\/figure>\n<\/figure>\n\n\n\n<p>O evento convidou toda a comunidade acad\u00eamica a prestigiar a apresenta\u00e7\u00e3o de projetos desenvolvidos pelos futuros professores de Biologia, abordando a anatomia e fisiologia humana sob uma perspectiva pol\u00edtica e socialmente engajada. Segundo a professora Dolores Assaritti, os estudantes demonstraram not\u00e1vel preparo e resili\u00eancia ao decidirem manter as apresenta\u00e7\u00f5es mesmo diante da instabilidade no fornecimento de energia el\u00e9trica no campus naquela noite. Sem o uso de projetores, a atividade foi adaptada para um formato de roda de conversa, o que n\u00e3o diminuiu o brilho das discuss\u00f5es.<\/p>\n\n\n\n<p>O di\u00e1logo percorreu temas cruciais como m\u00e9todos contraceptivos, Infec\u00e7\u00f5es Sexualmente Transmiss\u00edveis (ISTs), gravidez na adolesc\u00eancia, dignidade menstrual, direitos reprodutivos das mulheres negras, viol\u00eancia obst\u00e9trica e as complexas rela\u00e7\u00f5es entre justi\u00e7a reprodutiva e religi\u00e3o. A Prof\u00aa Dra. Cleomar Cabral, tamb\u00e9m coordenadora do GENI, e estudantes de outros cursos marcaram presen\u00e7a, enriquecendo o debate.<\/p>\n\n\n\n<p>Quatro projetos centrais foram apresentados:<\/p>\n\n\n\n<ol>\n<li>Educa\u00e7\u00e3o para Direitos Sexuais e Reprodutivos na Educa\u00e7\u00e3o B\u00e1sica;<\/li>\n\n\n\n<li>Dignidade Menstrual &#8211; N\u00e3o Deixar Ningu\u00e9m Para Tr\u00e1s;<\/li>\n\n\n\n<li>Biologia do Parto: dialogando os direitos reprodutivos das mulheres negras no contexto da Educa\u00e7\u00e3o B\u00e1sica;<\/li>\n\n\n\n<li>Justi\u00e7a Reprodutiva e Religi\u00e3o.<\/li>\n<\/ol>\n\n\n\n<p>Os trabalhos destacaram a import\u00e2ncia de abordar esses temas na forma\u00e7\u00e3o docente e na educa\u00e7\u00e3o b\u00e1sica. Um dos projetos ressaltou que falar sobre direitos sexuais e reprodutivos &#8220;\u00e9 fundamental para a forma\u00e7\u00e3o integral dos estudantes, permitindo que desenvolvam conhecimentos e consci\u00eancia sobre seus corpos, sexualidade, sa\u00fade e direitos&#8221;, sendo essencial para promover autonomia e prevenir problemas como gravidez n\u00e3o planejada, ISTs e viol\u00eancia de g\u00eanero (Trecho destacado do Projeto apresentado por Ana Rute Santos Borges, Cristiane Silva de Jesus, Paula Teles, Ver\u00f4nica Arag\u00e3o).<\/p>\n\n\n\n<figure class=\"wp-block-gallery has-nested-images columns-default is-cropped wp-block-gallery-3 is-layout-flex\">\n<figure class=\"wp-block-image size-large\"><a href=\"https:\/\/www.ifbaiano.edu.br\/unidades\/santaines\/files\/2025\/04\/2700-b41c3733-47e7-4067-b919-83e7c5f417a3.webp\"><img decoding=\"async\" loading=\"lazy\" width=\"811\" height=\"1024\" data-id=\"23804\"  src=\"https:\/\/www.ifbaiano.edu.br\/unidades\/santaines\/files\/2025\/04\/2700-b41c3733-47e7-4067-b919-83e7c5f417a3-811x1024.webp\" alt=\"\" class=\"wp-image-23804\" srcset=\"https:\/\/www.ifbaiano.edu.br\/unidades\/santaines\/files\/2025\/04\/2700-b41c3733-47e7-4067-b919-83e7c5f417a3-811x1024.webp 811w, https:\/\/www.ifbaiano.edu.br\/unidades\/santaines\/files\/2025\/04\/2700-b41c3733-47e7-4067-b919-83e7c5f417a3-238x300.webp 238w, https:\/\/www.ifbaiano.edu.br\/unidades\/santaines\/files\/2025\/04\/2700-b41c3733-47e7-4067-b919-83e7c5f417a3-768x970.webp 768w, https:\/\/www.ifbaiano.edu.br\/unidades\/santaines\/files\/2025\/04\/2700-b41c3733-47e7-4067-b919-83e7c5f417a3-100x126.webp 100w, https:\/\/www.ifbaiano.edu.br\/unidades\/santaines\/files\/2025\/04\/2700-b41c3733-47e7-4067-b919-83e7c5f417a3.webp 855w\" sizes=\"(max-width: 811px) 100vw, 811px\" \/><\/a><\/figure>\n\n\n\n<figure class=\"wp-block-image size-large\"><a href=\"https:\/\/www.ifbaiano.edu.br\/unidades\/santaines\/files\/2025\/04\/2698-a5611001-370f-4858-afa4-f8bf80664667.webp\"><img decoding=\"async\" loading=\"lazy\" width=\"1024\" height=\"768\" data-id=\"23803\"  src=\"https:\/\/www.ifbaiano.edu.br\/unidades\/santaines\/files\/2025\/04\/2698-a5611001-370f-4858-afa4-f8bf80664667-1024x768.webp\" alt=\"\" class=\"wp-image-23803\" srcset=\"https:\/\/www.ifbaiano.edu.br\/unidades\/santaines\/files\/2025\/04\/2698-a5611001-370f-4858-afa4-f8bf80664667-1024x768.webp 1024w, https:\/\/www.ifbaiano.edu.br\/unidades\/santaines\/files\/2025\/04\/2698-a5611001-370f-4858-afa4-f8bf80664667-300x225.webp 300w, https:\/\/www.ifbaiano.edu.br\/unidades\/santaines\/files\/2025\/04\/2698-a5611001-370f-4858-afa4-f8bf80664667-768x576.webp 768w, https:\/\/www.ifbaiano.edu.br\/unidades\/santaines\/files\/2025\/04\/2698-a5611001-370f-4858-afa4-f8bf80664667-100x75.webp 100w, https:\/\/www.ifbaiano.edu.br\/unidades\/santaines\/files\/2025\/04\/2698-a5611001-370f-4858-afa4-f8bf80664667.webp 1440w\" sizes=\"(max-width: 1024px) 100vw, 1024px\" \/><\/a><\/figure>\n\n\n\n<figure class=\"wp-block-image size-large\"><a href=\"https:\/\/www.ifbaiano.edu.br\/unidades\/santaines\/files\/2025\/04\/2695-978d8d3d-9823-4ca5-9d79-2cb3571b551b.webp\"><img decoding=\"async\" loading=\"lazy\" width=\"775\" height=\"1024\" data-id=\"23801\"  src=\"https:\/\/www.ifbaiano.edu.br\/unidades\/santaines\/files\/2025\/04\/2695-978d8d3d-9823-4ca5-9d79-2cb3571b551b-775x1024.webp\" alt=\"\" class=\"wp-image-23801\" srcset=\"https:\/\/www.ifbaiano.edu.br\/unidades\/santaines\/files\/2025\/04\/2695-978d8d3d-9823-4ca5-9d79-2cb3571b551b-775x1024.webp 775w, https:\/\/www.ifbaiano.edu.br\/unidades\/santaines\/files\/2025\/04\/2695-978d8d3d-9823-4ca5-9d79-2cb3571b551b-227x300.webp 227w, https:\/\/www.ifbaiano.edu.br\/unidades\/santaines\/files\/2025\/04\/2695-978d8d3d-9823-4ca5-9d79-2cb3571b551b-768x1015.webp 768w, https:\/\/www.ifbaiano.edu.br\/unidades\/santaines\/files\/2025\/04\/2695-978d8d3d-9823-4ca5-9d79-2cb3571b551b-100x132.webp 100w, https:\/\/www.ifbaiano.edu.br\/unidades\/santaines\/files\/2025\/04\/2695-978d8d3d-9823-4ca5-9d79-2cb3571b551b.webp 817w\" sizes=\"(max-width: 775px) 100vw, 775px\" \/><\/a><\/figure>\n<\/figure>\n\n\n\n<p>Outro grupo enfatizou a dignidade menstrual como &#8220;um direito fundamental que garante [&#8230;] acesso a produtos de higiene, informa\u00e7\u00e3o e suporte adequado&#8221;, combatendo a pobreza menstrual que afeta a frequ\u00eancia escolar e o bem-estar. A discuss\u00e3o sobre &#8220;Biologia do Parto&#8221; trouxe \u00e0 tona os &#8220;atravessamentos enfrentados pelas mulheres negras no campo obst\u00e9trico e os seus direitos reprodutivos&#8221;, defendendo a necessidade de abordar o tema nas escolas de forma cr\u00edtica e contextualizada socialmente (Trecho destacado do Projeto apresentado por Daiane Pereira, D\u00e9bora Rocha, Kamilla In\u00eas Santana, Manoel Junior, Tatiane de Jesus e Viviane Santos).<\/p>\n\n\n\n<p>Com rela\u00e7\u00e3o \u00e0 biologia do parto, o terceiro grupo a se apresentar destacou a import\u00e2ncia de se \u201cconhecer os atravessamentos enfrentados pelas mulheres negras no campo obst\u00e9trico e os seus direitos reprodutivos\u201d. O grupo apresentou o projeto \u201cBiologia do parto: Dialogando os direitos reprodutivos das mulheres negras no contexto da Educa\u00e7\u00e3o B\u00e1sica (Trecho destacado do Projeto apresentado por Marcos Oliveira, Tiago Leite, Jadson Amorim e Mirele Felix).<\/p>\n\n\n\n<p>Por fim, o projeto sobre Justi\u00e7a Reprodutiva e Religi\u00e3o prop\u00f4s 10 compromissos pr\u00e1ticos para a comunidade acad\u00eamica assumir em defesa da liberdade e dignidade, incluindo a leitura cr\u00edtica sobre o tema, o combate \u00e0 desinforma\u00e7\u00e3o, o acolhimento a v\u00edtimas de viol\u00eancia e a luta por direitos efetivos, &#8220;entendendo que nem todos tem acesso aos mesmos bens de servi\u00e7os e consumo, pois vivemos diferentes realidades sociais.&#8221; (Trecho destacado do Projeto apresentado por Erica Santos Sampaio, Lucidreia Ferreira, Lucineia Bittencourt, Maria Aparecida Aquino).<\/p>\n\n\n\n<p> Destaca-se ainda a <a href=\"https:\/\/www.ifbaiano.edu.br\/unidades\/santaines\/files\/2025\/04\/Poema-Aluna-Lucineia-Bittencourt.pdf\">poesia<\/a> escrita pela estudante Lucineia Bittencourt, um exemplo da arte como metodologia potente para abordar tem\u00e1ticas sens\u00edveis.<\/p>\n\n\n\n<p>A Aula Aberta refor\u00e7ou o papel do IF Baiano como espa\u00e7o de forma\u00e7\u00e3o cr\u00edtica, conectando o conhecimento t\u00e9cnico-cient\u00edfico da Biologia \u00e0s urgentes demandas sociais por justi\u00e7a e equidade.<\/p>\n\n\n\n<figure class=\"wp-block-gallery has-nested-images columns-default is-cropped wp-block-gallery-5 is-layout-flex\">\n<figure class=\"wp-block-image size-large\"><a href=\"https:\/\/www.ifbaiano.edu.br\/unidades\/santaines\/files\/2025\/04\/2692-85f57397-f218-4b78-b094-3a9a30974880.webp\"><img decoding=\"async\" loading=\"lazy\" width=\"1024\" height=\"576\" data-id=\"23799\"  src=\"https:\/\/www.ifbaiano.edu.br\/unidades\/santaines\/files\/2025\/04\/2692-85f57397-f218-4b78-b094-3a9a30974880-1024x576.webp\" alt=\"\" class=\"wp-image-23799\" srcset=\"https:\/\/www.ifbaiano.edu.br\/unidades\/santaines\/files\/2025\/04\/2692-85f57397-f218-4b78-b094-3a9a30974880-1024x576.webp 1024w, https:\/\/www.ifbaiano.edu.br\/unidades\/santaines\/files\/2025\/04\/2692-85f57397-f218-4b78-b094-3a9a30974880-300x169.webp 300w, https:\/\/www.ifbaiano.edu.br\/unidades\/santaines\/files\/2025\/04\/2692-85f57397-f218-4b78-b094-3a9a30974880-768x432.webp 768w, https:\/\/www.ifbaiano.edu.br\/unidades\/santaines\/files\/2025\/04\/2692-85f57397-f218-4b78-b094-3a9a30974880-100x56.webp 100w, https:\/\/www.ifbaiano.edu.br\/unidades\/santaines\/files\/2025\/04\/2692-85f57397-f218-4b78-b094-3a9a30974880.webp 1280w\" sizes=\"(max-width: 1024px) 100vw, 1024px\" \/><\/a><\/figure>\n\n\n\n<figure class=\"wp-block-image size-large\"><a href=\"https:\/\/www.ifbaiano.edu.br\/unidades\/santaines\/files\/2025\/04\/2696-a001b8fe-e01b-4883-89da-6943b46e35f6.webp\"><img decoding=\"async\" loading=\"lazy\" width=\"1024\" height=\"768\" data-id=\"23802\"  src=\"https:\/\/www.ifbaiano.edu.br\/unidades\/santaines\/files\/2025\/04\/2696-a001b8fe-e01b-4883-89da-6943b46e35f6-1024x768.webp\" alt=\"\" class=\"wp-image-23802\" srcset=\"https:\/\/www.ifbaiano.edu.br\/unidades\/santaines\/files\/2025\/04\/2696-a001b8fe-e01b-4883-89da-6943b46e35f6-1024x768.webp 1024w, https:\/\/www.ifbaiano.edu.br\/unidades\/santaines\/files\/2025\/04\/2696-a001b8fe-e01b-4883-89da-6943b46e35f6-300x225.webp 300w, https:\/\/www.ifbaiano.edu.br\/unidades\/santaines\/files\/2025\/04\/2696-a001b8fe-e01b-4883-89da-6943b46e35f6-768x576.webp 768w, https:\/\/www.ifbaiano.edu.br\/unidades\/santaines\/files\/2025\/04\/2696-a001b8fe-e01b-4883-89da-6943b46e35f6-100x75.webp 100w, https:\/\/www.ifbaiano.edu.br\/unidades\/santaines\/files\/2025\/04\/2696-a001b8fe-e01b-4883-89da-6943b46e35f6.webp 1440w\" sizes=\"(max-width: 1024px) 100vw, 1024px\" \/><\/a><\/figure>\n\n\n\n<figure class=\"wp-block-image size-large\"><a href=\"https:\/\/www.ifbaiano.edu.br\/unidades\/santaines\/files\/2025\/04\/2693-148cbb2e-677a-4e9a-bff1-f7f79101839b.webp\"><img decoding=\"async\" loading=\"lazy\" width=\"1024\" height=\"768\" data-id=\"23800\"  src=\"https:\/\/www.ifbaiano.edu.br\/unidades\/santaines\/files\/2025\/04\/2693-148cbb2e-677a-4e9a-bff1-f7f79101839b-1024x768.webp\" alt=\"\" class=\"wp-image-23800\" srcset=\"https:\/\/www.ifbaiano.edu.br\/unidades\/santaines\/files\/2025\/04\/2693-148cbb2e-677a-4e9a-bff1-f7f79101839b-1024x768.webp 1024w, https:\/\/www.ifbaiano.edu.br\/unidades\/santaines\/files\/2025\/04\/2693-148cbb2e-677a-4e9a-bff1-f7f79101839b-300x225.webp 300w, https:\/\/www.ifbaiano.edu.br\/unidades\/santaines\/files\/2025\/04\/2693-148cbb2e-677a-4e9a-bff1-f7f79101839b-768x576.webp 768w, https:\/\/www.ifbaiano.edu.br\/unidades\/santaines\/files\/2025\/04\/2693-148cbb2e-677a-4e9a-bff1-f7f79101839b-100x75.webp 100w, https:\/\/www.ifbaiano.edu.br\/unidades\/santaines\/files\/2025\/04\/2693-148cbb2e-677a-4e9a-bff1-f7f79101839b.webp 1440w\" sizes=\"(max-width: 1024px) 100vw, 1024px\" \/><\/a><\/figure>\n\n\n\n<figure class=\"wp-block-image size-large\"><a href=\"https:\/\/www.ifbaiano.edu.br\/unidades\/santaines\/files\/2025\/04\/2691-6c312949-9184-44b7-9aa9-a170b6585f13.webp\"><img decoding=\"async\" loading=\"lazy\" width=\"850\" height=\"1024\" data-id=\"23798\"  src=\"https:\/\/www.ifbaiano.edu.br\/unidades\/santaines\/files\/2025\/04\/2691-6c312949-9184-44b7-9aa9-a170b6585f13-850x1024.webp\" alt=\"\" class=\"wp-image-23798\" srcset=\"https:\/\/www.ifbaiano.edu.br\/unidades\/santaines\/files\/2025\/04\/2691-6c312949-9184-44b7-9aa9-a170b6585f13-850x1024.webp 850w, https:\/\/www.ifbaiano.edu.br\/unidades\/santaines\/files\/2025\/04\/2691-6c312949-9184-44b7-9aa9-a170b6585f13-249x300.webp 249w, https:\/\/www.ifbaiano.edu.br\/unidades\/santaines\/files\/2025\/04\/2691-6c312949-9184-44b7-9aa9-a170b6585f13-768x926.webp 768w, https:\/\/www.ifbaiano.edu.br\/unidades\/santaines\/files\/2025\/04\/2691-6c312949-9184-44b7-9aa9-a170b6585f13-100x121.webp 100w, https:\/\/www.ifbaiano.edu.br\/unidades\/santaines\/files\/2025\/04\/2691-6c312949-9184-44b7-9aa9-a170b6585f13.webp 896w\" sizes=\"(max-width: 850px) 100vw, 850px\" \/><\/a><\/figure>\n\n\n\n<figure class=\"wp-block-image size-large\"><a href=\"https:\/\/www.ifbaiano.edu.br\/unidades\/santaines\/files\/2025\/04\/2690-5d084dc8-3105-477f-acc1-7daabe3d0654.webp\"><img decoding=\"async\" loading=\"lazy\" width=\"1024\" height=\"858\" data-id=\"23797\"  src=\"https:\/\/www.ifbaiano.edu.br\/unidades\/santaines\/files\/2025\/04\/2690-5d084dc8-3105-477f-acc1-7daabe3d0654-1024x858.webp\" alt=\"\" class=\"wp-image-23797\" srcset=\"https:\/\/www.ifbaiano.edu.br\/unidades\/santaines\/files\/2025\/04\/2690-5d084dc8-3105-477f-acc1-7daabe3d0654-1024x858.webp 1024w, https:\/\/www.ifbaiano.edu.br\/unidades\/santaines\/files\/2025\/04\/2690-5d084dc8-3105-477f-acc1-7daabe3d0654-300x251.webp 300w, https:\/\/www.ifbaiano.edu.br\/unidades\/santaines\/files\/2025\/04\/2690-5d084dc8-3105-477f-acc1-7daabe3d0654-768x643.webp 768w, https:\/\/www.ifbaiano.edu.br\/unidades\/santaines\/files\/2025\/04\/2690-5d084dc8-3105-477f-acc1-7daabe3d0654-100x84.webp 100w, https:\/\/www.ifbaiano.edu.br\/unidades\/santaines\/files\/2025\/04\/2690-5d084dc8-3105-477f-acc1-7daabe3d0654.webp 1289w\" sizes=\"(max-width: 1024px) 100vw, 1024px\" \/><\/a><\/figure>\n\n\n\n<figure class=\"wp-block-image size-large\"><a href=\"https:\/\/www.ifbaiano.edu.br\/unidades\/santaines\/files\/2025\/04\/2675-5c05ecb0-85f0-47ef-9f51-4584ef081de7.webp\"><img decoding=\"async\" loading=\"lazy\" width=\"654\" height=\"1024\" data-id=\"23796\"  src=\"https:\/\/www.ifbaiano.edu.br\/unidades\/santaines\/files\/2025\/04\/2675-5c05ecb0-85f0-47ef-9f51-4584ef081de7-654x1024.webp\" alt=\"\" class=\"wp-image-23796\" srcset=\"https:\/\/www.ifbaiano.edu.br\/unidades\/santaines\/files\/2025\/04\/2675-5c05ecb0-85f0-47ef-9f51-4584ef081de7-654x1024.webp 654w, https:\/\/www.ifbaiano.edu.br\/unidades\/santaines\/files\/2025\/04\/2675-5c05ecb0-85f0-47ef-9f51-4584ef081de7-192x300.webp 192w, https:\/\/www.ifbaiano.edu.br\/unidades\/santaines\/files\/2025\/04\/2675-5c05ecb0-85f0-47ef-9f51-4584ef081de7-100x157.webp 100w, https:\/\/www.ifbaiano.edu.br\/unidades\/santaines\/files\/2025\/04\/2675-5c05ecb0-85f0-47ef-9f51-4584ef081de7.webp 690w\" sizes=\"(max-width: 654px) 100vw, 654px\" \/><\/a><\/figure>\n<\/figure>\n\n\n\n<hr class=\"wp-block-separator has-alpha-channel-opacity\" \/>\n","protected":false},"excerpt":{"rendered":"<p>O audit\u00f3rio do Instituto Federal Baiano (IF Baiano) &#8211; Campus Santa In\u00eas foi palco, na noite de 10 de abril de 2025, de uma Aula Aberta sobre Justi\u00e7a Reprodutiva. A iniciativa partiu da turma 2021.1 do curso de Licenciatura em Ci\u00eancias Biol\u00f3gicas, como culmin\u00e2ncia do componente curricular \u201cAnatomia e Fisiologia Humana\u201d, ministrado pela Prof\u00aa Ma. [&hellip;]<\/p>\n","protected":false},"author":86,"featured_media":23808,"comment_status":"closed","ping_status":"closed","sticky":false,"template":"","format":"standard","meta":[],"categories":[4,57],"tags":[],"_links":{"self":[{"href":"https:\/\/www.ifbaiano.edu.br\/unidades\/santaines\/wp-json\/wp\/v2\/posts\/23793"}],"collection":[{"href":"https:\/\/www.ifbaiano.edu.br\/unidades\/santaines\/wp-json\/wp\/v2\/posts"}],"about":[{"href":"https:\/\/www.ifbaiano.edu.br\/unidades\/santaines\/wp-json\/wp\/v2\/types\/post"}],"author":[{"embeddable":true,"href":"https:\/\/www.ifbaiano.edu.br\/unidades\/santaines\/wp-json\/wp\/v2\/users\/86"}],"replies":[{"embeddable":true,"href":"https:\/\/www.ifbaiano.edu.br\/unidades\/santaines\/wp-json\/wp\/v2\/comments?post=23793"}],"version-history":[{"count":3,"href":"https:\/\/www.ifbaiano.edu.br\/unidades\/santaines\/wp-json\/wp\/v2\/posts\/23793\/revisions"}],"predecessor-version":[{"id":23815,"href":"https:\/\/www.ifbaiano.edu.br\/unidades\/santaines\/wp-json\/wp\/v2\/posts\/23793\/revisions\/23815"}],"wp:featuredmedia":[{"embeddable":true,"href":"https:\/\/www.ifbaiano.edu.br\/unidades\/santaines\/wp-json\/wp\/v2\/media\/23808"}],"wp:attachment":[{"href":"https:\/\/www.ifbaiano.edu.br\/unidades\/santaines\/wp-json\/wp\/v2\/media?parent=23793"}],"wp:term":[{"taxonomy":"category","embeddable":true,"href":"https:\/\/www.ifbaiano.edu.br\/unidades\/santaines\/wp-json\/wp\/v2\/categories?post=23793"},{"taxonomy":"post_tag","embeddable":true,"href":"https:\/\/www.ifbaiano.edu.br\/unidades\/santaines\/wp-json\/wp\/v2\/tags?post=23793"}],"curies":[{"name":"wp","href":"https:\/\/api.w.org\/{rel}","templated":true}]}}