{"id":23820,"date":"2025-04-22T16:08:51","date_gmt":"2025-04-22T19:08:51","guid":{"rendered":"https:\/\/www.ifbaiano.edu.br\/unidades\/santaines\/?p=23820"},"modified":"2025-04-30T13:18:20","modified_gmt":"2025-04-30T16:18:20","slug":"campus-santa-ines-abre-periodo-de-renovacao-de-matricula-para-cursos-de-graduacao","status":"publish","type":"post","link":"https:\/\/www.ifbaiano.edu.br\/unidades\/santaines\/campus-santa-ines-abre-periodo-de-renovacao-de-matricula-para-cursos-de-graduacao\/","title":{"rendered":"Campus Santa In\u00eas abre per\u00edodo de renova\u00e7\u00e3o de matr\u00edcula para Cursos de Gradua\u00e7\u00e3o"},"content":{"rendered":"\n<p>O Instituto Federal de Educa\u00e7\u00e3o, Ci\u00eancia e Tecnologia Baiano (IF Baiano), Campus Santa In\u00eas, divulgou as regras para a renova\u00e7\u00e3o obrigat\u00f3ria de matr\u00edcula para o primeiro semestre letivo de 2025. O procedimento, detalhado no <a href=\"https:\/\/www.ifbaiano.edu.br\/unidades\/santaines\/files\/2025\/04\/Edital-Renovacao-de-Matricula-Cursos-Superiores.pdf\">Edital n\u00ba 12\/2025<\/a> e <a href=\"https:\/\/www.ifbaiano.edu.br\/unidades\/santaines\/files\/2025\/04\/Edital-de-retificacao-renovacao-de-matricula-superior.pdf\">Edital de Retifica\u00e7\u00e3o<\/a>, \u00e9 essencial para estudantes dos cursos de Bacharelado em Zootecnia, Licenciatura em Ci\u00eancias Biol\u00f3gicas e Licenciatura em Geografia.<\/p>\n\n\n\n<p><strong>Per\u00edodo e Procedimento<\/strong><\/p>\n\n\n\n<p>Os estudantes devem realizar a renova\u00e7\u00e3o de matr\u00edcula exclusivamente atrav\u00e9s do portal do aluno no <a href=\"https:\/\/wiki.ifbaiano.edu.br\/bin\/view\/Wikis\/DGTI\/CODES\/Sistemas\/SUAP\/Alunos\/Rematricula\">Sistema Acad\u00eamico (SUAP)<\/a> entre os dias&nbsp;<strong>30 de abril, 01 e 02 de maio de 2025<\/strong>, com prazo final \u00e0s 23h59min do \u00faltimo dia conforme <a href=\"https:\/\/www.ifbaiano.edu.br\/unidades\/santaines\/files\/2025\/04\/Edital-de-retificacao-renovacao-de-matricula-superior.pdf\">Edital de Retifica\u00e7\u00e3o<\/a>.<\/p>\n\n\n\n<p>No ato da renova\u00e7\u00e3o, o discente dever\u00e1 selecionar todas as disciplinas que pretende cursar no semestre 2025.1. A efetiva\u00e7\u00e3o da matr\u00edcula nas disciplinas solicitadas est\u00e1 condicionada ao cumprimento de pr\u00e9-requisitos e outras normas definidas nos projetos dos cursos e na <a href=\"https:\/\/ifbaiano.edu.br\/portal\/wp-content\/uploads\/2021\/05\/Resolucao-64-consolidadad.pdf\">Organiza\u00e7\u00e3o Did\u00e1tica do IF Baiano<\/a>. \u00c9 responsabilidade do aluno acompanhar no SUAP as disciplinas em que foi efetivamente matriculado.<\/p>\n\n\n\n<p><strong>Aten\u00e7\u00e3o aos Prazos e Consequ\u00eancias<\/strong><\/p>\n\n\n\n<p>Estudantes dos cursos de gradua\u00e7\u00e3o do Campus Santa In\u00eas devem ficar atentos pois, a n\u00e3o realiza\u00e7\u00e3o da renova\u00e7\u00e3o dentro do prazo estabelecido (30\/04 a 02\/05), implicar\u00e1 na&nbsp;<strong>considera\u00e7\u00e3o do aluno como desistente<\/strong>, levando ao cancelamento de sua matr\u00edcula. Aqueles que perderem o prazo principal poder\u00e3o solicitar a &#8220;Matr\u00edcula Fora de Prazo&#8221; via requerimento no SUAP, anexando justificativa, em at\u00e9 10 dias \u00fateis ap\u00f3s 02 de maio.<\/p>\n\n\n\n<p><strong>Outras Datas Importantes:<\/strong><\/p>\n\n\n\n<ul>\n<li>&nbsp;Para alunos que n\u00e3o tiveram a solicita\u00e7\u00e3o totalmente processada, haver\u00e1 um per\u00edodo de ajuste nos dias 05 a 09\/05\/2025, tamb\u00e9m via requerimento no SUAP.<\/li>\n\n\n\n<li><strong>Trancamento Volunt\u00e1rio:<\/strong>&nbsp;Solicita\u00e7\u00f5es de trancamento total ou parcial podem ser feitas de 12 a 16 de maio de 2025, via SUAP.<\/li>\n\n\n\n<li><strong>Aproveitamento de Estudos:<\/strong>&nbsp;Solicita\u00e7\u00f5es para aproveitamento de componentes curriculares cursados em outras institui\u00e7\u00f5es ou no pr\u00f3prio IF Baiano devem ser feitas presencialmente, via requerimento, de 12 a 16 de maio de 2025.<\/li>\n<\/ul>\n\n\n\n<p><strong><\/strong><strong>Est\u00e1gio Curricular<\/strong><\/p>\n\n\n\n<p>A matr\u00edcula no componente curricular de est\u00e1gio \u00e9 obrigat\u00f3ria para sua realiza\u00e7\u00e3o, mesmo que ocorra ap\u00f3s a conclus\u00e3o das demais disciplinas ou com depend\u00eancias.<\/p>\n\n\n\n<p><strong>D\u00favidas e Contato<\/strong><\/p>\n\n\n\n<p>Instru\u00e7\u00f5es detalhadas sobre como realizar a renova\u00e7\u00e3o no <a href=\"https:\/\/wiki.ifbaiano.edu.br\/bin\/view\/Wikis\/DGTI\/CODES\/Sistemas\/SUAP\/Alunos\/Rematricula\">SUAP<\/a> est\u00e3o dispon\u00edveis no Anexo I do <a href=\"https:\/\/www.ifbaiano.edu.br\/unidades\/santaines\/files\/2025\/04\/Edital-Renovacao-de-Matricula-Cursos-Superiores.pdf\">edital<\/a>. Em caso de d\u00favidas, os estudantes devem entrar em contato com a Secretaria de Registros Acad\u00eamicos (SRA) pelo e-mail:&nbsp;<strong><a rel=\"noreferrer noopener\" href=\"https:\/\/www.google.com\/url?sa=E&amp;q=mailto%3Asecretaria%40si.ifbaiano.edu.br\" target=\"_blank\">secretaria@si.ifbaiano.edu.br<\/a><\/strong>. Orienta\u00e7\u00f5es para redefinir a senha do SUAP tamb\u00e9m constam no <a href=\"https:\/\/www.ifbaiano.edu.br\/unidades\/santaines\/files\/2025\/04\/Edital-Renovacao-de-Matricula-Cursos-Superiores.pdf\">edital<\/a>.<\/p>\n\n\n\n<p>A Dire\u00e7\u00e3o do Campus Santa In\u00eas refor\u00e7a a import\u00e2ncia do cumprimento dos prazos para garantir a continuidade dos estudos no pr\u00f3ximo semestre.<\/p>\n\n\n\n<hr class=\"wp-block-separator has-alpha-channel-opacity\" \/>\n","protected":false},"excerpt":{"rendered":"<p>O Instituto Federal de Educa\u00e7\u00e3o, Ci\u00eancia e Tecnologia Baiano (IF Baiano), Campus Santa In\u00eas, divulgou as regras para a renova\u00e7\u00e3o obrigat\u00f3ria de matr\u00edcula para o primeiro semestre letivo de 2025. O procedimento, detalhado no Edital n\u00ba 12\/2025 e Edital de Retifica\u00e7\u00e3o, \u00e9 essencial para estudantes dos cursos de Bacharelado em Zootecnia, Licenciatura em Ci\u00eancias Biol\u00f3gicas [&hellip;]<\/p>\n","protected":false},"author":86,"featured_media":23906,"comment_status":"closed","ping_status":"closed","sticky":false,"template":"","format":"standard","meta":[],"categories":[4,5,10,57],"tags":[],"_links":{"self":[{"href":"https:\/\/www.ifbaiano.edu.br\/unidades\/santaines\/wp-json\/wp\/v2\/posts\/23820"}],"collection":[{"href":"https:\/\/www.ifbaiano.edu.br\/unidades\/santaines\/wp-json\/wp\/v2\/posts"}],"about":[{"href":"https:\/\/www.ifbaiano.edu.br\/unidades\/santaines\/wp-json\/wp\/v2\/types\/post"}],"author":[{"embeddable":true,"href":"https:\/\/www.ifbaiano.edu.br\/unidades\/santaines\/wp-json\/wp\/v2\/users\/86"}],"replies":[{"embeddable":true,"href":"https:\/\/www.ifbaiano.edu.br\/unidades\/santaines\/wp-json\/wp\/v2\/comments?post=23820"}],"version-history":[{"count":8,"href":"https:\/\/www.ifbaiano.edu.br\/unidades\/santaines\/wp-json\/wp\/v2\/posts\/23820\/revisions"}],"predecessor-version":[{"id":23907,"href":"https:\/\/www.ifbaiano.edu.br\/unidades\/santaines\/wp-json\/wp\/v2\/posts\/23820\/revisions\/23907"}],"wp:featuredmedia":[{"embeddable":true,"href":"https:\/\/www.ifbaiano.edu.br\/unidades\/santaines\/wp-json\/wp\/v2\/media\/23906"}],"wp:attachment":[{"href":"https:\/\/www.ifbaiano.edu.br\/unidades\/santaines\/wp-json\/wp\/v2\/media?parent=23820"}],"wp:term":[{"taxonomy":"category","embeddable":true,"href":"https:\/\/www.ifbaiano.edu.br\/unidades\/santaines\/wp-json\/wp\/v2\/categories?post=23820"},{"taxonomy":"post_tag","embeddable":true,"href":"https:\/\/www.ifbaiano.edu.br\/unidades\/santaines\/wp-json\/wp\/v2\/tags?post=23820"}],"curies":[{"name":"wp","href":"https:\/\/api.w.org\/{rel}","templated":true}]}}