{"id":23827,"date":"2025-04-22T16:48:57","date_gmt":"2025-04-22T19:48:57","guid":{"rendered":"https:\/\/www.ifbaiano.edu.br\/unidades\/santaines\/?p=23827"},"modified":"2025-04-22T16:48:57","modified_gmt":"2025-04-22T19:48:57","slug":"if-baiano-santa-ines-realiza-ii-encontro-cafe-prosa-e-autoamor-com-foco-em-sexualidade-para-servidoras","status":"publish","type":"post","link":"https:\/\/www.ifbaiano.edu.br\/unidades\/santaines\/if-baiano-santa-ines-realiza-ii-encontro-cafe-prosa-e-autoamor-com-foco-em-sexualidade-para-servidoras\/","title":{"rendered":"IF Baiano Santa In\u00eas realiza II Encontro &#8216;Caf\u00e9, Prosa e Autoamor&#8217; com foco em Sexualidade para servidoras"},"content":{"rendered":"\n<p>O Instituto Federal Baiano (IF Baiano) &#8211; Campus Santa In\u00eas promove na pr\u00f3xima&nbsp;<strong>quinta-feira, 24 de abril, \u00e0s 13h30<\/strong>, o &#8220;<strong>II Caf\u00e9, prosa e autoamor: Um encontro de servidoras do IF Baiano<\/strong>&#8220;. Dando seguimento \u00e0s a\u00e7\u00f5es do projeto voltado ao bem-estar e \u00e0 integra\u00e7\u00e3o feminina na institui\u00e7\u00e3o, este segundo encontro ter\u00e1 como tema central a&nbsp;<strong>&#8220;Sexualidade&#8221;<\/strong>&nbsp;e contar\u00e1 com a participa\u00e7\u00e3o especial da m\u00e9dica ginecologista&nbsp;<strong>Patr\u00edcia Marques<\/strong>.<\/p>\n\n\n\n<p>Esta iniciativa \u00e9 a continua\u00e7\u00e3o do projeto &#8220;Caf\u00e9, Prosa e Autoamor&#8221;, que teve seu primeiro momento em mar\u00e7o, conforme <a href=\"https:\/\/www.ifbaiano.edu.br\/unidades\/santaines\/campus-santa-ines-celebra-dia-da-mulher-com-cafe-prosa-e-autocuidado-um-encontro-para-a-resistencia-e-o-autoamor\/\">divulgado anteriormente<\/a>, criando um espa\u00e7o valioso de acolhimento e di\u00e1logo entre as servidoras. O projeto tem car\u00e1ter cont\u00ednuo e prev\u00ea encontros mensais, cada um abordando diferentes temas pertinentes ao universo feminino.<\/p>\n\n\n\n<p>Nesta segunda edi\u00e7\u00e3o, o foco ser\u00e1 a &#8220;Sexualidade&#8221;, um tema fundamental para a sa\u00fade integral, o autoconhecimento e o bem-estar. Para conduzir a conversa, trazer informa\u00e7\u00f5es m\u00e9dicas atualizadas e esclarecer d\u00favidas em um ambiente seguro e respeitoso, o encontro contar\u00e1 com a presen\u00e7a da Dra. Patr\u00edcia Marques, ginecologista convidada.<\/p>\n\n\n\n<p>Segundo a psic\u00f3loga do Campus, Meirelande Rocha, idealizadora do projeto, o objetivo do &#8220;Caf\u00e9, Prosa e Autoamor&#8221; \u00e9 fortalecer os la\u00e7os entre as servidoras, promover o di\u00e1logo aberto sobre quest\u00f5es importantes, incentivar o autoamor e construir uma rede de apoio m\u00fatua dentro do ambiente de trabalho.<\/p>\n\n\n\n<p>Todas as servidoras do Campus Santa In\u00eas est\u00e3o convidadas a participar deste importante momento de aprendizado, partilha e cuidado coletivo. O encontro ser\u00e1 realizado no audit\u00f3rio da biblioteca do campus.<\/p>\n\n\n\n<hr class=\"wp-block-separator has-alpha-channel-opacity\" \/>\n","protected":false},"excerpt":{"rendered":"<p>O Instituto Federal Baiano (IF Baiano) &#8211; Campus Santa In\u00eas promove na pr\u00f3xima&nbsp;quinta-feira, 24 de abril, \u00e0s 13h30, o &#8220;II Caf\u00e9, prosa e autoamor: Um encontro de servidoras do IF Baiano&#8220;. Dando seguimento \u00e0s a\u00e7\u00f5es do projeto voltado ao bem-estar e \u00e0 integra\u00e7\u00e3o feminina na institui\u00e7\u00e3o, este segundo encontro ter\u00e1 como tema central a&nbsp;&#8220;Sexualidade&#8221;&nbsp;e contar\u00e1 [&hellip;]<\/p>\n","protected":false},"author":86,"featured_media":23830,"comment_status":"closed","ping_status":"closed","sticky":false,"template":"","format":"standard","meta":[],"categories":[4,5,57],"tags":[],"_links":{"self":[{"href":"https:\/\/www.ifbaiano.edu.br\/unidades\/santaines\/wp-json\/wp\/v2\/posts\/23827"}],"collection":[{"href":"https:\/\/www.ifbaiano.edu.br\/unidades\/santaines\/wp-json\/wp\/v2\/posts"}],"about":[{"href":"https:\/\/www.ifbaiano.edu.br\/unidades\/santaines\/wp-json\/wp\/v2\/types\/post"}],"author":[{"embeddable":true,"href":"https:\/\/www.ifbaiano.edu.br\/unidades\/santaines\/wp-json\/wp\/v2\/users\/86"}],"replies":[{"embeddable":true,"href":"https:\/\/www.ifbaiano.edu.br\/unidades\/santaines\/wp-json\/wp\/v2\/comments?post=23827"}],"version-history":[{"count":1,"href":"https:\/\/www.ifbaiano.edu.br\/unidades\/santaines\/wp-json\/wp\/v2\/posts\/23827\/revisions"}],"predecessor-version":[{"id":23831,"href":"https:\/\/www.ifbaiano.edu.br\/unidades\/santaines\/wp-json\/wp\/v2\/posts\/23827\/revisions\/23831"}],"wp:featuredmedia":[{"embeddable":true,"href":"https:\/\/www.ifbaiano.edu.br\/unidades\/santaines\/wp-json\/wp\/v2\/media\/23830"}],"wp:attachment":[{"href":"https:\/\/www.ifbaiano.edu.br\/unidades\/santaines\/wp-json\/wp\/v2\/media?parent=23827"}],"wp:term":[{"taxonomy":"category","embeddable":true,"href":"https:\/\/www.ifbaiano.edu.br\/unidades\/santaines\/wp-json\/wp\/v2\/categories?post=23827"},{"taxonomy":"post_tag","embeddable":true,"href":"https:\/\/www.ifbaiano.edu.br\/unidades\/santaines\/wp-json\/wp\/v2\/tags?post=23827"}],"curies":[{"name":"wp","href":"https:\/\/api.w.org\/{rel}","templated":true}]}}