{"id":23851,"date":"2025-04-25T11:19:52","date_gmt":"2025-04-25T14:19:52","guid":{"rendered":"https:\/\/www.ifbaiano.edu.br\/unidades\/santaines\/?p=23851"},"modified":"2025-04-25T11:19:52","modified_gmt":"2025-04-25T14:19:52","slug":"campus-santa-ines-divulga-resultado-preliminar-da-selecao-para-professor-substituto-de-filosofia","status":"publish","type":"post","link":"https:\/\/www.ifbaiano.edu.br\/unidades\/santaines\/campus-santa-ines-divulga-resultado-preliminar-da-selecao-para-professor-substituto-de-filosofia\/","title":{"rendered":"Campus Santa In\u00eas divulga resultado preliminar da sele\u00e7\u00e3o para Professor Substituto de Filosofia"},"content":{"rendered":"\n<p>O Instituto Federal de Educa\u00e7\u00e3o, Ci\u00eancia e Tecnologia Baiano (IF Baiano) &#8211; Campus Santa In\u00eas tornou p\u00fablico, nesta sexta-feira, 25, o <a rel=\"noreferrer noopener\" href=\"https:\/\/concurso.ifbaiano.edu.br\/portal\/substituto-santa-ines-marco-2025\/wp-content\/uploads\/sites\/1173\/2025\/04\/Resultado-preliminar-da-selec%CC%A7a%CC%83o.pdf\" target=\"_blank\">resultado Preliminar<\/a> do processo seletivo simplificado destinado \u00e0 contrata\u00e7\u00e3o de Professor Substituto para a \u00e1rea de Filosofia. A sele\u00e7\u00e3o foi aberta atrav\u00e9s do <a rel=\"noreferrer noopener\" href=\"https:\/\/concurso.ifbaiano.edu.br\/portal\/substituto-santa-ines-marco-2025\/wp-content\/uploads\/sites\/1173\/2025\/03\/Edital-53-2025-Professor-Substituto.pdf\" target=\"_blank\">Edital n\u00ba 53\/2025<\/a>, divulgado anteriormente na <a href=\"https:\/\/www.ifbaiano.edu.br\/unidades\/santaines\/if-baiano-abre-selecao-para-professor-substituto-no-campus-de-santa-ines\/\">P\u00e1gina do Campus<\/a>.<\/p>\n\n\n\n<p>Os candidatos que participaram das etapas de avalia\u00e7\u00e3o j\u00e1 podem conferir a classifica\u00e7\u00e3o preliminar. A lista com os nomes e as respectivas pontua\u00e7\u00f5es est\u00e1 dispon\u00edvel para consulta p\u00fablica no portal oficial do IF Baiano, na <a href=\"https:\/\/concurso.ifbaiano.edu.br\/portal\/substituto-santa-ines-marco-2025\/\">P\u00e1gina de concursos<\/a>. \u00c9 fundamental que os candidatos acessem o site oficial para consultar todas as etapas e documentos do processo seletivo.<\/p>\n\n\n\n<p>Por se tratar de uma etapa preliminar, a institui\u00e7\u00e3o informa que haver\u00e1 um prazo para interposi\u00e7\u00e3o de recursos por parte dos candidatos que desejarem contestar o resultado. Os prazos e procedimentos detalhados para a apresenta\u00e7\u00e3o de recursos est\u00e3o especificados no <a rel=\"noreferrer noopener\" href=\"https:\/\/concurso.ifbaiano.edu.br\/portal\/substituto-santa-ines-marco-2025\/wp-content\/uploads\/sites\/1173\/2025\/03\/Edital-53-2025-Professor-Substituto.pdf\" target=\"_blank\">Edital de abertura da sele\u00e7\u00e3o<\/a>. \u00c9 de responsabilidade dos candidatos acompanhar atentamente todas as publica\u00e7\u00f5es referentes ao processo seletivo.<\/p>\n\n\n\n<p>Ap\u00f3s a an\u00e1lise dos eventuais recursos, o IF Baiano &#8211; Campus Santa In\u00eas divulgar\u00e1 o resultado final da sele\u00e7\u00e3o para a vaga de Professor Substituto de Filosofia. Recomenda-se que todos os participantes continuem acompanhando as atualiza\u00e7\u00f5es no site oficial da institui\u00e7\u00e3o.<\/p>\n\n\n\n<hr class=\"wp-block-separator has-alpha-channel-opacity\" \/>\n","protected":false},"excerpt":{"rendered":"<p>Candidatos devem consultar a lista e atentar aos prazos para recursos.<\/p>\n","protected":false},"author":86,"featured_media":23522,"comment_status":"closed","ping_status":"closed","sticky":false,"template":"","format":"standard","meta":[],"categories":[4,5,8,57],"tags":[],"_links":{"self":[{"href":"https:\/\/www.ifbaiano.edu.br\/unidades\/santaines\/wp-json\/wp\/v2\/posts\/23851"}],"collection":[{"href":"https:\/\/www.ifbaiano.edu.br\/unidades\/santaines\/wp-json\/wp\/v2\/posts"}],"about":[{"href":"https:\/\/www.ifbaiano.edu.br\/unidades\/santaines\/wp-json\/wp\/v2\/types\/post"}],"author":[{"embeddable":true,"href":"https:\/\/www.ifbaiano.edu.br\/unidades\/santaines\/wp-json\/wp\/v2\/users\/86"}],"replies":[{"embeddable":true,"href":"https:\/\/www.ifbaiano.edu.br\/unidades\/santaines\/wp-json\/wp\/v2\/comments?post=23851"}],"version-history":[{"count":1,"href":"https:\/\/www.ifbaiano.edu.br\/unidades\/santaines\/wp-json\/wp\/v2\/posts\/23851\/revisions"}],"predecessor-version":[{"id":23852,"href":"https:\/\/www.ifbaiano.edu.br\/unidades\/santaines\/wp-json\/wp\/v2\/posts\/23851\/revisions\/23852"}],"wp:featuredmedia":[{"embeddable":true,"href":"https:\/\/www.ifbaiano.edu.br\/unidades\/santaines\/wp-json\/wp\/v2\/media\/23522"}],"wp:attachment":[{"href":"https:\/\/www.ifbaiano.edu.br\/unidades\/santaines\/wp-json\/wp\/v2\/media?parent=23851"}],"wp:term":[{"taxonomy":"category","embeddable":true,"href":"https:\/\/www.ifbaiano.edu.br\/unidades\/santaines\/wp-json\/wp\/v2\/categories?post=23851"},{"taxonomy":"post_tag","embeddable":true,"href":"https:\/\/www.ifbaiano.edu.br\/unidades\/santaines\/wp-json\/wp\/v2\/tags?post=23851"}],"curies":[{"name":"wp","href":"https:\/\/api.w.org\/{rel}","templated":true}]}}