{"id":23853,"date":"2025-04-25T12:17:40","date_gmt":"2025-04-25T15:17:40","guid":{"rendered":"https:\/\/www.ifbaiano.edu.br\/unidades\/santaines\/?p=23853"},"modified":"2025-04-25T12:17:41","modified_gmt":"2025-04-25T15:17:41","slug":"campus-santa-ines-altera-cronograma-da-selecao-de-estagiarios-de-nivel-medio","status":"publish","type":"post","link":"https:\/\/www.ifbaiano.edu.br\/unidades\/santaines\/campus-santa-ines-altera-cronograma-da-selecao-de-estagiarios-de-nivel-medio\/","title":{"rendered":"Campus Santa In\u00eas altera cronograma da sele\u00e7\u00e3o de estagi\u00e1rios de n\u00edvel m\u00e9dio"},"content":{"rendered":"\n<p>O Instituto Federal de Educa\u00e7\u00e3o, Ci\u00eancia e Tecnologia Baiano (IF Baiano) &#8211; Campus Santa In\u00eas comunicou, atrav\u00e9s do <a rel=\"noreferrer noopener\" href=\"https:\/\/concurso.ifbaiano.edu.br\/portal\/selecao-estagio-santa-ines-abril-2025\/wp-content\/uploads\/sites\/1178\/2025\/04\/Edital-de-Retificacao-estagiario.pdf\" target=\"_blank\">Edital de Retifica\u00e7\u00e3o n\u00ba 15\/2025<\/a>, altera\u00e7\u00f5es importantes no cronograma da sele\u00e7\u00e3o para estagi\u00e1rios de n\u00edvel m\u00e9dio (<a rel=\"noreferrer noopener\" href=\"https:\/\/concurso.ifbaiano.edu.br\/portal\/selecao-estagio-santa-ines-abril-2025\/wp-content\/uploads\/sites\/1178\/2025\/04\/EDITAL-No-11_2025-SELECAO-DE-ESTAGIARIOS.pdf\" target=\"_blank\">Edital n\u00ba 11\/2025<\/a>). A sele\u00e7\u00e3o, que visa preencher vagas de est\u00e1gio com bolsa-aux\u00edlio no campus, conforme <a href=\"https:\/\/www.ifbaiano.edu.br\/unidades\/santaines\/if-baiano-campus-santa-ines-abre-selecao-para-estagio-de-nivel-medio-com-bolsa-auxilio\/\">divulgado inicialmente<\/a>, em 9 de abril de 2025, teve suas datas reajustadas.<\/p>\n\n\n\n<p>A principal mudan\u00e7a anunciada pela retifica\u00e7\u00e3o foi a&nbsp;<strong>reabertura do per\u00edodo de inscri\u00e7\u00f5es<\/strong>, que ocorreu nos dias&nbsp;<strong>28 e 29 de abril de 2025<\/strong>. Al\u00e9m disso, diversas outras datas do processo seletivo foram modificadas, incluindo as etapas de divulga\u00e7\u00e3o das inscri\u00e7\u00f5es homologadas, recursos, agendamento e realiza\u00e7\u00e3o das entrevistas, an\u00e1lise curricular, convoca\u00e7\u00e3o para banca de heteroidentifica\u00e7\u00e3o e divulga\u00e7\u00e3o dos resultados preliminares e finais.<\/p>\n\n\n\n<p>De acordo com o novo cronograma (Anexo II do <a rel=\"noreferrer noopener\" href=\"https:\/\/concurso.ifbaiano.edu.br\/portal\/selecao-estagio-santa-ines-abril-2025\/wp-content\/uploads\/sites\/1178\/2025\/04\/Edital-de-Retificacao-estagiario.pdf\" target=\"_blank\">Edital de Retifica\u00e7\u00e3o n\u00ba 15\/2025<\/a>), algumas das pr\u00f3ximas etapas incluem:<\/p>\n\n\n\n<ul>\n<li><strong>Divulga\u00e7\u00e3o das Inscri\u00e7\u00f5es Homologadas:<\/strong>&nbsp;30\/04\/2025<\/li>\n\n\n\n<li><strong>Recurso referente \u00e0s Inscri\u00e7\u00f5es Homologadas:<\/strong>&nbsp;02\/05\/2025 (via e-mail:&nbsp;<a target=\"_blank\" href=\"https:\/\/www.google.com\/url?sa=E&amp;q=mailto%3Acomissao.estagio%40si.ifbaiano.edu.br\" rel=\"noreferrer noopener\">comissao.estagio@si.ifbaiano.edu.br<\/a>)<\/li>\n\n\n\n<li><strong>Resultado dos Recursos e Agendamento das Entrevistas:<\/strong>&nbsp;05\/05\/2025<\/li>\n\n\n\n<li><strong>Realiza\u00e7\u00e3o das Entrevistas:<\/strong>&nbsp;07\/05\/2025<\/li>\n\n\n\n<li><strong>Resultado Final do Processo Seletivo (ap\u00f3s todas as etapas e recursos):<\/strong>&nbsp;19\/05\/2025<\/li>\n\n\n\n<li><strong>Homologa\u00e7\u00e3o do Resultado Final:<\/strong>&nbsp;At\u00e9 22\/05\/2025<\/li>\n<\/ul>\n\n\n\n<p>O IF Baiano &#8211; Campus Santa In\u00eas ressalta que as demais disposi\u00e7\u00f5es do <a rel=\"noreferrer noopener\" href=\"https:\/\/concurso.ifbaiano.edu.br\/portal\/selecao-estagio-santa-ines-abril-2025\/wp-content\/uploads\/sites\/1178\/2025\/04\/EDITAL-No-11_2025-SELECAO-DE-ESTAGIARIOS.pdf\" target=\"_blank\">Edital n\u00ba 11\/2025<\/a>, de 09 de abril de 2025, permanecem inalteradas.<\/p>\n\n\n\n<p>\u00c9 fundamental que todos os candidatos interessados e aqueles que j\u00e1 haviam se inscrito consultem o\u00a0<a rel=\"noreferrer noopener\" href=\"https:\/\/concurso.ifbaiano.edu.br\/portal\/selecao-estagio-santa-ines-abril-2025\/wp-content\/uploads\/sites\/1178\/2025\/04\/Edital-de-Retificacao-estagiario.pdf\" target=\"_blank\">Edital de Retifica\u00e7\u00e3o n\u00ba 15\/2025<\/a>\u00a0na \u00edntegra para tomar conhecimento de todas as novas datas e procedimentos. O documento oficial est\u00e1 dispon\u00edvel no portal do IF Baiano, na <a href=\"https:\/\/concurso.ifbaiano.edu.br\/portal\/selecao-estagio-santa-ines-abril-2025\/\">se\u00e7\u00e3o de concursos <\/a> e em <a href=\"https:\/\/www.ifbaiano.edu.br\/unidades\/santaines\/\">p\u00e1ginas espec\u00edficas do Campus Santa In\u00eas<\/a>, onde tamb\u00e9m podem ser acompanhadas futuras publica\u00e7\u00f5es sobre o processo seletivo.<\/p>\n\n\n\n<p>Para mais informa\u00e7\u00f5es sobre a sele\u00e7\u00e3o original, incluindo requisitos e detalhes da bolsa-aux\u00edlio, os interessados podem consultar a <a href=\"https:\/\/www.ifbaiano.edu.br\/unidades\/santaines\/if-baiano-campus-santa-ines-abre-selecao-para-estagio-de-nivel-medio-com-bolsa-auxilio\/\">not\u00edcia de abertura<\/a> publicada anteriormente no site do campus.<\/p>\n\n\n\n<hr class=\"wp-block-separator has-alpha-channel-opacity\" \/>\n","protected":false},"excerpt":{"rendered":"<p>Candidatos devem atentar \u00e0s novas datas divulgadas no Edital de Retifica\u00e7\u00e3o N\u00ba 15\/2025. As inscri\u00e7\u00f5es foram reabertas por curto per\u00edodo.<\/p>\n","protected":false},"author":86,"featured_media":23702,"comment_status":"closed","ping_status":"closed","sticky":false,"template":"","format":"standard","meta":[],"categories":[4,5,8,57],"tags":[],"_links":{"self":[{"href":"https:\/\/www.ifbaiano.edu.br\/unidades\/santaines\/wp-json\/wp\/v2\/posts\/23853"}],"collection":[{"href":"https:\/\/www.ifbaiano.edu.br\/unidades\/santaines\/wp-json\/wp\/v2\/posts"}],"about":[{"href":"https:\/\/www.ifbaiano.edu.br\/unidades\/santaines\/wp-json\/wp\/v2\/types\/post"}],"author":[{"embeddable":true,"href":"https:\/\/www.ifbaiano.edu.br\/unidades\/santaines\/wp-json\/wp\/v2\/users\/86"}],"replies":[{"embeddable":true,"href":"https:\/\/www.ifbaiano.edu.br\/unidades\/santaines\/wp-json\/wp\/v2\/comments?post=23853"}],"version-history":[{"count":1,"href":"https:\/\/www.ifbaiano.edu.br\/unidades\/santaines\/wp-json\/wp\/v2\/posts\/23853\/revisions"}],"predecessor-version":[{"id":23854,"href":"https:\/\/www.ifbaiano.edu.br\/unidades\/santaines\/wp-json\/wp\/v2\/posts\/23853\/revisions\/23854"}],"wp:featuredmedia":[{"embeddable":true,"href":"https:\/\/www.ifbaiano.edu.br\/unidades\/santaines\/wp-json\/wp\/v2\/media\/23702"}],"wp:attachment":[{"href":"https:\/\/www.ifbaiano.edu.br\/unidades\/santaines\/wp-json\/wp\/v2\/media?parent=23853"}],"wp:term":[{"taxonomy":"category","embeddable":true,"href":"https:\/\/www.ifbaiano.edu.br\/unidades\/santaines\/wp-json\/wp\/v2\/categories?post=23853"},{"taxonomy":"post_tag","embeddable":true,"href":"https:\/\/www.ifbaiano.edu.br\/unidades\/santaines\/wp-json\/wp\/v2\/tags?post=23853"}],"curies":[{"name":"wp","href":"https:\/\/api.w.org\/{rel}","templated":true}]}}