{"id":2387,"date":"2012-10-11T09:09:52","date_gmt":"2012-10-11T12:09:52","guid":{"rendered":"http:\/\/www.ifbaiano.edu.br\/unidades\/santaines\/?p=2387"},"modified":"2012-10-11T09:15:46","modified_gmt":"2012-10-11T12:15:46","slug":"edital-de-assistencia-estudantil-n-222012-2","status":"publish","type":"post","link":"https:\/\/www.ifbaiano.edu.br\/unidades\/santaines\/edital-de-assistencia-estudantil-n-222012-2\/","title":{"rendered":"Edital de Assist\u00eancia Estudantil N\u00ba 22\/2012"},"content":{"rendered":"<p>Rela\u00e7\u00e3o dos alunos contemplados por ordem de classifica\u00e7\u00e3o no programa de assist\u00eancia e inclus\u00e3o social do estudante &#8211; PAISE<\/p>\n<p>ATEN\u00c7\u00c3O: Os alunos contemplados com os aux\u00edlios transporte, moradia, alimenta\u00e7\u00e3o e uniforme, t\u00eam at\u00e9 o dia 16 de outubro para entregar c\u00f3pia do cart\u00e3o banc\u00e1rio com o n\u00famero da ag\u00eancia e conta corrente.<\/p>\n<p>\u00c9 v\u00e1lido lembrar que n\u00e3o ser\u00e3o aceitas contas tipo f\u00e1cil da Caixa Econ\u00f4mica Federal, cuja opera\u00e7\u00e3o \u00e9 023 e Poupan\u00e7a de qualquer Banco.<\/p>\n<p><a href=\"http:\/\/www.ifbaiano.edu.br\/unidades\/santaines\/files\/2012\/10\/resultado_selecao_paise_2012.pdf\" target=\"_blank\">Confira aqui a Rela\u00e7\u00e3o<\/a><\/p>\n","protected":false},"excerpt":{"rendered":"<p>Rela\u00e7\u00e3o dos alunos contemplados por ordem de classifica\u00e7\u00e3o no programa de assist\u00eancia e inclus\u00e3o social do estudante &#8211; PAISE ATEN\u00c7\u00c3O: Os alunos contemplados com os aux\u00edlios transporte, moradia, alimenta\u00e7\u00e3o e uniforme, t\u00eam at\u00e9 o dia 16 de outubro para entregar c\u00f3pia do cart\u00e3o banc\u00e1rio com o n\u00famero da ag\u00eancia e conta corrente. \u00c9 v\u00e1lido lembrar [&hellip;]<\/p>\n","protected":false},"author":26,"featured_media":0,"comment_status":"closed","ping_status":"closed","sticky":false,"template":"","format":"standard","meta":[],"categories":[10],"tags":[],"_links":{"self":[{"href":"https:\/\/www.ifbaiano.edu.br\/unidades\/santaines\/wp-json\/wp\/v2\/posts\/2387"}],"collection":[{"href":"https:\/\/www.ifbaiano.edu.br\/unidades\/santaines\/wp-json\/wp\/v2\/posts"}],"about":[{"href":"https:\/\/www.ifbaiano.edu.br\/unidades\/santaines\/wp-json\/wp\/v2\/types\/post"}],"author":[{"embeddable":true,"href":"https:\/\/www.ifbaiano.edu.br\/unidades\/santaines\/wp-json\/wp\/v2\/users\/26"}],"replies":[{"embeddable":true,"href":"https:\/\/www.ifbaiano.edu.br\/unidades\/santaines\/wp-json\/wp\/v2\/comments?post=2387"}],"version-history":[{"count":3,"href":"https:\/\/www.ifbaiano.edu.br\/unidades\/santaines\/wp-json\/wp\/v2\/posts\/2387\/revisions"}],"predecessor-version":[{"id":2390,"href":"https:\/\/www.ifbaiano.edu.br\/unidades\/santaines\/wp-json\/wp\/v2\/posts\/2387\/revisions\/2390"}],"wp:attachment":[{"href":"https:\/\/www.ifbaiano.edu.br\/unidades\/santaines\/wp-json\/wp\/v2\/media?parent=2387"}],"wp:term":[{"taxonomy":"category","embeddable":true,"href":"https:\/\/www.ifbaiano.edu.br\/unidades\/santaines\/wp-json\/wp\/v2\/categories?post=2387"},{"taxonomy":"post_tag","embeddable":true,"href":"https:\/\/www.ifbaiano.edu.br\/unidades\/santaines\/wp-json\/wp\/v2\/tags?post=2387"}],"curies":[{"name":"wp","href":"https:\/\/api.w.org\/{rel}","templated":true}]}}