{"id":23910,"date":"2025-05-01T10:18:58","date_gmt":"2025-05-01T13:18:58","guid":{"rendered":"https:\/\/www.ifbaiano.edu.br\/unidades\/santaines\/?p=23910"},"modified":"2025-05-01T10:18:59","modified_gmt":"2025-05-01T13:18:59","slug":"campus-santa-ines-estende-prazo-de-inscricao-para-programa-de-assistencia-estudantil-paise-2025","status":"publish","type":"post","link":"https:\/\/www.ifbaiano.edu.br\/unidades\/santaines\/campus-santa-ines-estende-prazo-de-inscricao-para-programa-de-assistencia-estudantil-paise-2025\/","title":{"rendered":"Campus Santa In\u00eas Estende Prazo de Inscri\u00e7\u00e3o para Programa de Assist\u00eancia Estudantil (PAISE) 2025"},"content":{"rendered":"\n<p>O Instituto Federal de Educa\u00e7\u00e3o, Ci\u00eancia e Tecnologia Baiano (IF Baiano), Campus Santa In\u00eas, anunciou a prorroga\u00e7\u00e3o do prazo de inscri\u00e7\u00f5es para o seu Programa de Assist\u00eancia e Inclus\u00e3o Social do Estudante (PAISE) referente ao ano de 2025. Conforme o <a rel=\"noreferrer noopener\" href=\"https:\/\/concurso.ifbaiano.edu.br\/portal\/paise-santa-ines-marco-2025\/wp-content\/uploads\/sites\/1166\/2025\/04\/EDITAL-DE-RETIFICACAO-No-17-2025-PAISE.pdf\" target=\"_blank\">Edital de Retifica\u00e7\u00e3o n\u00ba 17\/2025<\/a>, publicado em 30 de abril, estudantes eleg\u00edveis agora t\u00eam\u00a0<strong>at\u00e9 o dia 03 de maio de 2025<\/strong>\u00a0para se inscreverem e concorrerem aos aux\u00edlios.<\/p>\n\n\n\n<p>O PAISE \u00e9 uma iniciativa fundamental da pol\u00edtica de assist\u00eancia estudantil do IF Baiano, destinada a apoiar a perman\u00eancia e o \u00eaxito acad\u00eamico de estudantes em situa\u00e7\u00e3o de vulnerabilidade socioecon\u00f4mica. O programa contempla alunos regularmente matriculados em cursos presenciais e a dist\u00e2ncia, tanto de n\u00edvel m\u00e9dio (t\u00e9cnico) quanto de gradua\u00e7\u00e3o, ofertados pelo campus.<\/p>\n\n\n\n<p><strong>Objetivo e Modalidades de Aux\u00edlio<\/strong><\/p>\n\n\n\n<p>O objetivo principal do PAISE, conforme detalhado no <a href=\"https:\/\/concurso.ifbaiano.edu.br\/portal\/paise-santa-ines-marco-2025\/wp-content\/uploads\/sites\/1166\/2025\/03\/Edital-PAISE-2025.pdf\">Edital N\u00ba 9\/2025<\/a>, \u00e9 contribuir para o bem-estar biopsicossocial dos estudantes, facilitando a continuidade e a conclus\u00e3o de seus estudos. Para isso, o programa oferece diversas modalidades de aux\u00edlio financeiro, incluindo:<\/p>\n\n\n\n<ul>\n<li>Aux\u00edlio Moradia<\/li>\n\n\n\n<li>Aux\u00edlio Material Acad\u00eamico<\/li>\n\n\n\n<li>Aux\u00edlio C\u00f3pia e Impress\u00e3o<\/li>\n\n\n\n<li>Aux\u00edlio Perman\u00eancia<\/li>\n\n\n\n<li>Aux\u00edlio PROEJA<\/li>\n\n\n\n<li>Aux\u00edlio Creche<\/li>\n\n\n\n<li>Aux\u00edlio Alimenta\u00e7\u00e3o<\/li>\n\n\n\n<li>Aux\u00edlio Transporte<\/li>\n\n\n\n<li>Aux\u00edlio Uniforme<\/li>\n<\/ul>\n\n\n\n<p>Os valores e a possibilidade de ac\u00famulo entre os aux\u00edlios seguem regras espec\u00edficas detalhadas no edital original.<\/p>\n\n\n\n<p><strong>Quem Pode se Inscrever?<\/strong><\/p>\n\n\n\n<p>Para participar do processo seletivo do PAISE, o estudante deve atender aos seguintes pr\u00e9-requisitos b\u00e1sicos:<\/p>\n\n\n\n<ol>\n<li>Estar regularmente matriculado e com frequ\u00eancia regular em um curso do IF Baiano &#8211; Campus Santa In\u00eas.<\/li>\n\n\n\n<li>Possuir renda familiar per capita de at\u00e9 um sal\u00e1rio m\u00ednimo vigente.<\/li>\n<\/ol>\n\n\n\n<p><strong>Como se Inscrever<\/strong><\/p>\n\n\n\n<p>As inscri\u00e7\u00f5es devem ser realizadas&nbsp;<strong>exclusivamente por e-mail<\/strong>, enviando a documenta\u00e7\u00e3o necess\u00e1ria para&nbsp;<strong><a target=\"_blank\" href=\"https:\/\/www.google.com\/url?sa=E&amp;q=mailto%3Aclae%40si.ifbaiano.edu.br\" rel=\"noreferrer noopener\">clae@si.ifbaiano.edu.br<\/a><\/strong>&nbsp;dentro do novo prazo (at\u00e9 03\/05\/2025). Os candidatos precisam:<\/p>\n\n\n\n<ul>\n<li>Preencher o formul\u00e1rio pr\u00f3prio de requerimento (<a rel=\"noreferrer noopener\" href=\"https:\/\/concurso.ifbaiano.edu.br\/portal\/paise-santa-ines-marco-2025\/wp-content\/uploads\/sites\/1166\/2025\/03\/ANEXO-III-FORMULARIO-DE-INSCRICAO.pdf\" target=\"_blank\">Anexo III do Edital n\u00ba 09\/2025<\/a>).<\/li>\n\n\n\n<li>Preencher o formul\u00e1rio online (<a href=\"\/\/forms.gle\/AQyugPzevNZZPd1s5\">forms<\/a>) indicado no edital.<\/li>\n\n\n\n<li>Apresentar documentos atualizados, como comprovante de inscri\u00e7\u00e3o no Cad\u00danico (essencial e atualizado), c\u00f3pia de RG e CPF, comprovante de resid\u00eancia, e outros documentos espec\u00edficos conforme a situa\u00e7\u00e3o do estudante e o aux\u00edlio pleiteado (detalhados no item 4.2 do <a href=\"https:\/\/concurso.ifbaiano.edu.br\/portal\/paise-santa-ines-marco-2025\/wp-content\/uploads\/sites\/1166\/2025\/03\/Edital-PAISE-2025.pdf\">edital original<\/a>).<\/li>\n<\/ul>\n\n\n\n<p>\u00c9 de inteira responsabilidade do estudante garantir o envio correto e completo da documenta\u00e7\u00e3o dentro do prazo.<\/p>\n\n\n\n<p><strong>Cronograma Atualizado<\/strong><\/p>\n\n\n\n<p>Com as retifica\u00e7\u00f5es publicadas (Editais <a href=\"https:\/\/concurso.ifbaiano.edu.br\/portal\/paise-santa-ines-marco-2025\/wp-content\/uploads\/sites\/1166\/2025\/04\/Edital-de-retificacao-PAISE-2025.pdf\">N\u00ba 14\/2025<\/a> e <a href=\"https:\/\/concurso.ifbaiano.edu.br\/portal\/paise-santa-ines-marco-2025\/wp-content\/uploads\/sites\/1166\/2025\/04\/EDITAL-DE-RETIFICACAO-No-17-2025-PAISE.pdf\">N\u00ba 17\/2025<\/a>), o cronograma atualizado do PAISE 2025 para o Campus Santa In\u00eas segue as seguintes datas principais:<\/p>\n\n\n\n<ul>\n<li><strong>Per\u00edodo de Inscri\u00e7\u00e3o:<\/strong>&nbsp;21\/03 a&nbsp;<strong>03\/05\/2025<\/strong>&nbsp;(Novo Prazo)<\/li>\n\n\n\n<li><strong>Per\u00edodo de an\u00e1lise das inscri\u00e7\u00f5es:<\/strong>&nbsp;05 e 06\/05\/2025<\/li>\n\n\n\n<li><strong>Divulga\u00e7\u00e3o da lista dos pr\u00e9-selecionados:<\/strong>&nbsp;07\/05\/2025<\/li>\n\n\n\n<li><strong>Interposi\u00e7\u00e3o de Recursos sobre a pr\u00e9-sele\u00e7\u00e3o:<\/strong>&nbsp;09\/05\/2025<\/li>\n\n\n\n<li><strong>Divulga\u00e7\u00e3o dos Resultados dos Recursos:<\/strong>&nbsp;13\/05\/2025<\/li>\n\n\n\n<li><strong>Divulga\u00e7\u00e3o da Lista de Convoca\u00e7\u00e3o para Entrevista Social:<\/strong>&nbsp;14\/05\/2025<\/li>\n\n\n\n<li><strong>Per\u00edodo de Entrevistas (presenciais):<\/strong>&nbsp;15 a 17\/05\/2025 e 19 a 24\/05\/2025<\/li>\n\n\n\n<li><strong>Divulga\u00e7\u00e3o da Lista de Selecionados:<\/strong>&nbsp;27\/05\/2025<\/li>\n\n\n\n<li><strong>Apresenta\u00e7\u00e3o de documenta\u00e7\u00e3o banc\u00e1ria (se n\u00e3o enviada antes):<\/strong>&nbsp;At\u00e9 27\/05\/2025<\/li>\n\n\n\n<li><strong>Previs\u00e3o de repasse da primeira parcela:<\/strong>&nbsp;At\u00e9 10\/06\/2025<\/li>\n<\/ul>\n\n\n\n<p><strong>Mais Informa\u00e7\u00f5es<\/strong><\/p>\n\n\n\n<p>O IF Baiano refor\u00e7a que as demais disposi\u00e7\u00f5es do Edital N\u00ba 9\/2025 permanecem inalteradas. Recomenda-se a leitura atenta do edital original e das retifica\u00e7\u00f5es para pleno conhecimento das normas, crit\u00e9rios de sele\u00e7\u00e3o e obriga\u00e7\u00f5es dos benefici\u00e1rios.<\/p>\n\n\n\n<p>D\u00favidas podem ser encaminhadas para o e-mail do N\u00facleo de Assist\u00eancia e Inclus\u00e3o Social do Estudante (NAISE):\u00a0<strong><a rel=\"noreferrer noopener\" href=\"https:\/\/www.google.com\/url?sa=E&amp;q=mailto%3Aclae%40si.ifbaiano.edu.br\" target=\"_blank\">clae@si.ifbaiano.edu.br<\/a><\/strong>. Os editais completos est\u00e3o dispon\u00edveis tamb\u00e9m no <a href=\"https:\/\/concurso.ifbaiano.edu.br\/portal\/paise-santa-ines-marco-2025\/\">site oficial do IF Baiano<\/a>.<\/p>\n\n\n\n<p>Esta \u00e9 uma oportunidade importante para os estudantes que necessitam de apoio financeiro para dar continuidade aos seus estudos no IF Baiano &#8211; Campus Santa In\u00eas. N\u00e3o perca o novo prazo!<\/p>\n\n\n\n<hr class=\"wp-block-separator has-alpha-channel-opacity\" \/>\n","protected":false},"excerpt":{"rendered":"<p>O Instituto Federal de Educa\u00e7\u00e3o, Ci\u00eancia e Tecnologia Baiano (IF Baiano), Campus Santa In\u00eas, anunciou a prorroga\u00e7\u00e3o do prazo de inscri\u00e7\u00f5es para o seu Programa de Assist\u00eancia e Inclus\u00e3o Social do Estudante (PAISE) referente ao ano de 2025. Conforme o Edital de Retifica\u00e7\u00e3o n\u00ba 17\/2025, publicado em 30 de abril, estudantes eleg\u00edveis agora t\u00eam\u00a0at\u00e9 o [&hellip;]<\/p>\n","protected":false},"author":86,"featured_media":23346,"comment_status":"closed","ping_status":"closed","sticky":false,"template":"","format":"standard","meta":[],"categories":[4,5,57],"tags":[],"_links":{"self":[{"href":"https:\/\/www.ifbaiano.edu.br\/unidades\/santaines\/wp-json\/wp\/v2\/posts\/23910"}],"collection":[{"href":"https:\/\/www.ifbaiano.edu.br\/unidades\/santaines\/wp-json\/wp\/v2\/posts"}],"about":[{"href":"https:\/\/www.ifbaiano.edu.br\/unidades\/santaines\/wp-json\/wp\/v2\/types\/post"}],"author":[{"embeddable":true,"href":"https:\/\/www.ifbaiano.edu.br\/unidades\/santaines\/wp-json\/wp\/v2\/users\/86"}],"replies":[{"embeddable":true,"href":"https:\/\/www.ifbaiano.edu.br\/unidades\/santaines\/wp-json\/wp\/v2\/comments?post=23910"}],"version-history":[{"count":1,"href":"https:\/\/www.ifbaiano.edu.br\/unidades\/santaines\/wp-json\/wp\/v2\/posts\/23910\/revisions"}],"predecessor-version":[{"id":23911,"href":"https:\/\/www.ifbaiano.edu.br\/unidades\/santaines\/wp-json\/wp\/v2\/posts\/23910\/revisions\/23911"}],"wp:featuredmedia":[{"embeddable":true,"href":"https:\/\/www.ifbaiano.edu.br\/unidades\/santaines\/wp-json\/wp\/v2\/media\/23346"}],"wp:attachment":[{"href":"https:\/\/www.ifbaiano.edu.br\/unidades\/santaines\/wp-json\/wp\/v2\/media?parent=23910"}],"wp:term":[{"taxonomy":"category","embeddable":true,"href":"https:\/\/www.ifbaiano.edu.br\/unidades\/santaines\/wp-json\/wp\/v2\/categories?post=23910"},{"taxonomy":"post_tag","embeddable":true,"href":"https:\/\/www.ifbaiano.edu.br\/unidades\/santaines\/wp-json\/wp\/v2\/tags?post=23910"}],"curies":[{"name":"wp","href":"https:\/\/api.w.org\/{rel}","templated":true}]}}