{"id":23918,"date":"2025-05-05T11:26:52","date_gmt":"2025-05-05T14:26:52","guid":{"rendered":"https:\/\/www.ifbaiano.edu.br\/unidades\/santaines\/?p=23918"},"modified":"2025-05-05T11:27:16","modified_gmt":"2025-05-05T14:27:16","slug":"campus-santa-ines-realiza-selecao-para-vagas-ociosas-em-cursos-de-graduacao-para-2025-1","status":"publish","type":"post","link":"https:\/\/www.ifbaiano.edu.br\/unidades\/santaines\/campus-santa-ines-realiza-selecao-para-vagas-ociosas-em-cursos-de-graduacao-para-2025-1\/","title":{"rendered":"Campus Santa In\u00eas realiza sele\u00e7\u00e3o para vagas ociosas em cursos de gradua\u00e7\u00e3o para 2025.1"},"content":{"rendered":"\n<p>O Instituto Federal de Educa\u00e7\u00e3o, Ci\u00eancia e Tecnologia Baiano (IF Baiano), Campus Santa In\u00eas, lan\u00e7ou <a href=\"https:\/\/www.ifbaiano.edu.br\/unidades\/santaines\/files\/2025\/05\/EDITAL-No-18-2025-Cursos-Superiores.pdf\">edital<\/a> para o preenchimento de 11 vagas ociosas em seus cursos superiores, com ingresso no primeiro semestre de 2025.1. As oportunidades s\u00e3o para os cursos de Licenciatura em Ci\u00eancias Biol\u00f3gicas, Licenciatura em Geografia e Bacharelado em Zootecnia.<\/p>\n\n\n\n<p>O processo seletivo, regido pelo <a href=\"https:\/\/www.ifbaiano.edu.br\/unidades\/santaines\/files\/2025\/05\/EDITAL-No-18-2025-Cursos-Superiores.pdf\">Edital N\u00ba 18\/2025<\/a>, \u00e9 destinado a candidatos que se enquadrem em uma das quatro modalidades de ingresso:<\/p>\n\n\n\n<ol>\n<li><strong>Reop\u00e7\u00e3o de Curso:<\/strong>&nbsp;Para estudantes j\u00e1 matriculados em cursos de gradua\u00e7\u00e3o do IF Baiano Campus Santa In\u00eas que conclu\u00edram o primeiro per\u00edodo letivo e desejam mudar para outro curso dentro do mesmo campus.<\/li>\n\n\n\n<li><strong>Transfer\u00eancia Interna:<\/strong>&nbsp;Para estudantes de outros campi do IF Baiano que desejam se transferir para o Campus Santa In\u00eas, no mesmo curso ou em \u00e1rea afim.<\/li>\n\n\n\n<li><strong>Transfer\u00eancia Externa:<\/strong>&nbsp;Para estudantes de outras institui\u00e7\u00f5es de ensino superior (p\u00fablicas ou privadas, credenciadas pelo MEC) que desejam se transferir para o IF Baiano Campus Santa In\u00eas, no mesmo curso ou em \u00e1rea afim, e que tenham cursado pelo menos um per\u00edodo letivo com aproveitamento m\u00ednimo de 60% da carga hor\u00e1ria.<\/li>\n\n\n\n<li><strong>Portador de Diploma:<\/strong>&nbsp;Para candidatos que j\u00e1 possuem diploma de ensino superior em \u00e1rea afim aos cursos ofertados, devidamente reconhecido pelo MEC.<\/li>\n<\/ol>\n\n\n\n<p><strong>Vagas e Cursos:<\/strong><br>Segundo o anexo do edital, est\u00e3o dispon\u00edveis as seguintes vagas totais por curso:<\/p>\n\n\n\n<ul>\n<li>Licenciatura em Ci\u00eancias Biol\u00f3gicas: 03 vagas<\/li>\n\n\n\n<li>Licenciatura em Geografia: 03 vagas<\/li>\n\n\n\n<li>Bacharelado em Zootecnia: 05 vagas<\/li>\n<\/ul>\n\n\n\n<p>Estas vagas ser\u00e3o distribu\u00eddas entre as modalidades de Transfer\u00eancia Interna, Transfer\u00eancia Externa e Portador de Diploma, conforme a demanda e classifica\u00e7\u00e3o dos candidatos, respeitando o limite total por curso.<\/p>\n\n\n\n<p><strong>Inscri\u00e7\u00f5es:<\/strong><br>As inscri\u00e7\u00f5es s\u00e3o gratuitas e devem ser realizadas exclusivamente online,&nbsp;<strong>entre os dias 6 e 8 de maio de 2025<\/strong>. Os interessados dever\u00e3o preencher o formul\u00e1rio de inscri\u00e7\u00e3o (Anexo III do edital), assin\u00e1-lo e envi\u00e1-lo, juntamente com toda a documenta\u00e7\u00e3o exigida (digitalizada em um \u00fanico arquivo PDF leg\u00edvel), para o e-mail&nbsp;secretaria@si.ifbaiano.edu.br&nbsp;at\u00e9 \u00e0s 23h59 do dia 8 de maio.<\/p>\n\n\n\n<p><strong>Documenta\u00e7\u00e3o:<\/strong><br>Os documentos exigidos variam conforme a modalidade de ingresso (consultar itens 2.1 a 2.4 do edital), mas geralmente incluem:<\/p>\n\n\n\n<ul>\n<li>Documento de Identidade (RG)<\/li>\n\n\n\n<li>Hist\u00f3rico Escolar do curso de origem<\/li>\n\n\n\n<li>Atestado de matr\u00edcula atualizado ou Diploma (conforme o caso)<\/li>\n\n\n\n<li>Conte\u00fado Program\u00e1tico\/Ement\u00e1rio das disciplinas cursadas (para transfer\u00eancias e portadores de diploma)<\/li>\n<\/ul>\n\n\n\n<p><strong>Cronograma e Sele\u00e7\u00e3o:<\/strong><\/p>\n\n\n\n<ul>\n<li><strong>Inscri\u00e7\u00f5es:<\/strong>&nbsp;06 a 08 de maio de 2025<\/li>\n\n\n\n<li><strong>Resultado Preliminar:<\/strong>&nbsp;At\u00e9 12 de maio de 2025<\/li>\n\n\n\n<li><strong>Interposi\u00e7\u00e3o de Recursos:<\/strong>&nbsp;13 de maio de 2025 (das 07h30 \u00e0s 13h30, via e-mail)<\/li>\n\n\n\n<li><strong>Resultado Final:<\/strong>&nbsp;15 de maio de 2025<\/li>\n\n\n\n<li><strong>Matr\u00edcula dos Aprovados:<\/strong>&nbsp;16 e 17 de maio de 2025<\/li>\n<\/ul>\n\n\n\n<p>A sele\u00e7\u00e3o dos candidatos ser\u00e1 realizada com base na an\u00e1lise do desempenho acad\u00eamico (hist\u00f3rico escolar). Caso o n\u00famero de interessados seja superior ao de vagas, a Dire\u00e7\u00e3o Acad\u00eamica e as Coordena\u00e7\u00f5es de Curso poder\u00e3o aplicar uma avalia\u00e7\u00e3o escrita.<\/p>\n\n\n\n<p><strong>Informa\u00e7\u00f5es Adicionais:<\/strong><br>\u00c9 fundamental que os candidatos leiam o edital completo para verificar todos os requisitos, documentos e procedimentos. D\u00favidas podem ser direcionadas aos Colegiados dos Cursos ou \u00e0 Diretoria Acad\u00eamica do campus.<\/p>\n\n\n\n<hr class=\"wp-block-separator has-alpha-channel-opacity\" \/>\n","protected":false},"excerpt":{"rendered":"<p>O Instituto Federal de Educa\u00e7\u00e3o, Ci\u00eancia e Tecnologia Baiano (IF Baiano), Campus Santa In\u00eas, lan\u00e7ou edital para o preenchimento de 11 vagas ociosas em seus cursos superiores, com ingresso no primeiro semestre de 2025.1. As oportunidades s\u00e3o para os cursos de Licenciatura em Ci\u00eancias Biol\u00f3gicas, Licenciatura em Geografia e Bacharelado em Zootecnia. O processo seletivo, [&hellip;]<\/p>\n","protected":false},"author":86,"featured_media":0,"comment_status":"closed","ping_status":"closed","sticky":false,"template":"","format":"standard","meta":[],"categories":[4,12,5,8,57],"tags":[],"_links":{"self":[{"href":"https:\/\/www.ifbaiano.edu.br\/unidades\/santaines\/wp-json\/wp\/v2\/posts\/23918"}],"collection":[{"href":"https:\/\/www.ifbaiano.edu.br\/unidades\/santaines\/wp-json\/wp\/v2\/posts"}],"about":[{"href":"https:\/\/www.ifbaiano.edu.br\/unidades\/santaines\/wp-json\/wp\/v2\/types\/post"}],"author":[{"embeddable":true,"href":"https:\/\/www.ifbaiano.edu.br\/unidades\/santaines\/wp-json\/wp\/v2\/users\/86"}],"replies":[{"embeddable":true,"href":"https:\/\/www.ifbaiano.edu.br\/unidades\/santaines\/wp-json\/wp\/v2\/comments?post=23918"}],"version-history":[{"count":2,"href":"https:\/\/www.ifbaiano.edu.br\/unidades\/santaines\/wp-json\/wp\/v2\/posts\/23918\/revisions"}],"predecessor-version":[{"id":23921,"href":"https:\/\/www.ifbaiano.edu.br\/unidades\/santaines\/wp-json\/wp\/v2\/posts\/23918\/revisions\/23921"}],"wp:attachment":[{"href":"https:\/\/www.ifbaiano.edu.br\/unidades\/santaines\/wp-json\/wp\/v2\/media?parent=23918"}],"wp:term":[{"taxonomy":"category","embeddable":true,"href":"https:\/\/www.ifbaiano.edu.br\/unidades\/santaines\/wp-json\/wp\/v2\/categories?post=23918"},{"taxonomy":"post_tag","embeddable":true,"href":"https:\/\/www.ifbaiano.edu.br\/unidades\/santaines\/wp-json\/wp\/v2\/tags?post=23918"}],"curies":[{"name":"wp","href":"https:\/\/api.w.org\/{rel}","templated":true}]}}