{"id":23947,"date":"2025-05-06T20:07:14","date_gmt":"2025-05-06T23:07:14","guid":{"rendered":"https:\/\/www.ifbaiano.edu.br\/unidades\/santaines\/?p=23947"},"modified":"2025-05-06T20:07:14","modified_gmt":"2025-05-06T23:07:14","slug":"campus-santa-ines-reabre-inscricoes-e-divulga-novo-cronograma-para-selecao-de-estagiarios-de-nivel-medio","status":"publish","type":"post","link":"https:\/\/www.ifbaiano.edu.br\/unidades\/santaines\/campus-santa-ines-reabre-inscricoes-e-divulga-novo-cronograma-para-selecao-de-estagiarios-de-nivel-medio\/","title":{"rendered":"Campus Santa In\u00eas reabre inscri\u00e7\u00f5es e divulga novo cronograma para sele\u00e7\u00e3o de estagi\u00e1rios de N\u00edvel M\u00e9dio"},"content":{"rendered":"\n<p>O Instituto Federal de Educa\u00e7\u00e3o, Ci\u00eancia e Tecnologia Baiano (IF Baiano), Campus Santa In\u00eas, anunciou a reabertura das inscri\u00e7\u00f5es e a retifica\u00e7\u00e3o do cronograma para a sele\u00e7\u00e3o de estagi\u00e1rios de n\u00edvel m\u00e9dio. A oportunidade, regida pelo <a href=\"https:\/\/concurso.ifbaiano.edu.br\/portal\/selecao-estagio-santa-ines-abril-2025\/wp-content\/uploads\/sites\/1178\/2025\/04\/EDITAL-No-11_2025-SELECAO-DE-ESTAGIARIOS.pdf\">Edital n\u00ba 11\/2025<\/a> e Editais de retifica\u00e7\u00e3o <a href=\"https:\/\/concurso.ifbaiano.edu.br\/portal\/selecao-estagio-santa-ines-abril-2025\/wp-content\/uploads\/sites\/1178\/2025\/04\/Edital-de-Retificacao-estagiario.pdf\">n\u00ba 15\/2025<\/a> e<a href=\"https:\/\/concurso.ifbaiano.edu.br\/portal\/selecao-estagio-santa-ines-abril-2025\/wp-content\/uploads\/sites\/1178\/2025\/05\/Edital-de-Retificacao-SELECAO-DE-ESTAGIARIOS.pdf\"> n\u00ba 19\/2025<\/a>, visa preencher&nbsp;<strong>cinco (05) vagas<\/strong>&nbsp;imediatas, al\u00e9m de formar cadastro reserva, para atua\u00e7\u00e3o nas \u00e1reas de Apoio Administrativo e Apoio Pedag\u00f3gico.<\/p>\n\n\n\n<p>As inscri\u00e7\u00f5es, que s\u00e3o gratuitas, foram reabertas e seguem agora&nbsp;<strong>at\u00e9 o dia 16 de maio de 2025<\/strong>. Os interessados devem ser estudantes de algum dos Cursos T\u00e9cnicos Integrados ou Educa\u00e7\u00e3o de Jovens e Adultos (EJA) \u2013 N\u00edvel M\u00e9dio. \u00c9 necess\u00e1rio ter idade m\u00ednima de 18 anos e disponibilidade para cumprir a carga hor\u00e1ria do est\u00e1gio.<\/p>\n\n\n\n<p>Os estagi\u00e1rios selecionados receber\u00e3o uma bolsa aux\u00edlio, no valor de <strong>R$ 486,05 <\/strong>(Quatrocentos e oitenta e seis reais e cinco centavos) para carga hor\u00e1ria de 20 horas semanais (4 horas di\u00e1rias) e aux\u00edlio transporte no valor de R$ 10,00 (dez reais) por dia efetivamente estagiado, al\u00e9m de garantia de seguro contra acidentes pessoais enquanto estiver nas depend\u00eancias do IF Baiano &#8211; Campus Santa In\u00eas.<\/p>\n\n\n\n<p><strong>Novas Datas Importantes (Conforme Retifica\u00e7\u00e3o &#8211; <a href=\"https:\/\/concurso.ifbaiano.edu.br\/portal\/selecao-estagio-santa-ines-abril-2025\/wp-content\/uploads\/sites\/1178\/2025\/05\/Edital-de-Retificacao-SELECAO-DE-ESTAGIARIOS.pdf\">Edital N\u00ba 19\/2025)<\/a>:<\/strong><\/p>\n\n\n\n<ul>\n<li><strong>Reabertura do Per\u00edodo de Inscri\u00e7\u00f5es:<\/strong>&nbsp;08 de maio a&nbsp;<strong>16 de maio de 2025<\/strong>&nbsp;(inscri\u00e7\u00e3o online com envio de documenta\u00e7\u00e3o).<\/li>\n\n\n\n<li><strong>Divulga\u00e7\u00e3o das Inscri\u00e7\u00f5es Homologadas:<\/strong>&nbsp;20 de maio de 2025.<\/li>\n\n\n\n<li><strong>Recurso referente \u00e0s Inscri\u00e7\u00f5es Homologadas:<\/strong>&nbsp;21 de maio de 2025 (envio para&nbsp;comissao.estagio@si.ifbaiano.edu.br).<\/li>\n\n\n\n<li><strong>Resultado dos Recursos e Agendamento das Entrevistas:<\/strong>&nbsp;23 de maio de 2025.<\/li>\n\n\n\n<li><strong>Entrevistas:<\/strong>&nbsp;26 de maio de 2025.<\/li>\n\n\n\n<li><strong>Resultado Preliminar da Entrevista e An\u00e1lise Curricular:<\/strong>&nbsp;27 de maio de 2025.<\/li>\n\n\n\n<li><strong>Interposi\u00e7\u00e3o de Recursos contra o Resultado Preliminar da Entrevista:<\/strong>&nbsp;28 de maio de 2025 (envio para&nbsp;comissao.estagio@si.ifbaiano.edu.br).<\/li>\n\n\n\n<li><strong>Resultado P\u00f3s-Recursos e Convoca\u00e7\u00e3o para Banca de Heteroidentifica\u00e7\u00e3o:<\/strong>&nbsp;30 de maio de 2025.<\/li>\n\n\n\n<li><strong>Realiza\u00e7\u00e3o da Banca de Heteroidentifica\u00e7\u00e3o:<\/strong>&nbsp;04 de junho de 2025.<\/li>\n\n\n\n<li><strong>Resultado Final da Banca de Heteroidentifica\u00e7\u00e3o e do Processo Seletivo:<\/strong>&nbsp;10 de junho de 2025.<\/li>\n\n\n\n<li><strong>Homologa\u00e7\u00e3o do Resultado Final:<\/strong>&nbsp;At\u00e9 13 de junho de 2025.<\/li>\n<\/ul>\n\n\n\n<p><strong>Como se Inscrever:<\/strong><br>Os candidatos devem realizar a inscri\u00e7\u00e3o online, enviando o comprovante ou atestado de matr\u00edcula juntamente com a <a href=\"https:\/\/www.ifbaiano.edu.br\/unidades\/santaines\/files\/2025\/04\/Ficha-de-Inscricao-ANEXO-I.pdf\">ficha de inscri\u00e7\u00e3o<\/a> devidamente preenchida. Toda a documenta\u00e7\u00e3o e os formul\u00e1rios necess\u00e1rios est\u00e3o dispon\u00edveis nos editais.<\/p>\n\n\n\n<p>A sele\u00e7\u00e3o dos candidatos acontece por meio de Entrevista Presencial realizada por dois membros da Banca Examinadora e tem car\u00e1ter classificat\u00f3rio. A pontua\u00e7\u00e3o m\u00e1xima da entrevista \u00e9 100 pontos e os crit\u00e9rios est\u00e3o listados no Barema constante no <a href=\"https:\/\/concurso.ifbaiano.edu.br\/portal\/selecao-estagio-santa-ines-abril-2025\/wp-content\/uploads\/sites\/1178\/2025\/04\/EDITAL-No-11_2025-SELECAO-DE-ESTAGIARIOS.pdf\">Edital n\u00ba 11\/2025<\/a>. <\/p>\n\n\n\n<p>Todos os editais com os detalhes do processo seletivo de estagi\u00e1rios, podem ser acessados no <a href=\"https:\/\/concurso.ifbaiano.edu.br\/portal\/selecao-estagio-santa-ines-abril-2025\/\">Portal do IF Baiano<\/a>, na se\u00e7\u00e3o de concursos. D\u00favidas e pedidos de esclarecimento podem ser encaminhados para o e-mail da comiss\u00e3o organizadora: comissao.estagio@si.ifbaiano.edu.br.<\/p>\n\n\n\n<hr class=\"wp-block-separator has-alpha-channel-opacity\" \/>\n","protected":false},"excerpt":{"rendered":"<p>O Instituto Federal de Educa\u00e7\u00e3o, Ci\u00eancia e Tecnologia Baiano (IF Baiano), Campus Santa In\u00eas, anunciou a reabertura das inscri\u00e7\u00f5es e a retifica\u00e7\u00e3o do cronograma para a sele\u00e7\u00e3o de estagi\u00e1rios de n\u00edvel m\u00e9dio. A oportunidade, regida pelo Edital n\u00ba 11\/2025 e Editais de retifica\u00e7\u00e3o n\u00ba 15\/2025 e n\u00ba 19\/2025, visa preencher&nbsp;cinco (05) vagas&nbsp;imediatas, al\u00e9m de formar [&hellip;]<\/p>\n","protected":false},"author":86,"featured_media":23702,"comment_status":"closed","ping_status":"closed","sticky":false,"template":"","format":"standard","meta":[],"categories":[4,57],"tags":[],"_links":{"self":[{"href":"https:\/\/www.ifbaiano.edu.br\/unidades\/santaines\/wp-json\/wp\/v2\/posts\/23947"}],"collection":[{"href":"https:\/\/www.ifbaiano.edu.br\/unidades\/santaines\/wp-json\/wp\/v2\/posts"}],"about":[{"href":"https:\/\/www.ifbaiano.edu.br\/unidades\/santaines\/wp-json\/wp\/v2\/types\/post"}],"author":[{"embeddable":true,"href":"https:\/\/www.ifbaiano.edu.br\/unidades\/santaines\/wp-json\/wp\/v2\/users\/86"}],"replies":[{"embeddable":true,"href":"https:\/\/www.ifbaiano.edu.br\/unidades\/santaines\/wp-json\/wp\/v2\/comments?post=23947"}],"version-history":[{"count":4,"href":"https:\/\/www.ifbaiano.edu.br\/unidades\/santaines\/wp-json\/wp\/v2\/posts\/23947\/revisions"}],"predecessor-version":[{"id":23951,"href":"https:\/\/www.ifbaiano.edu.br\/unidades\/santaines\/wp-json\/wp\/v2\/posts\/23947\/revisions\/23951"}],"wp:featuredmedia":[{"embeddable":true,"href":"https:\/\/www.ifbaiano.edu.br\/unidades\/santaines\/wp-json\/wp\/v2\/media\/23702"}],"wp:attachment":[{"href":"https:\/\/www.ifbaiano.edu.br\/unidades\/santaines\/wp-json\/wp\/v2\/media?parent=23947"}],"wp:term":[{"taxonomy":"category","embeddable":true,"href":"https:\/\/www.ifbaiano.edu.br\/unidades\/santaines\/wp-json\/wp\/v2\/categories?post=23947"},{"taxonomy":"post_tag","embeddable":true,"href":"https:\/\/www.ifbaiano.edu.br\/unidades\/santaines\/wp-json\/wp\/v2\/tags?post=23947"}],"curies":[{"name":"wp","href":"https:\/\/api.w.org\/{rel}","templated":true}]}}