{"id":23952,"date":"2025-05-07T09:51:34","date_gmt":"2025-05-07T12:51:34","guid":{"rendered":"https:\/\/www.ifbaiano.edu.br\/unidades\/santaines\/?p=23952"},"modified":"2025-05-07T10:02:13","modified_gmt":"2025-05-07T13:02:13","slug":"aula-inaugural-no-campus-santa-ines-destaca-protagonismo-feminino-na-ciencia-e-acolhe-novos-alunos","status":"publish","type":"post","link":"https:\/\/www.ifbaiano.edu.br\/unidades\/santaines\/aula-inaugural-no-campus-santa-ines-destaca-protagonismo-feminino-na-ciencia-e-acolhe-novos-alunos\/","title":{"rendered":"Aula Inaugural no Campus Santa In\u00eas Destaca Protagonismo Feminino na Ci\u00eancia e Acolhe Novos Alunos"},"content":{"rendered":"\n<p>A noite do dia 28 de abril de 2025, segunda-feira, marcou um momento significativo para a comunidade acad\u00eamica do Instituto Federal Baiano (IF Baiano) \u2013 Campus Santa In\u00eas. \u00c0s 19h30, a quadra da institui\u00e7\u00e3o foi palco da Aula Inaugural dos Cursos Superiores, que trouxe como tema central a &#8220;Presen\u00e7a Feminina nas Ci\u00eancias: O Ser Mulher na Academia e na Ci\u00eancia \u2013 Desafios, Caminhos e Conquistas&#8221;. O evento, que reuniu cerca de 200 pessoas, contou com a palestra inspiradora da Dra. Carolina Gonzales, professora do Campus Xique-Xique.<\/p>\n\n\n\n<p>A iniciativa teve como principal objetivo destacar e valorizar a trajet\u00f3ria de mulheres na ci\u00eancia, fomentando reflex\u00f5es sobre os desafios enfrentados e as conquistas alcan\u00e7adas por elas no ambiente acad\u00eamico. Al\u00e9m disso, a a\u00e7\u00e3o buscou fortalecer o compromisso institucional com a equidade de g\u00eanero e a promo\u00e7\u00e3o de espa\u00e7os mais inclusivos e representativos.<\/p>\n\n\n\n<figure class=\"wp-block-gallery has-nested-images columns-default is-cropped wp-block-gallery-1 is-layout-flex\">\n<figure class=\"wp-block-image size-large\"><a href=\"https:\/\/www.ifbaiano.edu.br\/unidades\/santaines\/files\/2025\/05\/1881-1f3da66c-dc9f-4d1e-b21f-db158f57dbd0.webp\"><img decoding=\"async\" loading=\"lazy\" width=\"1024\" height=\"768\" data-id=\"23953\"  src=\"https:\/\/www.ifbaiano.edu.br\/unidades\/santaines\/files\/2025\/05\/1881-1f3da66c-dc9f-4d1e-b21f-db158f57dbd0-1024x768.webp\" alt=\"\" class=\"wp-image-23953\" srcset=\"https:\/\/www.ifbaiano.edu.br\/unidades\/santaines\/files\/2025\/05\/1881-1f3da66c-dc9f-4d1e-b21f-db158f57dbd0-1024x768.webp 1024w, https:\/\/www.ifbaiano.edu.br\/unidades\/santaines\/files\/2025\/05\/1881-1f3da66c-dc9f-4d1e-b21f-db158f57dbd0-300x225.webp 300w, https:\/\/www.ifbaiano.edu.br\/unidades\/santaines\/files\/2025\/05\/1881-1f3da66c-dc9f-4d1e-b21f-db158f57dbd0-768x576.webp 768w, https:\/\/www.ifbaiano.edu.br\/unidades\/santaines\/files\/2025\/05\/1881-1f3da66c-dc9f-4d1e-b21f-db158f57dbd0-100x75.webp 100w, https:\/\/www.ifbaiano.edu.br\/unidades\/santaines\/files\/2025\/05\/1881-1f3da66c-dc9f-4d1e-b21f-db158f57dbd0.webp 1440w\" sizes=\"(max-width: 1024px) 100vw, 1024px\" \/><\/a><\/figure>\n\n\n\n<figure class=\"wp-block-image size-large\"><a href=\"https:\/\/www.ifbaiano.edu.br\/unidades\/santaines\/files\/2025\/05\/1889-e71c84d3-e546-4d76-987e-914214236c99.webp\"><img decoding=\"async\" loading=\"lazy\" width=\"1024\" height=\"768\" data-id=\"23959\"  src=\"https:\/\/www.ifbaiano.edu.br\/unidades\/santaines\/files\/2025\/05\/1889-e71c84d3-e546-4d76-987e-914214236c99-1024x768.webp\" alt=\"\" class=\"wp-image-23959\" srcset=\"https:\/\/www.ifbaiano.edu.br\/unidades\/santaines\/files\/2025\/05\/1889-e71c84d3-e546-4d76-987e-914214236c99-1024x768.webp 1024w, https:\/\/www.ifbaiano.edu.br\/unidades\/santaines\/files\/2025\/05\/1889-e71c84d3-e546-4d76-987e-914214236c99-300x225.webp 300w, https:\/\/www.ifbaiano.edu.br\/unidades\/santaines\/files\/2025\/05\/1889-e71c84d3-e546-4d76-987e-914214236c99-768x576.webp 768w, https:\/\/www.ifbaiano.edu.br\/unidades\/santaines\/files\/2025\/05\/1889-e71c84d3-e546-4d76-987e-914214236c99-100x75.webp 100w, https:\/\/www.ifbaiano.edu.br\/unidades\/santaines\/files\/2025\/05\/1889-e71c84d3-e546-4d76-987e-914214236c99.webp 1280w\" sizes=\"(max-width: 1024px) 100vw, 1024px\" \/><\/a><\/figure>\n\n\n\n<figure class=\"wp-block-image size-large\"><a href=\"https:\/\/www.ifbaiano.edu.br\/unidades\/santaines\/files\/2025\/05\/1886-3290fd0b-4cdf-4c3a-9d5d-7d566fe07526.webp\"><img decoding=\"async\" loading=\"lazy\" width=\"1024\" height=\"771\" data-id=\"23957\"  src=\"https:\/\/www.ifbaiano.edu.br\/unidades\/santaines\/files\/2025\/05\/1886-3290fd0b-4cdf-4c3a-9d5d-7d566fe07526-1024x771.webp\" alt=\"\" class=\"wp-image-23957\" srcset=\"https:\/\/www.ifbaiano.edu.br\/unidades\/santaines\/files\/2025\/05\/1886-3290fd0b-4cdf-4c3a-9d5d-7d566fe07526-1024x771.webp 1024w, https:\/\/www.ifbaiano.edu.br\/unidades\/santaines\/files\/2025\/05\/1886-3290fd0b-4cdf-4c3a-9d5d-7d566fe07526-300x226.webp 300w, https:\/\/www.ifbaiano.edu.br\/unidades\/santaines\/files\/2025\/05\/1886-3290fd0b-4cdf-4c3a-9d5d-7d566fe07526-768x578.webp 768w, https:\/\/www.ifbaiano.edu.br\/unidades\/santaines\/files\/2025\/05\/1886-3290fd0b-4cdf-4c3a-9d5d-7d566fe07526-100x75.webp 100w, https:\/\/www.ifbaiano.edu.br\/unidades\/santaines\/files\/2025\/05\/1886-3290fd0b-4cdf-4c3a-9d5d-7d566fe07526.webp 1435w\" sizes=\"(max-width: 1024px) 100vw, 1024px\" \/><\/a><\/figure>\n<\/figure>\n\n\n\n<p>Paralelamente ao debate, a aula inaugural simbolizou o acolhimento oficial aos novos discentes dos cursos de Licenciatura em Ci\u00eancias Biol\u00f3gicas, Licenciatura em Geografia e do Bacharelado em Zootecnia. O evento refor\u00e7ou o papel formativo e cr\u00edtico da educa\u00e7\u00e3o p\u00fablica, essencial para o desenvolvimento da sociedade.<\/p>\n\n\n\n<p>O p\u00fablico presente foi diverso, composto por estudantes ingressantes e veteranos dos cursos superiores, docentes, t\u00e9cnicos administrativos, representantes de setores institucionais e membros da comunidade acad\u00eamica em geral. A organiza\u00e7\u00e3o foi uma colabora\u00e7\u00e3o entre as coordena\u00e7\u00f5es dos cursos de gradua\u00e7\u00e3o do campus, representada por uma comiss\u00e3o espec\u00edfica, em parceria com a Dire\u00e7\u00e3o Acad\u00eamica, Coordena\u00e7\u00e3o de Ensino, Dire\u00e7\u00e3o-geral e com o apoio da comunidade acad\u00eamica.<\/p>\n\n\n\n<p>A Professora Francis Mary Rosa, coordenadora do curso de Ci\u00eancias Biol\u00f3gicas, ressaltou a import\u00e2ncia do evento: \u201cIniciar o semestre com uma palestra que valoriza a mulher na ci\u00eancia \u00e9 um est\u00edmulo n\u00e3o s\u00f3 acad\u00eamico, mas tamb\u00e9m pessoal. Ver nossas hist\u00f3rias sendo representadas \u00e9 muito inspirador\u201d.<\/p>\n\n\n\n<p>As professoras Aline Lima e Fl\u00e1via Souza, da Coordena\u00e7\u00e3o do Curso de Licenciatura em Geografia, consideraram o tema &#8220;muito provocativo&#8221;. Elas destacaram que &#8220;a aula inaugural demonstrou como a forma\u00e7\u00e3o pol\u00edtica, cient\u00edfica, acad\u00eamica e art\u00edstica \u00e9 fundamental para o fortalecimento da independ\u00eancia das mulheres. As falas foram assertivas e regadas de potencialidade. Uma mesa diversa que expressou como a uni\u00e3o entre mulheres gera apoio, cumplicidade e auxilia na elabora\u00e7\u00e3o de caminhos para o combate a todos os tipos de viol\u00eancia contra as mulheres, algo que deve ser realizado de forma cont\u00ednua\u201d.<\/p>\n\n\n\n<p>A perspectiva dos estudantes tamb\u00e9m evidenciou o impacto da discuss\u00e3o. Regin Aldo Souza dos Santos, estudante do 1\u00b0 semestre de Licenciatura em Geografia, comentou: \u201cNa sociedade atual as mulheres continuam sendo exclu\u00eddas; a partir do momento que temos o contato com o tema e as explica\u00e7\u00f5es sobre essa situa\u00e7\u00e3o, podemos observar a import\u00e2ncia da presen\u00e7a feminina em cargos de poder\/lideran\u00e7a\u201d.<\/p>\n\n\n\n<p>Para Danuzia Santos Souza, estudante do 5\u00b0 semestre de Licenciatura em Geografia, o evento foi enriquecedor para todos. \u201cO evento foi bastante gratificante para os novos ingressantes dos cursos e para os veteranos, seja pelo tema relacionado aos desafios do ser mulher, seja pela exposi\u00e7\u00e3o dos trabalhos acad\u00eamicos dos estudantes que j\u00e1 est\u00e3o em processo de forma\u00e7\u00e3o na doc\u00eancia\u201d, concluiu.<\/p>\n\n\n\n<p>A Aula Inaugural no IF Baiano \u2013 Campus Santa In\u00eas cumpriu, assim, seu duplo papel: inspirar atrav\u00e9s do debate sobre a equidade de g\u00eanero na ci\u00eancia e dar as boas-vindas aos futuros profissionais formados pela institui\u00e7\u00e3o.<\/p>\n\n\n\n<figure class=\"wp-block-gallery has-nested-images columns-default is-cropped wp-block-gallery-3 is-layout-flex\">\n<figure class=\"wp-block-image size-large\"><a href=\"https:\/\/www.ifbaiano.edu.br\/unidades\/santaines\/files\/2025\/05\/1883-3e2a31a6-f8cb-4816-828e-67c3d9321f02.webp\"><img decoding=\"async\" loading=\"lazy\" width=\"768\" height=\"1024\" data-id=\"23954\"  src=\"https:\/\/www.ifbaiano.edu.br\/unidades\/santaines\/files\/2025\/05\/1883-3e2a31a6-f8cb-4816-828e-67c3d9321f02-768x1024.webp\" alt=\"\" class=\"wp-image-23954\" srcset=\"https:\/\/www.ifbaiano.edu.br\/unidades\/santaines\/files\/2025\/05\/1883-3e2a31a6-f8cb-4816-828e-67c3d9321f02-768x1024.webp 768w, https:\/\/www.ifbaiano.edu.br\/unidades\/santaines\/files\/2025\/05\/1883-3e2a31a6-f8cb-4816-828e-67c3d9321f02-225x300.webp 225w, https:\/\/www.ifbaiano.edu.br\/unidades\/santaines\/files\/2025\/05\/1883-3e2a31a6-f8cb-4816-828e-67c3d9321f02-100x133.webp 100w, https:\/\/www.ifbaiano.edu.br\/unidades\/santaines\/files\/2025\/05\/1883-3e2a31a6-f8cb-4816-828e-67c3d9321f02.webp 810w\" sizes=\"(max-width: 768px) 100vw, 768px\" \/><\/a><\/figure>\n\n\n\n<figure class=\"wp-block-image size-large\"><a href=\"https:\/\/www.ifbaiano.edu.br\/unidades\/santaines\/files\/2025\/05\/1888-1163852e-9af7-40b2-bfb3-c2e8821ff710.webp\"><img decoding=\"async\" loading=\"lazy\" width=\"768\" height=\"1024\" data-id=\"23958\"  src=\"https:\/\/www.ifbaiano.edu.br\/unidades\/santaines\/files\/2025\/05\/1888-1163852e-9af7-40b2-bfb3-c2e8821ff710-768x1024.webp\" alt=\"\" class=\"wp-image-23958\" srcset=\"https:\/\/www.ifbaiano.edu.br\/unidades\/santaines\/files\/2025\/05\/1888-1163852e-9af7-40b2-bfb3-c2e8821ff710-768x1024.webp 768w, https:\/\/www.ifbaiano.edu.br\/unidades\/santaines\/files\/2025\/05\/1888-1163852e-9af7-40b2-bfb3-c2e8821ff710-225x300.webp 225w, https:\/\/www.ifbaiano.edu.br\/unidades\/santaines\/files\/2025\/05\/1888-1163852e-9af7-40b2-bfb3-c2e8821ff710-100x133.webp 100w, https:\/\/www.ifbaiano.edu.br\/unidades\/santaines\/files\/2025\/05\/1888-1163852e-9af7-40b2-bfb3-c2e8821ff710.webp 810w\" sizes=\"(max-width: 768px) 100vw, 768px\" \/><\/a><\/figure>\n\n\n\n<figure class=\"wp-block-image size-large\"><a href=\"https:\/\/www.ifbaiano.edu.br\/unidades\/santaines\/files\/2025\/05\/1899-capa.webp\"><img decoding=\"async\" loading=\"lazy\" width=\"735\" height=\"390\" data-id=\"23961\"  src=\"https:\/\/www.ifbaiano.edu.br\/unidades\/santaines\/files\/2025\/05\/1899-capa.webp\" alt=\"\" class=\"wp-image-23961\" srcset=\"https:\/\/www.ifbaiano.edu.br\/unidades\/santaines\/files\/2025\/05\/1899-capa.webp 735w, https:\/\/www.ifbaiano.edu.br\/unidades\/santaines\/files\/2025\/05\/1899-capa-300x159.webp 300w, https:\/\/www.ifbaiano.edu.br\/unidades\/santaines\/files\/2025\/05\/1899-capa-100x53.webp 100w\" sizes=\"(max-width: 735px) 100vw, 735px\" \/><\/a><\/figure>\n\n\n\n<figure class=\"wp-block-image size-large\"><a href=\"https:\/\/www.ifbaiano.edu.br\/unidades\/santaines\/files\/2025\/05\/1885-0247ca38-7e10-4930-94f6-1b12d37079d8.webp\"><img decoding=\"async\" loading=\"lazy\" width=\"1024\" height=\"768\" data-id=\"23956\"  src=\"https:\/\/www.ifbaiano.edu.br\/unidades\/santaines\/files\/2025\/05\/1885-0247ca38-7e10-4930-94f6-1b12d37079d8-1024x768.webp\" alt=\"\" class=\"wp-image-23956\" srcset=\"https:\/\/www.ifbaiano.edu.br\/unidades\/santaines\/files\/2025\/05\/1885-0247ca38-7e10-4930-94f6-1b12d37079d8-1024x768.webp 1024w, https:\/\/www.ifbaiano.edu.br\/unidades\/santaines\/files\/2025\/05\/1885-0247ca38-7e10-4930-94f6-1b12d37079d8-300x225.webp 300w, https:\/\/www.ifbaiano.edu.br\/unidades\/santaines\/files\/2025\/05\/1885-0247ca38-7e10-4930-94f6-1b12d37079d8-768x576.webp 768w, https:\/\/www.ifbaiano.edu.br\/unidades\/santaines\/files\/2025\/05\/1885-0247ca38-7e10-4930-94f6-1b12d37079d8-100x75.webp 100w, https:\/\/www.ifbaiano.edu.br\/unidades\/santaines\/files\/2025\/05\/1885-0247ca38-7e10-4930-94f6-1b12d37079d8.webp 1440w\" sizes=\"(max-width: 1024px) 100vw, 1024px\" \/><\/a><\/figure>\n\n\n\n<figure class=\"wp-block-image size-large\"><a href=\"https:\/\/www.ifbaiano.edu.br\/unidades\/santaines\/files\/2025\/05\/1884-6c0bd1f8-adf5-4b76-918a-79e15d206a79.webp\"><img decoding=\"async\" loading=\"lazy\" width=\"768\" height=\"1024\" data-id=\"23955\"  src=\"https:\/\/www.ifbaiano.edu.br\/unidades\/santaines\/files\/2025\/05\/1884-6c0bd1f8-adf5-4b76-918a-79e15d206a79-768x1024.webp\" alt=\"\" class=\"wp-image-23955\" srcset=\"https:\/\/www.ifbaiano.edu.br\/unidades\/santaines\/files\/2025\/05\/1884-6c0bd1f8-adf5-4b76-918a-79e15d206a79-768x1024.webp 768w, https:\/\/www.ifbaiano.edu.br\/unidades\/santaines\/files\/2025\/05\/1884-6c0bd1f8-adf5-4b76-918a-79e15d206a79-225x300.webp 225w, https:\/\/www.ifbaiano.edu.br\/unidades\/santaines\/files\/2025\/05\/1884-6c0bd1f8-adf5-4b76-918a-79e15d206a79-100x133.webp 100w, https:\/\/www.ifbaiano.edu.br\/unidades\/santaines\/files\/2025\/05\/1884-6c0bd1f8-adf5-4b76-918a-79e15d206a79.webp 810w\" sizes=\"(max-width: 768px) 100vw, 768px\" \/><\/a><\/figure>\n\n\n\n<figure class=\"wp-block-image size-large\"><a href=\"https:\/\/www.ifbaiano.edu.br\/unidades\/santaines\/files\/2025\/05\/1890-e528effd-5039-44f0-a3f8-04d2637ea020.webp\"><img decoding=\"async\" loading=\"lazy\" width=\"1024\" height=\"768\" data-id=\"23960\"  src=\"https:\/\/www.ifbaiano.edu.br\/unidades\/santaines\/files\/2025\/05\/1890-e528effd-5039-44f0-a3f8-04d2637ea020-1024x768.webp\" alt=\"\" class=\"wp-image-23960\" srcset=\"https:\/\/www.ifbaiano.edu.br\/unidades\/santaines\/files\/2025\/05\/1890-e528effd-5039-44f0-a3f8-04d2637ea020-1024x768.webp 1024w, https:\/\/www.ifbaiano.edu.br\/unidades\/santaines\/files\/2025\/05\/1890-e528effd-5039-44f0-a3f8-04d2637ea020-300x225.webp 300w, https:\/\/www.ifbaiano.edu.br\/unidades\/santaines\/files\/2025\/05\/1890-e528effd-5039-44f0-a3f8-04d2637ea020-768x576.webp 768w, https:\/\/www.ifbaiano.edu.br\/unidades\/santaines\/files\/2025\/05\/1890-e528effd-5039-44f0-a3f8-04d2637ea020-100x75.webp 100w, https:\/\/www.ifbaiano.edu.br\/unidades\/santaines\/files\/2025\/05\/1890-e528effd-5039-44f0-a3f8-04d2637ea020.webp 1440w\" sizes=\"(max-width: 1024px) 100vw, 1024px\" \/><\/a><\/figure>\n\n\n\n<figure class=\"wp-block-image size-large\"><a href=\"https:\/\/www.ifbaiano.edu.br\/unidades\/santaines\/files\/2025\/05\/1899-CAPA_.webp\"><img decoding=\"async\" loading=\"lazy\" width=\"1024\" height=\"332\" data-id=\"23962\"  src=\"https:\/\/www.ifbaiano.edu.br\/unidades\/santaines\/files\/2025\/05\/1899-CAPA_-1024x332.webp\" alt=\"\" class=\"wp-image-23962\" srcset=\"https:\/\/www.ifbaiano.edu.br\/unidades\/santaines\/files\/2025\/05\/1899-CAPA_-1024x332.webp 1024w, https:\/\/www.ifbaiano.edu.br\/unidades\/santaines\/files\/2025\/05\/1899-CAPA_-300x97.webp 300w, https:\/\/www.ifbaiano.edu.br\/unidades\/santaines\/files\/2025\/05\/1899-CAPA_-768x249.webp 768w, https:\/\/www.ifbaiano.edu.br\/unidades\/santaines\/files\/2025\/05\/1899-CAPA_-1536x498.webp 1536w, https:\/\/www.ifbaiano.edu.br\/unidades\/santaines\/files\/2025\/05\/1899-CAPA_-100x32.webp 100w, https:\/\/www.ifbaiano.edu.br\/unidades\/santaines\/files\/2025\/05\/1899-CAPA_.webp 1589w\" sizes=\"(max-width: 1024px) 100vw, 1024px\" \/><\/a><\/figure>\n<\/figure>\n\n\n\n<hr class=\"wp-block-separator has-alpha-channel-opacity\" \/>\n","protected":false},"excerpt":{"rendered":"<p>A noite do dia 28 de abril de 2025, segunda-feira, marcou um momento significativo para a comunidade acad\u00eamica do Instituto Federal Baiano (IF Baiano) \u2013 Campus Santa In\u00eas. \u00c0s 19h30, a quadra da institui\u00e7\u00e3o foi palco da Aula Inaugural dos Cursos Superiores, que trouxe como tema central a &#8220;Presen\u00e7a Feminina nas Ci\u00eancias: O Ser Mulher [&hellip;]<\/p>\n","protected":false},"author":86,"featured_media":23966,"comment_status":"closed","ping_status":"closed","sticky":false,"template":"","format":"standard","meta":[],"categories":[4,12,5,57],"tags":[],"_links":{"self":[{"href":"https:\/\/www.ifbaiano.edu.br\/unidades\/santaines\/wp-json\/wp\/v2\/posts\/23952"}],"collection":[{"href":"https:\/\/www.ifbaiano.edu.br\/unidades\/santaines\/wp-json\/wp\/v2\/posts"}],"about":[{"href":"https:\/\/www.ifbaiano.edu.br\/unidades\/santaines\/wp-json\/wp\/v2\/types\/post"}],"author":[{"embeddable":true,"href":"https:\/\/www.ifbaiano.edu.br\/unidades\/santaines\/wp-json\/wp\/v2\/users\/86"}],"replies":[{"embeddable":true,"href":"https:\/\/www.ifbaiano.edu.br\/unidades\/santaines\/wp-json\/wp\/v2\/comments?post=23952"}],"version-history":[{"count":2,"href":"https:\/\/www.ifbaiano.edu.br\/unidades\/santaines\/wp-json\/wp\/v2\/posts\/23952\/revisions"}],"predecessor-version":[{"id":23965,"href":"https:\/\/www.ifbaiano.edu.br\/unidades\/santaines\/wp-json\/wp\/v2\/posts\/23952\/revisions\/23965"}],"wp:featuredmedia":[{"embeddable":true,"href":"https:\/\/www.ifbaiano.edu.br\/unidades\/santaines\/wp-json\/wp\/v2\/media\/23966"}],"wp:attachment":[{"href":"https:\/\/www.ifbaiano.edu.br\/unidades\/santaines\/wp-json\/wp\/v2\/media?parent=23952"}],"wp:term":[{"taxonomy":"category","embeddable":true,"href":"https:\/\/www.ifbaiano.edu.br\/unidades\/santaines\/wp-json\/wp\/v2\/categories?post=23952"},{"taxonomy":"post_tag","embeddable":true,"href":"https:\/\/www.ifbaiano.edu.br\/unidades\/santaines\/wp-json\/wp\/v2\/tags?post=23952"}],"curies":[{"name":"wp","href":"https:\/\/api.w.org\/{rel}","templated":true}]}}