{"id":23967,"date":"2025-05-07T12:45:50","date_gmt":"2025-05-07T15:45:50","guid":{"rendered":"https:\/\/www.ifbaiano.edu.br\/unidades\/santaines\/?p=23967"},"modified":"2025-05-07T12:45:50","modified_gmt":"2025-05-07T15:45:50","slug":"if-baiano-campus-santa-ines-divulga-lista-preliminar-de-pre-selecionados-do-paise-2025","status":"publish","type":"post","link":"https:\/\/www.ifbaiano.edu.br\/unidades\/santaines\/if-baiano-campus-santa-ines-divulga-lista-preliminar-de-pre-selecionados-do-paise-2025\/","title":{"rendered":"IF Baiano Campus Santa In\u00eas divulga lista preliminar de pr\u00e9-selecionados do PAISE 2025"},"content":{"rendered":"\n<p>O Instituto Federal Baiano (IF Baiano), Campus Santa In\u00eas, publicou hoje, 7, a lista preliminar dos estudantes pr\u00e9-selecionados, <a rel=\"noreferrer noopener\" href=\"https:\/\/concurso.ifbaiano.edu.br\/portal\/paise-santa-ines-marco-2025\/wp-content\/uploads\/sites\/1166\/2025\/05\/INSCRICOES-NIVEL-MEDIO-PAISE-2025-ATUALIZADA-10H30MIN-Planilhas-Google.pdf\" target=\"_blank\">N\u00edvel M\u00e9dio<\/a> e <a rel=\"noreferrer noopener\" href=\"https:\/\/concurso.ifbaiano.edu.br\/portal\/paise-santa-ines-marco-2025\/wp-content\/uploads\/sites\/1166\/2025\/05\/PAISE-2025-PRE-SELECAO-PAISE-GRADUACAO.pdf\" target=\"_blank\">Gradua\u00e7\u00e3o<\/a>, para o Programa de Assist\u00eancia e Inclus\u00e3o Social do Estudante (PAISE), referente ao <a rel=\"noreferrer noopener\" href=\"https:\/\/concurso.ifbaiano.edu.br\/portal\/paise-santa-ines-marco-2025\/wp-content\/uploads\/sites\/1166\/2025\/03\/Edital-PAISE-2025.pdf\" target=\"_blank\">Edital n\u00ba 09\/2025<\/a>. Os documentos trazem os nomes dos candidatos de Cursos Superiores e Cursos T\u00e9cnicos Integrados ao Ensino M\u00e9dio que tiveram suas solicita\u00e7\u00f5es de aux\u00edlios deferidas ou indeferidas nesta primeira etapa.<\/p>\n\n\n\n<p>As listas, dispon\u00edveis no portal oficial do IF Baiano, detalham o nome do candidato, o curso, os tipos de aux\u00edlio solicitados \u2013 como moradia, transporte, c\u00f3pia e impress\u00e3o, perman\u00eancia, creche, entre outros, e a situa\u00e7\u00e3o da inscri\u00e7\u00e3o. Os estudantes com status &#8220;DEFERIDO(A)&#8221; tiveram seus pedidos aprovados preliminarmente.<\/p>\n\n\n\n<p>Para os candidatos cujo status esteja INDEFERIDO, os documentos, especialmente os dos Cursos T\u00e9cnicos, apresentam o motivo do indeferimento, que pode variar entre pend\u00eancias como &#8220;CAD \u00daNICO DESATUALIZADO&#8221;, &#8220;FALTOU TERMO DE COMPROMISSO&#8221;, &#8220;DOCUMENTA\u00c7\u00c3O INCOMPLETA&#8221;, entre outros.<\/p>\n\n\n\n<p><strong>Prazo para Recursos<\/strong><\/p>\n\n\n\n<p>\u00c9 fundamental que todos os candidatos, principalmente aqueles com inscri\u00e7\u00f5es indeferidas, verifiquem sua situa\u00e7\u00e3o e fiquem atentos ao prazo para interposi\u00e7\u00e3o de recursos. Conforme estabelecido no edital, o per\u00edodo para contestar o resultado preliminar ser\u00e1 do dia\u00a0<strong>08 <\/strong>at\u00e9 o dia<strong> 09 de maio de 2025<\/strong>.<\/p>\n\n\n\n<p>D\u00favidas sobre o processo ou como proceder com o recurso podem ser encaminhadas para o e-mail da Comiss\u00e3o Local de Assist\u00eancia Estudantil (CLAE) do campus:&nbsp;<strong><a target=\"_blank\" href=\"https:\/\/www.google.com\/url?sa=E&amp;q=mailto%3Aclae%40si.ifbaiano.edu.br\" rel=\"noreferrer noopener\">clae@si.ifbaiano.edu.br<\/a><\/strong>.<\/p>\n\n\n\n<p>A Coordena\u00e7\u00e3o de Assuntos Estudantis (CAE) e a Comiss\u00e3o Local de Assist\u00eancia Estudantil (CLAE) recomendam que os estudantes leiam atentamente os documentos e o anexo I do edital, que cont\u00e9m o cronograma completo. O PAISE \u00e9 uma importante pol\u00edtica institucional que visa apoiar a perman\u00eancia e o \u00eaxito dos estudantes em vulnerabilidade socioecon\u00f4mica.<\/p>\n\n\n\n<p>Para acessar as listas completas, visite o <a href=\"https:\/\/concurso.ifbaiano.edu.br\/portal\/paise-santa-ines-marco-2025\/\">Portal do IF Baiano &#8211; Se\u00e7\u00e3o Concursos<\/a>.<\/p>\n\n\n\n<hr class=\"wp-block-separator has-alpha-channel-opacity\" \/>\n","protected":false},"excerpt":{"rendered":"<p>Candidatos de cursos superiores e t\u00e9cnicos j\u00e1 podem conferir a situa\u00e7\u00e3o de suas inscri\u00e7\u00f5es. Prazo para recursos \u00e9 de 08 e 09 de maio de 2025.<\/p>\n","protected":false},"author":86,"featured_media":23346,"comment_status":"closed","ping_status":"closed","sticky":false,"template":"","format":"standard","meta":[],"categories":[4,12,13,5,57],"tags":[],"_links":{"self":[{"href":"https:\/\/www.ifbaiano.edu.br\/unidades\/santaines\/wp-json\/wp\/v2\/posts\/23967"}],"collection":[{"href":"https:\/\/www.ifbaiano.edu.br\/unidades\/santaines\/wp-json\/wp\/v2\/posts"}],"about":[{"href":"https:\/\/www.ifbaiano.edu.br\/unidades\/santaines\/wp-json\/wp\/v2\/types\/post"}],"author":[{"embeddable":true,"href":"https:\/\/www.ifbaiano.edu.br\/unidades\/santaines\/wp-json\/wp\/v2\/users\/86"}],"replies":[{"embeddable":true,"href":"https:\/\/www.ifbaiano.edu.br\/unidades\/santaines\/wp-json\/wp\/v2\/comments?post=23967"}],"version-history":[{"count":1,"href":"https:\/\/www.ifbaiano.edu.br\/unidades\/santaines\/wp-json\/wp\/v2\/posts\/23967\/revisions"}],"predecessor-version":[{"id":23968,"href":"https:\/\/www.ifbaiano.edu.br\/unidades\/santaines\/wp-json\/wp\/v2\/posts\/23967\/revisions\/23968"}],"wp:featuredmedia":[{"embeddable":true,"href":"https:\/\/www.ifbaiano.edu.br\/unidades\/santaines\/wp-json\/wp\/v2\/media\/23346"}],"wp:attachment":[{"href":"https:\/\/www.ifbaiano.edu.br\/unidades\/santaines\/wp-json\/wp\/v2\/media?parent=23967"}],"wp:term":[{"taxonomy":"category","embeddable":true,"href":"https:\/\/www.ifbaiano.edu.br\/unidades\/santaines\/wp-json\/wp\/v2\/categories?post=23967"},{"taxonomy":"post_tag","embeddable":true,"href":"https:\/\/www.ifbaiano.edu.br\/unidades\/santaines\/wp-json\/wp\/v2\/tags?post=23967"}],"curies":[{"name":"wp","href":"https:\/\/api.w.org\/{rel}","templated":true}]}}