{"id":23976,"date":"2025-05-08T10:16:16","date_gmt":"2025-05-08T13:16:16","guid":{"rendered":"https:\/\/www.ifbaiano.edu.br\/unidades\/santaines\/?p=23976"},"modified":"2025-05-08T10:26:37","modified_gmt":"2025-05-08T13:26:37","slug":"if-baiano-santa-ines-fortalece-protagonismo-feminino-na-cunicultura-com-minicurso-inovador","status":"publish","type":"post","link":"https:\/\/www.ifbaiano.edu.br\/unidades\/santaines\/if-baiano-santa-ines-fortalece-protagonismo-feminino-na-cunicultura-com-minicurso-inovador\/","title":{"rendered":"IF Baiano Santa In\u00eas Fortalece Protagonismo Feminino na Cunicultura com Minicurso Inovador"},"content":{"rendered":"\n<p>O Instituto Federal Baiano (IF Baiano) \u2013 Campus Santa In\u00eas foi palco, nessa quarta-feira (7 de maio de 2025), de uma importante iniciativa para o fomento da agricultura familiar e o empoderamento feminino na regi\u00e3o. O minicurso &#8220;Valoriza\u00e7\u00e3o da Cria\u00e7\u00e3o de Coelhos&#8221; atraiu mulheres de diversas localidades do Vale do Jiquiri\u00e7\u00e1, interessadas em aprender e se capacitar na cunicultura.<\/p>\n\n\n\n<p>A atividade integra o Projeto de Pesquisa &#8220;MULHERES NA CUNICULTURA&#8221;, coordenado pela Profa. Dra. Viviane Correa Santos. Este projeto foi aprovado pelo <a rel=\"noreferrer noopener\" href=\"https:\/\/concurso.ifbaiano.edu.br\/portal\/selecao-programa-ciencias-por-elas-novembro-2023\/wp-content\/uploads\/sites\/914\/2023\/11\/EDITAL-220-DE-22-DE-NOVEMBRO-DE-2023.pdf\" target=\"_blank\">Edital n\u00ba 220\/2023<\/a>, atrav\u00e9s do Programa Ci\u00eancia Por Elas, uma iniciativa do IF Baiano alinhada aos Objetivos do Desenvolvimento Sustent\u00e1vel (ODS) da ONU, que busca, entre outros, promover a igualdade de g\u00eanero e o empoderamento de meninas e mulheres.<\/p>\n\n\n\n<figure class=\"wp-block-gallery has-nested-images columns-default is-cropped wp-block-gallery-1 is-layout-flex\">\n<figure class=\"wp-block-image size-large\"><a href=\"https:\/\/www.ifbaiano.edu.br\/unidades\/santaines\/files\/2025\/05\/9946-ASCOM.webp\"><img decoding=\"async\" loading=\"lazy\" width=\"696\" height=\"445\" data-id=\"23982\"  src=\"https:\/\/www.ifbaiano.edu.br\/unidades\/santaines\/files\/2025\/05\/9946-ASCOM.webp\" alt=\"\" class=\"wp-image-23982\" srcset=\"https:\/\/www.ifbaiano.edu.br\/unidades\/santaines\/files\/2025\/05\/9946-ASCOM.webp 696w, https:\/\/www.ifbaiano.edu.br\/unidades\/santaines\/files\/2025\/05\/9946-ASCOM-300x192.webp 300w, https:\/\/www.ifbaiano.edu.br\/unidades\/santaines\/files\/2025\/05\/9946-ASCOM-100x64.webp 100w\" sizes=\"(max-width: 696px) 100vw, 696px\" \/><\/a><\/figure>\n\n\n\n<figure class=\"wp-block-image size-large\"><a href=\"https:\/\/www.ifbaiano.edu.br\/unidades\/santaines\/files\/2025\/05\/9951-c7910607.webp\"><img decoding=\"async\" loading=\"lazy\" width=\"768\" height=\"1024\" data-id=\"23984\"  src=\"https:\/\/www.ifbaiano.edu.br\/unidades\/santaines\/files\/2025\/05\/9951-c7910607-768x1024.webp\" alt=\"\" class=\"wp-image-23984\" srcset=\"https:\/\/www.ifbaiano.edu.br\/unidades\/santaines\/files\/2025\/05\/9951-c7910607-768x1024.webp 768w, https:\/\/www.ifbaiano.edu.br\/unidades\/santaines\/files\/2025\/05\/9951-c7910607-225x300.webp 225w, https:\/\/www.ifbaiano.edu.br\/unidades\/santaines\/files\/2025\/05\/9951-c7910607-100x133.webp 100w, https:\/\/www.ifbaiano.edu.br\/unidades\/santaines\/files\/2025\/05\/9951-c7910607.webp 810w\" sizes=\"(max-width: 768px) 100vw, 768px\" \/><\/a><\/figure>\n\n\n\n<figure class=\"wp-block-image size-large\"><a href=\"https:\/\/www.ifbaiano.edu.br\/unidades\/santaines\/files\/2025\/05\/9955-e4ed4c81.webp\"><img decoding=\"async\" loading=\"lazy\" width=\"768\" height=\"1024\" data-id=\"23986\"  src=\"https:\/\/www.ifbaiano.edu.br\/unidades\/santaines\/files\/2025\/05\/9955-e4ed4c81-768x1024.webp\" alt=\"\" class=\"wp-image-23986\" srcset=\"https:\/\/www.ifbaiano.edu.br\/unidades\/santaines\/files\/2025\/05\/9955-e4ed4c81-768x1024.webp 768w, https:\/\/www.ifbaiano.edu.br\/unidades\/santaines\/files\/2025\/05\/9955-e4ed4c81-225x300.webp 225w, https:\/\/www.ifbaiano.edu.br\/unidades\/santaines\/files\/2025\/05\/9955-e4ed4c81-100x133.webp 100w, https:\/\/www.ifbaiano.edu.br\/unidades\/santaines\/files\/2025\/05\/9955-e4ed4c81.webp 810w\" sizes=\"(max-width: 768px) 100vw, 768px\" \/><\/a><\/figure>\n<\/figure>\n\n\n\n<p>O objetivo central do minicurso foi estimular a participa\u00e7\u00e3o feminina na cunicultura, visando o protagonismo das mulheres neste sistema de cria\u00e7\u00e3o como uma commodity agr\u00edcola em pequena escala. A proposta \u00e9 que a atividade possa ser integrada a outras j\u00e1 existentes em propriedades de agricultura familiar, contribuindo para a melhoria da qualidade de vida em \u00e1reas rurais e suburbanas da Bahia.<\/p>\n\n\n\n<p>Participaram do evento produtoras, egressas do Curso Proeja, estudantes do Proeja e discentes do curso T\u00e9cnico em Zootecnia, vindas de munic\u00edpios como Ibirapitanga, Santa In\u00eas, Uba\u00edra, Jiquiri\u00e7\u00e1, Planaltino, Itagib\u00e1, Amargosa, Mutu\u00edpe, Brej\u00f5es e Tr\u00eas Bra\u00e7os.<\/p>\n\n\n\n<p>A organiza\u00e7\u00e3o do minicurso foi fruto da colabora\u00e7\u00e3o entre servidores do campus, incluindo o M\u00e9dico Veterin\u00e1rio Dr. Bruno Delphino Medrado, Jos\u00e9 da Silva C\u00e9sar (Z\u00e9 Ninja), Gilson Rodrigues dos Santos (Calado), e discentes do Bacharelado em Zootecnia (Juliana Ferreira de Almeida, Ana Vit\u00f3ria dos Santos Vieira e Uilton Dias Freitas) e do Curso T\u00e9cnico em Zootecnia (Antonio Ot\u00e1vio Guimar\u00e3es Santos). O evento contou ainda com o apoio fundamental da Dire\u00e7\u00e3o do Campus Santa In\u00eas.<\/p>\n\n\n\n<figure class=\"wp-block-gallery has-nested-images columns-default is-cropped wp-block-gallery-3 is-layout-flex\">\n<figure class=\"wp-block-image size-large\"><a href=\"https:\/\/www.ifbaiano.edu.br\/unidades\/santaines\/files\/2025\/05\/9941-66bdbcd5.webp\"><img decoding=\"async\" loading=\"lazy\" width=\"1024\" height=\"858\" data-id=\"23979\"  src=\"https:\/\/www.ifbaiano.edu.br\/unidades\/santaines\/files\/2025\/05\/9941-66bdbcd5-1024x858.webp\" alt=\"\" class=\"wp-image-23979\" srcset=\"https:\/\/www.ifbaiano.edu.br\/unidades\/santaines\/files\/2025\/05\/9941-66bdbcd5-1024x858.webp 1024w, https:\/\/www.ifbaiano.edu.br\/unidades\/santaines\/files\/2025\/05\/9941-66bdbcd5-300x252.webp 300w, https:\/\/www.ifbaiano.edu.br\/unidades\/santaines\/files\/2025\/05\/9941-66bdbcd5-768x644.webp 768w, https:\/\/www.ifbaiano.edu.br\/unidades\/santaines\/files\/2025\/05\/9941-66bdbcd5-100x84.webp 100w, https:\/\/www.ifbaiano.edu.br\/unidades\/santaines\/files\/2025\/05\/9941-66bdbcd5.webp 1200w\" sizes=\"(max-width: 1024px) 100vw, 1024px\" \/><\/a><\/figure>\n\n\n\n<figure class=\"wp-block-image size-large\"><a href=\"https:\/\/www.ifbaiano.edu.br\/unidades\/santaines\/files\/2025\/05\/9945-ASC.webp\"><img decoding=\"async\" loading=\"lazy\" width=\"447\" height=\"599\" data-id=\"23981\"  src=\"https:\/\/www.ifbaiano.edu.br\/unidades\/santaines\/files\/2025\/05\/9945-ASC.webp\" alt=\"\" class=\"wp-image-23981\" srcset=\"https:\/\/www.ifbaiano.edu.br\/unidades\/santaines\/files\/2025\/05\/9945-ASC.webp 447w, https:\/\/www.ifbaiano.edu.br\/unidades\/santaines\/files\/2025\/05\/9945-ASC-224x300.webp 224w, https:\/\/www.ifbaiano.edu.br\/unidades\/santaines\/files\/2025\/05\/9945-ASC-100x134.webp 100w\" sizes=\"(max-width: 447px) 100vw, 447px\" \/><\/a><\/figure>\n\n\n\n<figure class=\"wp-block-image size-large\"><a href=\"https:\/\/www.ifbaiano.edu.br\/unidades\/santaines\/files\/2025\/05\/9957-e5f760e2.webp\"><img decoding=\"async\" loading=\"lazy\" width=\"926\" height=\"751\" data-id=\"23987\"  src=\"https:\/\/www.ifbaiano.edu.br\/unidades\/santaines\/files\/2025\/05\/9957-e5f760e2.webp\" alt=\"\" class=\"wp-image-23987\" srcset=\"https:\/\/www.ifbaiano.edu.br\/unidades\/santaines\/files\/2025\/05\/9957-e5f760e2.webp 926w, https:\/\/www.ifbaiano.edu.br\/unidades\/santaines\/files\/2025\/05\/9957-e5f760e2-300x243.webp 300w, https:\/\/www.ifbaiano.edu.br\/unidades\/santaines\/files\/2025\/05\/9957-e5f760e2-768x623.webp 768w, https:\/\/www.ifbaiano.edu.br\/unidades\/santaines\/files\/2025\/05\/9957-e5f760e2-100x81.webp 100w\" sizes=\"(max-width: 926px) 100vw, 926px\" \/><\/a><\/figure>\n<\/figure>\n\n\n\n<p>O conte\u00fado foi dividido em m\u00f3dulos te\u00f3ricos e pr\u00e1ticos. Na parte pr\u00e1tica, as participantes tiveram contato direto com o manejo, abordando temas como: tipos de instala\u00e7\u00f5es (gaiolas X piso), ra\u00e7as, alimenta\u00e7\u00e3o, fases de cria\u00e7\u00e3o, t\u00e9cnicas de conten\u00e7\u00e3o, corte de unhas, reprodu\u00e7\u00e3o (monta natural e insemina\u00e7\u00e3o artificial), diagn\u00f3stico de gesta\u00e7\u00e3o por palpa\u00e7\u00e3o, manejo de parto e ninho, desmama, sexagem, aplica\u00e7\u00e3o de medicamentos e tatuagem para identifica\u00e7\u00e3o.<\/p>\n\n\n\n<p>Um delicioso lanche, preparado pela equipe de Nutri\u00e7\u00e3o do campus, foi oferecido, demonstrando o cuidado e a hospitalidade da institui\u00e7\u00e3o. Ao final, as participantes expressaram grande satisfa\u00e7\u00e3o e motiva\u00e7\u00e3o para iniciar suas pr\u00f3prias cria\u00e7\u00f5es, solicitando a oferta de novos minicursos na \u00e1rea de produ\u00e7\u00e3o animal e elogiando a forma acolhedora como foram recebidas.<\/p>\n\n\n\n<p>Este evento refor\u00e7a o papel atuante do IF Baiano no Vale do Jiquiri\u00e7\u00e1, cumprindo sua miss\u00e3o educadora e contribuindo significativamente para o ensino, a pesquisa e a extens\u00e3o na regi\u00e3o.<\/p>\n\n\n\n<figure class=\"wp-block-gallery has-nested-images columns-default is-cropped wp-block-gallery-5 is-layout-flex\">\n<figure class=\"wp-block-image size-large\"><a href=\"https:\/\/www.ifbaiano.edu.br\/unidades\/santaines\/files\/2025\/05\/9943-179a87a3.webp\"><img decoding=\"async\" loading=\"lazy\" width=\"1024\" height=\"743\" data-id=\"23980\"  src=\"https:\/\/www.ifbaiano.edu.br\/unidades\/santaines\/files\/2025\/05\/9943-179a87a3-1024x743.webp\" alt=\"\" class=\"wp-image-23980\" srcset=\"https:\/\/www.ifbaiano.edu.br\/unidades\/santaines\/files\/2025\/05\/9943-179a87a3-1024x743.webp 1024w, https:\/\/www.ifbaiano.edu.br\/unidades\/santaines\/files\/2025\/05\/9943-179a87a3-300x218.webp 300w, https:\/\/www.ifbaiano.edu.br\/unidades\/santaines\/files\/2025\/05\/9943-179a87a3-768x557.webp 768w, https:\/\/www.ifbaiano.edu.br\/unidades\/santaines\/files\/2025\/05\/9943-179a87a3-100x73.webp 100w, https:\/\/www.ifbaiano.edu.br\/unidades\/santaines\/files\/2025\/05\/9943-179a87a3.webp 1383w\" sizes=\"(max-width: 1024px) 100vw, 1024px\" \/><\/a><\/figure>\n\n\n\n<figure class=\"wp-block-image size-large\"><a href=\"https:\/\/www.ifbaiano.edu.br\/unidades\/santaines\/files\/2025\/05\/9936-17b4f973.webp\"><img decoding=\"async\" loading=\"lazy\" width=\"1024\" height=\"702\" data-id=\"23977\"  src=\"https:\/\/www.ifbaiano.edu.br\/unidades\/santaines\/files\/2025\/05\/9936-17b4f973-1024x702.webp\" alt=\"\" class=\"wp-image-23977\" srcset=\"https:\/\/www.ifbaiano.edu.br\/unidades\/santaines\/files\/2025\/05\/9936-17b4f973-1024x702.webp 1024w, https:\/\/www.ifbaiano.edu.br\/unidades\/santaines\/files\/2025\/05\/9936-17b4f973-300x206.webp 300w, https:\/\/www.ifbaiano.edu.br\/unidades\/santaines\/files\/2025\/05\/9936-17b4f973-768x526.webp 768w, https:\/\/www.ifbaiano.edu.br\/unidades\/santaines\/files\/2025\/05\/9936-17b4f973-100x69.webp 100w, https:\/\/www.ifbaiano.edu.br\/unidades\/santaines\/files\/2025\/05\/9936-17b4f973.webp 1488w\" sizes=\"(max-width: 1024px) 100vw, 1024px\" \/><\/a><\/figure>\n<\/figure>\n\n\n\n<hr class=\"wp-block-separator has-alpha-channel-opacity\" \/>\n","protected":false},"excerpt":{"rendered":"<p>O Instituto Federal Baiano (IF Baiano) \u2013 Campus Santa In\u00eas foi palco, nessa quarta-feira (7 de maio de 2025), de uma importante iniciativa para o fomento da agricultura familiar e o empoderamento feminino na regi\u00e3o. O minicurso &#8220;Valoriza\u00e7\u00e3o da Cria\u00e7\u00e3o de Coelhos&#8221; atraiu mulheres de diversas localidades do Vale do Jiquiri\u00e7\u00e1, interessadas em aprender e [&hellip;]<\/p>\n","protected":false},"author":86,"featured_media":23989,"comment_status":"closed","ping_status":"closed","sticky":false,"template":"","format":"standard","meta":[],"categories":[4,5,57],"tags":[],"_links":{"self":[{"href":"https:\/\/www.ifbaiano.edu.br\/unidades\/santaines\/wp-json\/wp\/v2\/posts\/23976"}],"collection":[{"href":"https:\/\/www.ifbaiano.edu.br\/unidades\/santaines\/wp-json\/wp\/v2\/posts"}],"about":[{"href":"https:\/\/www.ifbaiano.edu.br\/unidades\/santaines\/wp-json\/wp\/v2\/types\/post"}],"author":[{"embeddable":true,"href":"https:\/\/www.ifbaiano.edu.br\/unidades\/santaines\/wp-json\/wp\/v2\/users\/86"}],"replies":[{"embeddable":true,"href":"https:\/\/www.ifbaiano.edu.br\/unidades\/santaines\/wp-json\/wp\/v2\/comments?post=23976"}],"version-history":[{"count":3,"href":"https:\/\/www.ifbaiano.edu.br\/unidades\/santaines\/wp-json\/wp\/v2\/posts\/23976\/revisions"}],"predecessor-version":[{"id":23991,"href":"https:\/\/www.ifbaiano.edu.br\/unidades\/santaines\/wp-json\/wp\/v2\/posts\/23976\/revisions\/23991"}],"wp:featuredmedia":[{"embeddable":true,"href":"https:\/\/www.ifbaiano.edu.br\/unidades\/santaines\/wp-json\/wp\/v2\/media\/23989"}],"wp:attachment":[{"href":"https:\/\/www.ifbaiano.edu.br\/unidades\/santaines\/wp-json\/wp\/v2\/media?parent=23976"}],"wp:term":[{"taxonomy":"category","embeddable":true,"href":"https:\/\/www.ifbaiano.edu.br\/unidades\/santaines\/wp-json\/wp\/v2\/categories?post=23976"},{"taxonomy":"post_tag","embeddable":true,"href":"https:\/\/www.ifbaiano.edu.br\/unidades\/santaines\/wp-json\/wp\/v2\/tags?post=23976"}],"curies":[{"name":"wp","href":"https:\/\/api.w.org\/{rel}","templated":true}]}}