{"id":23995,"date":"2025-05-12T15:18:28","date_gmt":"2025-05-12T18:18:28","guid":{"rendered":"https:\/\/www.ifbaiano.edu.br\/unidades\/santaines\/?p=23995"},"modified":"2025-05-12T15:21:10","modified_gmt":"2025-05-12T18:21:10","slug":"oportunidade-no-if-baiano-campus-santa-ines-seleciona-professor-substituto-de-educacao-fisica","status":"publish","type":"post","link":"https:\/\/www.ifbaiano.edu.br\/unidades\/santaines\/oportunidade-no-if-baiano-campus-santa-ines-seleciona-professor-substituto-de-educacao-fisica\/","title":{"rendered":"Oportunidade no IF Baiano: Campus Santa In\u00eas Seleciona Professor Substituto de Educa\u00e7\u00e3o F\u00edsica"},"content":{"rendered":"\n<p>O Instituto Federal de Educa\u00e7\u00e3o, Ci\u00eancia e Tecnologia Baiano (IF Baiano), Campus Santa In\u00eas, abriu uma excelente oportunidade para profissionais da \u00e1rea de Educa\u00e7\u00e3o F\u00edsica. Atrav\u00e9s do <a href=\"https:\/\/concurso.ifbaiano.edu.br\/portal\/substituto-santa-ines-maio-2025\/wp-content\/uploads\/sites\/1194\/2025\/05\/Edital-no-109_2025-Professor-Substituto.pdf\">Edital n\u00ba 109\/2025<\/a>, a institui\u00e7\u00e3o busca um Professor Substituto para atuar com uma carga hor\u00e1ria de 40 horas semanais. O contrato inicial tem dura\u00e7\u00e3o de at\u00e9 12 meses, com possibilidade de prorroga\u00e7\u00e3o por igual per\u00edodo, representando uma chance de integrar o corpo docente de uma respeitada institui\u00e7\u00e3o federal de ensino.<\/p>\n\n\n\n<p>Para concorrer \u00e0 vaga, os interessados devem possuir Licenciatura plena em Educa\u00e7\u00e3o F\u00edsica ou Licenciatura e Bacharelado na mesma \u00e1rea. As inscri\u00e7\u00f5es s\u00e3o gratuitas e ocorrer\u00e3o exclusivamente por e-mail, entre os dias&nbsp;<strong>14 e 21 de maio de 2025<\/strong>. Os candidatos precisam encaminhar a documenta\u00e7\u00e3o exigida, como a <a href=\"https:\/\/concurso.ifbaiano.edu.br\/portal\/substituto-santa-ines-maio-2025\/wp-content\/uploads\/sites\/1194\/2025\/05\/FICHA-DE-INSCRICAO-Prof-Substituto.pdf\">Ficha de Inscri\u00e7\u00e3o<\/a>, documentos pessoais e o comprovante da habilita\u00e7\u00e3o m\u00ednima, para o endere\u00e7o eletr\u00f4nico&nbsp;<strong><a rel=\"noreferrer noopener\" href=\"https:\/\/www.google.com\/url?sa=E&amp;q=mailto%3Aprocessoseletivo%40si.ifbaiano.edu.br\" target=\"_blank\">processoseletivo@si.ifbaiano.edu.br<\/a><\/strong>.<\/p>\n\n\n\n<p>O processo seletivo ser\u00e1 composto por duas etapas cruciais: uma Prova de Desempenho Did\u00e1tico Pedag\u00f3gico, de car\u00e1ter eliminat\u00f3rio e classificat\u00f3rio, onde os candidatos demonstrar\u00e3o suas habilidades em sala de aula, e uma Prova de T\u00edtulos, de natureza classificat\u00f3ria, para os aprovados na primeira fase. O sorteio do tema para a prova did\u00e1tica e da ordem de apresenta\u00e7\u00e3o dos candidatos est\u00e1 agendado para 27 de maio, com as provas ocorrendo entre 28 e 30 de maio de 2025.<\/p>\n\n\n\n<p>A remunera\u00e7\u00e3o para a jornada de 40 horas \u00e9 atrativa e varia conforme a titula\u00e7\u00e3o do profissional, partindo de R$ 3.412,63 para graduados e podendo alcan\u00e7ar R$&nbsp;6.356,02 para doutores. Adicionalmente, s\u00e3o oferecidos benef\u00edcios como aux\u00edlio transporte, aux\u00edlio pr\u00e9-escolar de R$ 484,90 por dependente (at\u00e9 5 anos, 11 meses e 29 dias) e aux\u00edlio alimenta\u00e7\u00e3o no valor de R$ 1.000,00.<\/p>\n\n\n\n<p>Os candidatos devem ficar atentos ao cronograma, que prev\u00ea a divulga\u00e7\u00e3o do resultado definitivo do processo seletivo para o dia 04 de junho de 2025. Para conferir todos os documentos, incluindo os anexos e o cronograma completo, os interessados devem acessar o <a href=\"https:\/\/concurso.ifbaiano.edu.br\/portal\/substituto-santa-ines-maio-2025\/\">portal oficial do IF Baiano<\/a>. Esclarecimentos adicionais podem ser obtidos pelo mesmo e-mail das inscri\u00e7\u00f5es (<a href=\"mailto:processoseletivo@si.ifbaiano.edu.br\">processoseletivo@si.ifbaiano.edu.br<\/a>).<\/p>\n\n\n\n<hr class=\"wp-block-separator has-alpha-channel-opacity\" \/>\n","protected":false},"excerpt":{"rendered":"<p>O Instituto Federal de Educa\u00e7\u00e3o, Ci\u00eancia e Tecnologia Baiano (IF Baiano), Campus Santa In\u00eas, abriu uma excelente oportunidade para profissionais da \u00e1rea de Educa\u00e7\u00e3o F\u00edsica. Atrav\u00e9s do Edital n\u00ba 109\/2025, a institui\u00e7\u00e3o busca um Professor Substituto para atuar com uma carga hor\u00e1ria de 40 horas semanais. O contrato inicial tem dura\u00e7\u00e3o de at\u00e9 12 meses, [&hellip;]<\/p>\n","protected":false},"author":86,"featured_media":24010,"comment_status":"closed","ping_status":"closed","sticky":false,"template":"","format":"standard","meta":[],"categories":[4,5,8,57],"tags":[],"_links":{"self":[{"href":"https:\/\/www.ifbaiano.edu.br\/unidades\/santaines\/wp-json\/wp\/v2\/posts\/23995"}],"collection":[{"href":"https:\/\/www.ifbaiano.edu.br\/unidades\/santaines\/wp-json\/wp\/v2\/posts"}],"about":[{"href":"https:\/\/www.ifbaiano.edu.br\/unidades\/santaines\/wp-json\/wp\/v2\/types\/post"}],"author":[{"embeddable":true,"href":"https:\/\/www.ifbaiano.edu.br\/unidades\/santaines\/wp-json\/wp\/v2\/users\/86"}],"replies":[{"embeddable":true,"href":"https:\/\/www.ifbaiano.edu.br\/unidades\/santaines\/wp-json\/wp\/v2\/comments?post=23995"}],"version-history":[{"count":3,"href":"https:\/\/www.ifbaiano.edu.br\/unidades\/santaines\/wp-json\/wp\/v2\/posts\/23995\/revisions"}],"predecessor-version":[{"id":24009,"href":"https:\/\/www.ifbaiano.edu.br\/unidades\/santaines\/wp-json\/wp\/v2\/posts\/23995\/revisions\/24009"}],"wp:featuredmedia":[{"embeddable":true,"href":"https:\/\/www.ifbaiano.edu.br\/unidades\/santaines\/wp-json\/wp\/v2\/media\/24010"}],"wp:attachment":[{"href":"https:\/\/www.ifbaiano.edu.br\/unidades\/santaines\/wp-json\/wp\/v2\/media?parent=23995"}],"wp:term":[{"taxonomy":"category","embeddable":true,"href":"https:\/\/www.ifbaiano.edu.br\/unidades\/santaines\/wp-json\/wp\/v2\/categories?post=23995"},{"taxonomy":"post_tag","embeddable":true,"href":"https:\/\/www.ifbaiano.edu.br\/unidades\/santaines\/wp-json\/wp\/v2\/tags?post=23995"}],"curies":[{"name":"wp","href":"https:\/\/api.w.org\/{rel}","templated":true}]}}