{"id":24001,"date":"2025-05-12T10:03:53","date_gmt":"2025-05-12T13:03:53","guid":{"rendered":"https:\/\/www.ifbaiano.edu.br\/unidades\/santaines\/?p=24001"},"modified":"2025-05-14T08:39:36","modified_gmt":"2025-05-14T11:39:36","slug":"campus-santa-ines-divulga-resultado-preliminar-para-reopcao-de-cursos-edital-no-18-2025","status":"publish","type":"post","link":"https:\/\/www.ifbaiano.edu.br\/unidades\/santaines\/campus-santa-ines-divulga-resultado-preliminar-para-reopcao-de-cursos-edital-no-18-2025\/","title":{"rendered":"Campus Santa In\u00eas Divulga Resultado Preliminar para reop\u00e7\u00e3o de cursos &#8211; Edital N\u00ba 18\/2025"},"content":{"rendered":"\n<p>O Instituto Federal de Educa\u00e7\u00e3o, Ci\u00eancia e Tecnologia Baiano (IF Baiano), Campus Santa In\u00eas, tornou p\u00fablico nesta segunda-feira, 12, o resultado preliminar do processo seletivo para preenchimento de vagas ociosas em seus cursos superiores de gradua\u00e7\u00e3o, referente ao primeiro semestre letivo de 2025. A sele\u00e7\u00e3o foi regida pelo\u00a0<strong>Edital N\u00ba 18\/2025<\/strong>, <a href=\"https:\/\/www.ifbaiano.edu.br\/unidades\/santaines\/campus-santa-ines-realiza-selecao-para-vagas-ociosas-em-cursos-de-graduacao-para-2025-1\/\">publicado em 5 de maio de 2025<\/a>.<\/p>\n\n\n\n<p>O processo seletivo visou preencher vagas ociosas nos cursos de&nbsp;<strong>Licenciatura em Ci\u00eancias Biol\u00f3gicas<\/strong>,&nbsp;<strong>Licenciatura em Geografia<\/strong>&nbsp;e&nbsp;<strong>Bacharelado em Zootecnia<\/strong>, oferecidos presencialmente no campus. As vagas foram destinadas a candidatos nas modalidades Reop\u00e7\u00e3o de Curso, Transfer\u00eancia Interna, Transfer\u00eancia Externa e Portador de Diploma.<\/p>\n\n\n\n<p>Apenas o candidato Felipe dos Santos participou da sele\u00e7\u00e3o e pleiteou a modalidade de Reop\u00e7\u00e3o de Curso, sendo aprovado, preliminarmente, para uma das vagas do curso de Licenciatura em Ci\u00eancias Biol\u00f3gicas do IF Baiano campus Santa In\u00eas, tendo como origem o curso de Bacharelado em Zootecnia. Recomenda-se que o candidato acesse o <a href=\"https:\/\/www.ifbaiano.edu.br\/unidades\/santaines\/campus-santa-ines-realiza-selecao-para-vagas-ociosas-em-cursos-de-graduacao-para-2025-1\/\">link original da not\u00edcia sobre o edital<\/a> para verificar as atualiza\u00e7\u00f5es e a publica\u00e7\u00e3o oficial. <\/p>\n\n\n\n<p>O cronograma detalhado, incluindo a data de divulga\u00e7\u00e3o do resultado final e o per\u00edodo de matr\u00edcula, est\u00e1 especificado no <a href=\"https:\/\/www.ifbaiano.edu.br\/unidades\/santaines\/files\/2025\/05\/EDITAL-No-18-2025-Cursos-Superiores.pdf\">edital<\/a> que deve ser consultado para mais informa\u00e7\u00f5es. D\u00favidas devem ser encaminhadas para a Secretaria de Registros Acad\u00eamicos (SRA) do Campus Santa In\u00eas atrav\u00e9s do e-mail secretaria@si.ifbaiano.edu.br.<\/p>\n\n\n\n<hr class=\"wp-block-separator has-alpha-channel-opacity\" \/>\n","protected":false},"excerpt":{"rendered":"<p>O Instituto Federal de Educa\u00e7\u00e3o, Ci\u00eancia e Tecnologia Baiano (IF Baiano), Campus Santa In\u00eas, tornou p\u00fablico nesta segunda-feira, 12, o resultado preliminar do processo seletivo para preenchimento de vagas ociosas em seus cursos superiores de gradua\u00e7\u00e3o, referente ao primeiro semestre letivo de 2025. A sele\u00e7\u00e3o foi regida pelo\u00a0Edital N\u00ba 18\/2025, publicado em 5 de maio [&hellip;]<\/p>\n","protected":false},"author":86,"featured_media":0,"comment_status":"closed","ping_status":"closed","sticky":false,"template":"","format":"standard","meta":[],"categories":[4,12,5,8,57],"tags":[],"_links":{"self":[{"href":"https:\/\/www.ifbaiano.edu.br\/unidades\/santaines\/wp-json\/wp\/v2\/posts\/24001"}],"collection":[{"href":"https:\/\/www.ifbaiano.edu.br\/unidades\/santaines\/wp-json\/wp\/v2\/posts"}],"about":[{"href":"https:\/\/www.ifbaiano.edu.br\/unidades\/santaines\/wp-json\/wp\/v2\/types\/post"}],"author":[{"embeddable":true,"href":"https:\/\/www.ifbaiano.edu.br\/unidades\/santaines\/wp-json\/wp\/v2\/users\/86"}],"replies":[{"embeddable":true,"href":"https:\/\/www.ifbaiano.edu.br\/unidades\/santaines\/wp-json\/wp\/v2\/comments?post=24001"}],"version-history":[{"count":2,"href":"https:\/\/www.ifbaiano.edu.br\/unidades\/santaines\/wp-json\/wp\/v2\/posts\/24001\/revisions"}],"predecessor-version":[{"id":24030,"href":"https:\/\/www.ifbaiano.edu.br\/unidades\/santaines\/wp-json\/wp\/v2\/posts\/24001\/revisions\/24030"}],"wp:attachment":[{"href":"https:\/\/www.ifbaiano.edu.br\/unidades\/santaines\/wp-json\/wp\/v2\/media?parent=24001"}],"wp:term":[{"taxonomy":"category","embeddable":true,"href":"https:\/\/www.ifbaiano.edu.br\/unidades\/santaines\/wp-json\/wp\/v2\/categories?post=24001"},{"taxonomy":"post_tag","embeddable":true,"href":"https:\/\/www.ifbaiano.edu.br\/unidades\/santaines\/wp-json\/wp\/v2\/tags?post=24001"}],"curies":[{"name":"wp","href":"https:\/\/api.w.org\/{rel}","templated":true}]}}