{"id":24004,"date":"2025-05-12T14:25:02","date_gmt":"2025-05-12T17:25:02","guid":{"rendered":"https:\/\/www.ifbaiano.edu.br\/unidades\/santaines\/?p=24004"},"modified":"2025-05-12T14:25:03","modified_gmt":"2025-05-12T17:25:03","slug":"prazo-de-inscricao-para-a-14a-obap-encerra-dia-15","status":"publish","type":"post","link":"https:\/\/www.ifbaiano.edu.br\/unidades\/santaines\/prazo-de-inscricao-para-a-14a-obap-encerra-dia-15\/","title":{"rendered":"Prazo de inscri\u00e7\u00e3o para a 14\u00aa OBAP encerra dia 15"},"content":{"rendered":"\n<p>O prazo de inscri\u00e7\u00f5es para a 14\u00aa edi\u00e7\u00e3o da Olimp\u00edada Brasileira de Agropecu\u00e1ria (OBAP) foi prorrogado at\u00e9 o dia 15 de maio de 2025. As inscri\u00e7\u00f5es, que encerrariam dia 05 de maio, se estenderam por mais 10 dias, mas os interessados devem correr, pois o prazo j\u00e1 est\u00e1 chegando ao fim. Estudantes interessados em participar devem compor equipes de tr\u00eas integrantes da mesma institui\u00e7\u00e3o, com a orienta\u00e7\u00e3o de um(a) professor(a). A inscri\u00e7\u00e3o deve ser realizada pelo orientador, por meio do <a href=\"https:\/\/docs.google.com\/forms\/d\/e\/1FAIpQLSc8r9b47YMdq-w_cKTBQnZXVgquThvOM8C0uHqTVgjDFUi6fA\/viewform\">formul\u00e1rio eletr\u00f4nico<\/a>.<\/p>\n\n\n\n<p>Podem participar estudantes regularmente matriculados nos seguintes cursos t\u00e9cnicos:<\/p>\n\n\n\n<ul>\n<li>T\u00e9cnico em Agropecu\u00e1ria<\/li>\n\n\n\n<li>T\u00e9cnico em Agroecologia<\/li>\n\n\n\n<li>T\u00e9cnico em Meio Ambiente<\/li>\n\n\n\n<li>T\u00e9cnico em Agroneg\u00f3cio<\/li>\n\n\n\n<li>T\u00e9cnico em Alimentos<\/li>\n\n\n\n<li>T\u00e9cnico em Agroind\u00fastria<\/li>\n\n\n\n<li>Demais cursos do Eixo Tecnol\u00f3gico de Recursos Naturais, conforme o Cat\u00e1logo Nacional de Cursos T\u00e9cnicos (CNCT\/MEC)<\/li>\n<\/ul>\n\n\n\n<p>A OBAP ser\u00e1 realizada em duas fases. A etapa virtual acontece das 8h do dia 22 de maio \u00e0s 16h59 do dia 23 de maio de 2025 (hor\u00e1rio de Bras\u00edlia). J\u00e1 a fase presencial ocorre entre 12 e 16 de agosto de 2025, nas cidades de Senhor do Bonfim (BA) e Petrolina (PE), com organiza\u00e7\u00e3o do Instituto Federal Baiano e do Instituto Federal do Sert\u00e3o Pernambucano.<\/p>\n\n\n\n<p>O edital completo est\u00e1 dispon\u00edvel no<a href=\"https:\/\/obap.ifsuldeminas.edu\/\">&nbsp;site oficial da OBAP<\/a>.<\/p>\n\n\n\n<h3 class=\"wp-block-heading\"><strong>Sobre a OBAP<\/strong><\/h3>\n\n\n\n<p>A Olimp\u00edada Brasileira de Agropecu\u00e1ria (OBAP) foi criada em 2011 pelo Instituto Federal do Sul de Minas Gerais (IFSULDEMINAS) e visa incentivar o aprimoramento de conhecimentos t\u00e9cnicos nas \u00e1reas de ci\u00eancias agr\u00e1rias, meio ambiente e recursos naturais. A competi\u00e7\u00e3o envolve atividades pr\u00e1ticas e te\u00f3ricas, desafiando os estudantes a aplicarem seus conhecimentos de forma inovadora, al\u00e9m de promover a troca de experi\u00eancias entre os jovens.<\/p>\n\n\n\n<hr class=\"wp-block-separator has-alpha-channel-opacity\" \/>\n","protected":false},"excerpt":{"rendered":"<p>Inscri\u00e7\u00f5es seguem at\u00e9 15 de maio; competi\u00e7\u00e3o \u00e9 voltada a estudantes de cursos t\u00e9cnicos da \u00e1rea de recursos naturais.<\/p>\n","protected":false},"author":86,"featured_media":24005,"comment_status":"closed","ping_status":"closed","sticky":false,"template":"","format":"standard","meta":[],"categories":[4,5,57],"tags":[],"_links":{"self":[{"href":"https:\/\/www.ifbaiano.edu.br\/unidades\/santaines\/wp-json\/wp\/v2\/posts\/24004"}],"collection":[{"href":"https:\/\/www.ifbaiano.edu.br\/unidades\/santaines\/wp-json\/wp\/v2\/posts"}],"about":[{"href":"https:\/\/www.ifbaiano.edu.br\/unidades\/santaines\/wp-json\/wp\/v2\/types\/post"}],"author":[{"embeddable":true,"href":"https:\/\/www.ifbaiano.edu.br\/unidades\/santaines\/wp-json\/wp\/v2\/users\/86"}],"replies":[{"embeddable":true,"href":"https:\/\/www.ifbaiano.edu.br\/unidades\/santaines\/wp-json\/wp\/v2\/comments?post=24004"}],"version-history":[{"count":1,"href":"https:\/\/www.ifbaiano.edu.br\/unidades\/santaines\/wp-json\/wp\/v2\/posts\/24004\/revisions"}],"predecessor-version":[{"id":24006,"href":"https:\/\/www.ifbaiano.edu.br\/unidades\/santaines\/wp-json\/wp\/v2\/posts\/24004\/revisions\/24006"}],"wp:featuredmedia":[{"embeddable":true,"href":"https:\/\/www.ifbaiano.edu.br\/unidades\/santaines\/wp-json\/wp\/v2\/media\/24005"}],"wp:attachment":[{"href":"https:\/\/www.ifbaiano.edu.br\/unidades\/santaines\/wp-json\/wp\/v2\/media?parent=24004"}],"wp:term":[{"taxonomy":"category","embeddable":true,"href":"https:\/\/www.ifbaiano.edu.br\/unidades\/santaines\/wp-json\/wp\/v2\/categories?post=24004"},{"taxonomy":"post_tag","embeddable":true,"href":"https:\/\/www.ifbaiano.edu.br\/unidades\/santaines\/wp-json\/wp\/v2\/tags?post=24004"}],"curies":[{"name":"wp","href":"https:\/\/api.w.org\/{rel}","templated":true}]}}