{"id":24012,"date":"2025-05-12T20:02:38","date_gmt":"2025-05-12T23:02:38","guid":{"rendered":"https:\/\/www.ifbaiano.edu.br\/unidades\/santaines\/?p=24012"},"modified":"2025-05-12T20:17:31","modified_gmt":"2025-05-12T23:17:31","slug":"campus-santa-ines-abre-inscricoes-para-atividades-de-cultura-corporal-2025","status":"publish","type":"post","link":"https:\/\/www.ifbaiano.edu.br\/unidades\/santaines\/campus-santa-ines-abre-inscricoes-para-atividades-de-cultura-corporal-2025\/","title":{"rendered":"Campus Santa In\u00eas abre inscri\u00e7\u00f5es para Atividades de Cultura Corporal 2025"},"content":{"rendered":"\n<p>O Instituto Federal de Educa\u00e7\u00e3o, Ci\u00eancia e Tecnologia Baiano (IF Baiano), Campus Santa In\u00eas, abriu sele\u00e7\u00e3o para o preenchimento de vagas para as Atividades Curriculares da Cultura Corporal (ACCCs) destinadas ao ano letivo de 2025. A iniciativa \u00e9 voltada para estudantes regularmente matriculados nos Cursos T\u00e9cnicos Integrados ao Ensino M\u00e9dio da institui\u00e7\u00e3o.<\/p>\n\n\n\n<p>As ACCCs t\u00eam como objetivo central integrar as pr\u00e1ticas corporais \u00e0 forma\u00e7\u00e3o dos estudantes, fortalecendo a educa\u00e7\u00e3o integral, promovendo a inclus\u00e3o, contribuindo para a perman\u00eancia escolar e respeitando a diversidade cultural e corporal. As atividades s\u00e3o planejadas e desenvolvidas por meio de a\u00e7\u00f5es, projetos e programas que englobam modalidades esportivas, expressivas e populares.<\/p>\n\n\n\n<p><strong>Modalidades Oferecidas e Vagas<\/strong><\/p>\n\n\n\n<p>O campus oferecer\u00e1 uma variedade de atividades, cada uma com dias, hor\u00e1rios, locais e n\u00famero de vagas espec\u00edficos, incluindo turmas mistas e divididas por g\u00eanero:<\/p>\n\n\n\n<ul>\n<li><strong>Capoeira:<\/strong>&nbsp;30 vagas (Turma mista) &#8211; Segundas, 19h30 \u00e0s 21h30<\/li>\n\n\n\n<li><strong>Voleibol:<\/strong>&nbsp;24 vagas (12 femininas, 12 masculinas) &#8211; Quintas, 19h30 \u00e0s 21h30<\/li>\n\n\n\n<li><strong>V\u00f4lei de Areia:<\/strong>&nbsp;10 vagas (5 femininas, 5 masculinas) &#8211; Sextas, 14h30 \u00e0s 16h30<\/li>\n\n\n\n<li><strong>Basquetebol:<\/strong>&nbsp;15 vagas (Masculinas) &#8211; Sextas, 16h40 \u00e0s 17h40<\/li>\n\n\n\n<li><strong>Futsal Feminino:<\/strong>&nbsp;15 vagas &#8211; Quartas, 15h30 \u00e0s 16h30<\/li>\n\n\n\n<li><strong>Futsal Masculino:<\/strong>&nbsp;15 vagas &#8211; Quartas, 16h40 \u00e0s 17h40<\/li>\n\n\n\n<li><strong>Jiu-Jitsu:<\/strong>&nbsp;20 vagas (Turma mista) &#8211; Segundas, Quartas e Sextas, 20h \u00e0s 21h30<\/li>\n\n\n\n<li><strong>Clube de Xadrez:<\/strong>&nbsp;20 vagas (Turma mista) &#8211; Quintas, 19h30 \u00e0s 20h30<\/li>\n<\/ul>\n\n\n\n<p>A sele\u00e7\u00e3o inclui cotas para crit\u00e9rios \u00e9tnico-raciais (50%), Pessoas com Defici\u00eancia (PcD &#8211; 10%), Transg\u00eaneros (10%) e estudantes do 1\u00ba ano (10%), com as vagas remanescentes destinadas \u00e0 ampla concorr\u00eancia.<\/p>\n\n\n\n<p><strong>Inscri\u00e7\u00f5es<\/strong><\/p>\n\n\n\n<p>As inscri\u00e7\u00f5es ocorrer\u00e3o no per\u00edodo de&nbsp;<strong>12 de maio (a partir das 07h30) a 14 de maio de 2025 (at\u00e9 \u00e0s 12h)<\/strong>. Os estudantes poder\u00e3o se inscrever de duas formas:<\/p>\n\n\n\n<p><strong>Online:<\/strong>&nbsp;Atrav\u00e9s do <a href=\"https:\/\/docs.google.com\/forms\/d\/e\/1FAIpQLSdoqIg0JDVQsfNrJw1F8f888aK6OnDrp_P0dRvc1apo_4-i8A\/viewform\">formul\u00e1rio Google Forms<\/a>.<\/p>\n\n\n\n<ol type=\"1\" start=\"1\">\n<li><strong>Presencial:<\/strong>&nbsp;Mediante preenchimento e entrega de <a href=\"https:\/\/www.ifbaiano.edu.br\/unidades\/santaines\/files\/2025\/05\/FICHA-DE-INSCRICAO-ACCC.pdf\">formul\u00e1rio f\u00edsico<\/a> no NAPSI &#8211; N\u00facleo de Apoio Pedag\u00f3gico e Psicossocial, nos hor\u00e1rios das 8h30 \u00e0s 11h30 e das 14h \u00e0s 17h (respeitando o prazo final de inscri\u00e7\u00e3o).<\/li>\n<\/ol>\n\n\n\n<p>Cada estudante poder\u00e1 se inscrever em&nbsp;<strong>at\u00e9 duas modalidades<\/strong>. Caso haja mais de uma inscri\u00e7\u00e3o por estudante ser\u00e1 validada apenas a \u00faltima.<\/p>\n\n\n\n<p><strong>Crit\u00e9rios de Sele\u00e7\u00e3o e Documenta\u00e7\u00e3o<\/strong><\/p>\n\n\n\n<p>A sele\u00e7\u00e3o priorizar\u00e1 estudantes regularmente matriculados, aqueles que j\u00e1 participaram da mesma ACCC no ano anterior, e considerar\u00e1 a frequ\u00eancia e o \u00cdndice de Rendimento Acad\u00eamico (IRA). Ap\u00f3s a sele\u00e7\u00e3o, os estudantes dever\u00e3o apresentar o <a href=\"https:\/\/www.ifbaiano.edu.br\/unidades\/santaines\/files\/2025\/05\/TERMO-DE-AUTORIZACAO-DO-RESPONSAVEL-ACCC.pdf\">Termo de Autoriza\u00e7\u00e3o do Respons\u00e1vel Legal<\/a> e um Atestado M\u00e9dico ou o <a href=\"https:\/\/www.ifbaiano.edu.br\/unidades\/santaines\/files\/2025\/05\/QUESTIONARIO-DE-PRONTIDAO-PARA-ATIVIDADE-FISICA-ACCC.pdf\">Question\u00e1rio de Prontid\u00e3o para Atividade F\u00edsica (PAR-Q)<\/a>. Para atividades noturnas, um <a href=\"https:\/\/www.ifbaiano.edu.br\/unidades\/santaines\/files\/2025\/05\/Termo-de-Ciencia-do-Responsavel-ACCC.pdf\">Termo de Ci\u00eancia do Respons\u00e1vel<\/a> tamb\u00e9m ser\u00e1 exigido.<\/p>\n\n\n\n<p><strong>Cronograma Principal<\/strong><\/p>\n\n\n\n<ul>\n<li><strong>Inscri\u00e7\u00f5es:<\/strong>&nbsp;Das 07h30 do dia de hoje, 12\/05 at\u00e9 as 12h do dia 14\/05\/2025<\/li>\n\n\n\n<li><strong>Divulga\u00e7\u00e3o das listas de contemplados:<\/strong>&nbsp;A partir de 12h de 16\/05\/2025<\/li>\n\n\n\n<li><strong>In\u00edcio das atividades:<\/strong>&nbsp;19\/05\/2025<\/li>\n<\/ul>\n\n\n\n<p>Em caso de d\u00favidas os interessados devem procurar o setor de Educa\u00e7\u00e3o F\u00edsica, a equipe de treinamento (professores que ofertam as modalidades) ou o NATEPE.<\/p>\n\n\n\n<hr class=\"wp-block-separator has-alpha-channel-opacity\" \/>\n","protected":false},"excerpt":{"rendered":"<p>Oportunidade para estudantes do Ensino M\u00e9dio Integrado participarem de diversas modalidades esportivas e culturais.<\/p>\n","protected":false},"author":86,"featured_media":24020,"comment_status":"closed","ping_status":"closed","sticky":false,"template":"","format":"standard","meta":[],"categories":[4,5,57],"tags":[],"_links":{"self":[{"href":"https:\/\/www.ifbaiano.edu.br\/unidades\/santaines\/wp-json\/wp\/v2\/posts\/24012"}],"collection":[{"href":"https:\/\/www.ifbaiano.edu.br\/unidades\/santaines\/wp-json\/wp\/v2\/posts"}],"about":[{"href":"https:\/\/www.ifbaiano.edu.br\/unidades\/santaines\/wp-json\/wp\/v2\/types\/post"}],"author":[{"embeddable":true,"href":"https:\/\/www.ifbaiano.edu.br\/unidades\/santaines\/wp-json\/wp\/v2\/users\/86"}],"replies":[{"embeddable":true,"href":"https:\/\/www.ifbaiano.edu.br\/unidades\/santaines\/wp-json\/wp\/v2\/comments?post=24012"}],"version-history":[{"count":2,"href":"https:\/\/www.ifbaiano.edu.br\/unidades\/santaines\/wp-json\/wp\/v2\/posts\/24012\/revisions"}],"predecessor-version":[{"id":24021,"href":"https:\/\/www.ifbaiano.edu.br\/unidades\/santaines\/wp-json\/wp\/v2\/posts\/24012\/revisions\/24021"}],"wp:featuredmedia":[{"embeddable":true,"href":"https:\/\/www.ifbaiano.edu.br\/unidades\/santaines\/wp-json\/wp\/v2\/media\/24020"}],"wp:attachment":[{"href":"https:\/\/www.ifbaiano.edu.br\/unidades\/santaines\/wp-json\/wp\/v2\/media?parent=24012"}],"wp:term":[{"taxonomy":"category","embeddable":true,"href":"https:\/\/www.ifbaiano.edu.br\/unidades\/santaines\/wp-json\/wp\/v2\/categories?post=24012"},{"taxonomy":"post_tag","embeddable":true,"href":"https:\/\/www.ifbaiano.edu.br\/unidades\/santaines\/wp-json\/wp\/v2\/tags?post=24012"}],"curies":[{"name":"wp","href":"https:\/\/api.w.org\/{rel}","templated":true}]}}