{"id":24022,"date":"2025-05-13T12:53:16","date_gmt":"2025-05-13T15:53:16","guid":{"rendered":"https:\/\/www.ifbaiano.edu.br\/unidades\/santaines\/?p=24022"},"modified":"2025-05-13T17:06:26","modified_gmt":"2025-05-13T20:06:26","slug":"campus-santa-ines-divulga-resultado-final-para-reopcao-de-cursos-de-graduacao","status":"publish","type":"post","link":"https:\/\/www.ifbaiano.edu.br\/unidades\/santaines\/campus-santa-ines-divulga-resultado-final-para-reopcao-de-cursos-de-graduacao\/","title":{"rendered":"Campus Santa In\u00eas Divulga Resultado Final para reop\u00e7\u00e3o de cursos de Gradua\u00e7\u00e3o"},"content":{"rendered":"\n<p>O Instituto Federal de Educa\u00e7\u00e3o, Ci\u00eancia e Tecnologia Baiano (IF Baiano), Campus Santa In\u00eas, divulgou nesta ter\u00e7a-feira, 13, o <a href=\"http:\/\/v\">resultado final<\/a> do processo seletivo para preenchimento de vagas ociosas em seus cursos superiores de gradua\u00e7\u00e3o. A sele\u00e7\u00e3o foi regida pelo\u00a0<strong><a href=\"https:\/\/www.ifbaiano.edu.br\/unidades\/santaines\/files\/2025\/05\/EDITAL-No-18-2025-Cursos-Superiores.pdf\">Edital n\u00ba 18\/2025<\/a><\/strong>, publicado em 5 de maio de 2025.<\/p>\n\n\n\n<p>O processo seletivo visou preencher vagas remanescentes nos cursos de Licenciatura em Ci\u00eancias Biol\u00f3gicas, Licenciatura em Geografia e Bacharelado em Zootecnia, ofertados presencialmente no campus, atrav\u00e9s das modalidades de Transfer\u00eancia Interna, Transfer\u00eancia Externa, Portador de Diploma e Reop\u00e7\u00e3o de Curso.<\/p>\n\n\n\n<p><strong>Pr\u00f3ximas Etapas: Matr\u00edcula<\/strong><\/p>\n\n\n\n<p>O candidato aprovado no <a href=\"https:\/\/www.ifbaiano.edu.br\/unidades\/santaines\/files\/2025\/05\/RESULTADO-FINAL-EDITAL-18_2025.pdf\">resultado final<\/a> deve contatar a Secretaria de Registros Acad\u00eamicos do IF Baiano\/Campus Santa In\u00eas para realiza\u00e7\u00e3o de matr\u00edcula, nos dias 16 e 17 de maio de 2025, conforme especificado no <strong><a href=\"https:\/\/www.ifbaiano.edu.br\/unidades\/santaines\/files\/2025\/05\/EDITAL-No-18-2025-Cursos-Superiores.pdf\">Edital n\u00ba 18\/2025<\/a><\/strong>.<\/p>\n\n\n\n<p>A matr\u00edcula \u00e9 etapa obrigat\u00f3ria para assegurar a vaga no respectivo curso. Recomenda-se a leitura atenta do edital para verificar toda a documenta\u00e7\u00e3o necess\u00e1ria e o cronograma estabelecido.<\/p>\n\n\n\n<p>Para mais informa\u00e7\u00f5es, os interessados devem consultar o <strong><a href=\"https:\/\/www.ifbaiano.edu.br\/unidades\/santaines\/files\/2025\/05\/EDITAL-No-18-2025-Cursos-Superiores.pdf\">Edital n\u00ba 18\/2025<\/a><\/strong> na \u00edntegra ou entrar em contato com a Secretaria de Registros Acad\u00eamicos (SRA) do Campus Santa In\u00eas.<\/p>\n\n\n\n<hr class=\"wp-block-separator has-alpha-channel-opacity\" \/>\n","protected":false},"excerpt":{"rendered":"<p>O Instituto Federal de Educa\u00e7\u00e3o, Ci\u00eancia e Tecnologia Baiano (IF Baiano), Campus Santa In\u00eas, divulgou nesta ter\u00e7a-feira, 13, o resultado final do processo seletivo para preenchimento de vagas ociosas em seus cursos superiores de gradua\u00e7\u00e3o. A sele\u00e7\u00e3o foi regida pelo\u00a0Edital n\u00ba 18\/2025, publicado em 5 de maio de 2025. O processo seletivo visou preencher vagas [&hellip;]<\/p>\n","protected":false},"author":86,"featured_media":0,"comment_status":"closed","ping_status":"closed","sticky":false,"template":"","format":"standard","meta":[],"categories":[4,5,57],"tags":[],"_links":{"self":[{"href":"https:\/\/www.ifbaiano.edu.br\/unidades\/santaines\/wp-json\/wp\/v2\/posts\/24022"}],"collection":[{"href":"https:\/\/www.ifbaiano.edu.br\/unidades\/santaines\/wp-json\/wp\/v2\/posts"}],"about":[{"href":"https:\/\/www.ifbaiano.edu.br\/unidades\/santaines\/wp-json\/wp\/v2\/types\/post"}],"author":[{"embeddable":true,"href":"https:\/\/www.ifbaiano.edu.br\/unidades\/santaines\/wp-json\/wp\/v2\/users\/86"}],"replies":[{"embeddable":true,"href":"https:\/\/www.ifbaiano.edu.br\/unidades\/santaines\/wp-json\/wp\/v2\/comments?post=24022"}],"version-history":[{"count":2,"href":"https:\/\/www.ifbaiano.edu.br\/unidades\/santaines\/wp-json\/wp\/v2\/posts\/24022\/revisions"}],"predecessor-version":[{"id":24025,"href":"https:\/\/www.ifbaiano.edu.br\/unidades\/santaines\/wp-json\/wp\/v2\/posts\/24022\/revisions\/24025"}],"wp:attachment":[{"href":"https:\/\/www.ifbaiano.edu.br\/unidades\/santaines\/wp-json\/wp\/v2\/media?parent=24022"}],"wp:term":[{"taxonomy":"category","embeddable":true,"href":"https:\/\/www.ifbaiano.edu.br\/unidades\/santaines\/wp-json\/wp\/v2\/categories?post=24022"},{"taxonomy":"post_tag","embeddable":true,"href":"https:\/\/www.ifbaiano.edu.br\/unidades\/santaines\/wp-json\/wp\/v2\/tags?post=24022"}],"curies":[{"name":"wp","href":"https:\/\/api.w.org\/{rel}","templated":true}]}}