{"id":24031,"date":"2025-05-14T13:09:20","date_gmt":"2025-05-14T16:09:20","guid":{"rendered":"https:\/\/www.ifbaiano.edu.br\/unidades\/santaines\/?p=24031"},"modified":"2025-05-14T13:09:45","modified_gmt":"2025-05-14T16:09:45","slug":"campus-santa-ines-divulga-nova-retificacao-no-cronograma-do-paise-2025","status":"publish","type":"post","link":"https:\/\/www.ifbaiano.edu.br\/unidades\/santaines\/campus-santa-ines-divulga-nova-retificacao-no-cronograma-do-paise-2025\/","title":{"rendered":"CAMPUS SANTA IN\u00caS DIVULGA NOVA RETIFICA\u00c7\u00c3O NO CRONOGRAMA DO PAISE 2025"},"content":{"rendered":"\n<p>O Instituto Federal de Educa\u00e7\u00e3o, Ci\u00eancia e Tecnologia Baiano (IF Baiano) Campus Santa In\u00eas anunciou mais uma altera\u00e7\u00e3o no cronograma do <a rel=\"noreferrer noopener\" href=\"https:\/\/concurso.ifbaiano.edu.br\/portal\/paise-santa-ines-marco-2025\/wp-content\/uploads\/sites\/1166\/2025\/04\/EDITAL-DE-RETIFICACAO-No-17-2025-PAISE.pdf\" target=\"_blank\">Edital de Retifica\u00e7\u00e3o n\u00ba 17\/2025<\/a>, referente ao Programa de Assist\u00eancia e Inclus\u00e3o Social do Estudante (PAISE\/2025). A mudan\u00e7a foi oficializada atrav\u00e9s do <a href=\"https:\/\/concurso.ifbaiano.edu.br\/portal\/paise-santa-ines-marco-2025\/\">Edital de Retifica\u00e7\u00e3o N\u00ba 20\/2025<\/a>, publicado hoje, 14 de maio de 2025.<\/p>\n\n\n\n<p>A retifica\u00e7\u00e3o impacta principalmente as datas subsequentes \u00e0 divulga\u00e7\u00e3o da lista dos pr\u00e9-selecionados por aux\u00edlio, ajustando prazos para entrevistas, divulga\u00e7\u00e3o de resultados e repasses financeiros.<\/p>\n\n\n\n<p><strong>Confira as principais datas alteradas no cronograma:<\/strong><\/p>\n\n\n\n<ul>\n<li><strong>Divulga\u00e7\u00e3o da Lista de Convoca\u00e7\u00e3o para a Entrevista Social:<\/strong>\n<ul>\n<li>Data anterior: 14\/05\/2025<\/li>\n\n\n\n<li><strong>Nova data: 16\/05\/2025<\/strong><\/li>\n<\/ul>\n<\/li>\n\n\n\n<li><strong>Per\u00edodo de Entrevistas:<\/strong>\n<ul>\n<li>Per\u00edodo anterior: 15 a 17\/05\/2025 e 19 a 24\/05\/2025<\/li>\n\n\n\n<li><strong>Novo per\u00edodo: 16 a 27\/05\/2025<\/strong><\/li>\n<\/ul>\n<\/li>\n\n\n\n<li><strong>Divulga\u00e7\u00e3o da Lista de Selecionados:<\/strong>\n<ul>\n<li>Data anterior: 27\/05\/2025<\/li>\n\n\n\n<li><strong>Nova data: 29\/05\/2025<\/strong><\/li>\n<\/ul>\n<\/li>\n\n\n\n<li><strong>Apresenta\u00e7\u00e3o de documenta\u00e7\u00e3o banc\u00e1ria (por parte do estudante selecionado, caso n\u00e3o tenha apresentado no ato da inscri\u00e7\u00e3o):<\/strong>\n<ul>\n<li>Prazo anterior: At\u00e9 27\/05\/2025<\/li>\n\n\n\n<li><strong>Novo prazo: At\u00e9 29\/05\/2025<\/strong><\/li>\n<\/ul>\n<\/li>\n\n\n\n<li><strong>Previs\u00e3o de repasse financeiro da primeira parcela:<\/strong>\n<ul>\n<li>Prazo anterior: At\u00e9 10\/06\/2025<\/li>\n\n\n\n<li><strong>Novo prazo: At\u00e9 12\/06\/2025<\/strong><\/li>\n<\/ul>\n<\/li>\n<\/ul>\n\n\n\n<p>As datas anteriores a estas, como Publica\u00e7\u00e3o do Edital (18\/03\/2025), Pedido de impugna\u00e7\u00e3o (20\/03\/2025), Per\u00edodo de Inscri\u00e7\u00e3o (21\/03 a 03\/05\/2025), Per\u00edodo de an\u00e1lise das inscri\u00e7\u00f5es (05 e 06\/05\/2025), Divulga\u00e7\u00e3o da lista dos pr\u00e9-selecionados por aux\u00edlio (07\/05\/2025), Interposi\u00e7\u00e3o de Recursos sobre o resultado da pr\u00e9-sele\u00e7\u00e3o (09\/05\/2025) e Divulga\u00e7\u00e3o dos Resultados dos Recursos (13\/05\/2025), permanecem inalteradas.<\/p>\n\n\n\n<p>O Campus Santa In\u00eas refor\u00e7a a import\u00e2ncia de todos os candidatos acompanharem atentamente as publica\u00e7\u00f5es oficiais e se aterem aos novos prazos para garantir a participa\u00e7\u00e3o no processo seletivo do PAISE. <\/p>\n\n\n\n<p>Todos os documentos referentes ao PAISE 2025 do Campus Santa In\u00eas, incluindo o edital original e suas retifica\u00e7\u00f5es, est\u00e3o dispon\u00edveis para consulta no <a href=\"http:\/\/Todos os documentos referentes ao PAISE 2025 do Campus Santa In\u00eas, incluindo o edital original e suas retifica\u00e7\u00f5es, est\u00e3o dispon\u00edveis para consulta no portal oficial do IF Baiano, no seguinte endere\u00e7o: https:\/\/concurso.ifbaiano.edu.br\/portal\/paise-santa-ines-marco-2025\/\">portal oficial do IF Baiano<\/a>. Recomenda-se que os candidatos acessem o link e leiam, na \u00edntegra, o <a rel=\"noreferrer noopener\" href=\"https:\/\/concurso.ifbaiano.edu.br\/portal\/paise-santa-ines-marco-2025\/wp-content\/uploads\/sites\/1166\/2025\/04\/EDITAL-DE-RETIFICACAO-No-17-2025-PAISE.pdf\" target=\"_blank\">Edital de Retifica\u00e7\u00e3o n\u00ba 17\/2025<\/a> para se informarem sobre todas as atualiza\u00e7\u00f5es.<\/p>\n\n\n\n<hr class=\"wp-block-separator has-alpha-channel-opacity\" \/>\n","protected":false},"excerpt":{"rendered":"<p>Novas datas foram definidas para etapas importantes do processo seletivo do Programa de Assist\u00eancia Estudantil.<\/p>\n","protected":false},"author":86,"featured_media":23346,"comment_status":"closed","ping_status":"closed","sticky":false,"template":"","format":"standard","meta":[],"categories":[4,5,57],"tags":[],"_links":{"self":[{"href":"https:\/\/www.ifbaiano.edu.br\/unidades\/santaines\/wp-json\/wp\/v2\/posts\/24031"}],"collection":[{"href":"https:\/\/www.ifbaiano.edu.br\/unidades\/santaines\/wp-json\/wp\/v2\/posts"}],"about":[{"href":"https:\/\/www.ifbaiano.edu.br\/unidades\/santaines\/wp-json\/wp\/v2\/types\/post"}],"author":[{"embeddable":true,"href":"https:\/\/www.ifbaiano.edu.br\/unidades\/santaines\/wp-json\/wp\/v2\/users\/86"}],"replies":[{"embeddable":true,"href":"https:\/\/www.ifbaiano.edu.br\/unidades\/santaines\/wp-json\/wp\/v2\/comments?post=24031"}],"version-history":[{"count":2,"href":"https:\/\/www.ifbaiano.edu.br\/unidades\/santaines\/wp-json\/wp\/v2\/posts\/24031\/revisions"}],"predecessor-version":[{"id":24033,"href":"https:\/\/www.ifbaiano.edu.br\/unidades\/santaines\/wp-json\/wp\/v2\/posts\/24031\/revisions\/24033"}],"wp:featuredmedia":[{"embeddable":true,"href":"https:\/\/www.ifbaiano.edu.br\/unidades\/santaines\/wp-json\/wp\/v2\/media\/23346"}],"wp:attachment":[{"href":"https:\/\/www.ifbaiano.edu.br\/unidades\/santaines\/wp-json\/wp\/v2\/media?parent=24031"}],"wp:term":[{"taxonomy":"category","embeddable":true,"href":"https:\/\/www.ifbaiano.edu.br\/unidades\/santaines\/wp-json\/wp\/v2\/categories?post=24031"},{"taxonomy":"post_tag","embeddable":true,"href":"https:\/\/www.ifbaiano.edu.br\/unidades\/santaines\/wp-json\/wp\/v2\/tags?post=24031"}],"curies":[{"name":"wp","href":"https:\/\/api.w.org\/{rel}","templated":true}]}}