{"id":2405,"date":"2012-10-16T11:45:50","date_gmt":"2012-10-16T14:45:50","guid":{"rendered":"http:\/\/www.ifbaiano.edu.br\/unidades\/santaines\/?p=2405"},"modified":"2012-10-16T11:46:28","modified_gmt":"2012-10-16T14:46:28","slug":"campus-santa-ines-ganha-novo-curso","status":"publish","type":"post","link":"https:\/\/www.ifbaiano.edu.br\/unidades\/santaines\/campus-santa-ines-ganha-novo-curso\/","title":{"rendered":"Campus Santa In\u00eas ganha novo curso"},"content":{"rendered":"<p>O Campus Santa In\u00eas teve aprovado pelo Conselho Superior de Educa\u00e7\u00e3o do IF Baiano, mais um curso.<\/p>\n<p>O c\u00e2mpus vai passar a oferecer o Curso T\u00e9cnico em Agropecu\u00e1ria na modalidade Proeja, Educa\u00e7\u00e3o de Jovens e Adultos, na Pedagogia de Altern\u00e2ncia. O n\u00famero de processo \u00e9 o 23327.001007\/2011-22. A resolu\u00e7\u00e3o \u00e9 a de n\u00famero 14, de 09 de outubro de 2011 e foi publicado no Di\u00e1rio Oficial da Uni\u00e3o no dia 11 de outubro de 2012.<\/p>\n<p>Ao mesmo tempo o Conselho Superior aprovou a extin\u00e7\u00e3o do curso de Alimentos, na modalidade Proeja, atrav\u00e9s do n\u00famero de processo 23327.000746\/2012-88.<\/p>\n","protected":false},"excerpt":{"rendered":"<p>O Campus Santa In\u00eas teve aprovado pelo Conselho Superior de Educa\u00e7\u00e3o do IF Baiano, mais um curso. O c\u00e2mpus vai passar a oferecer o Curso T\u00e9cnico em Agropecu\u00e1ria na modalidade Proeja, Educa\u00e7\u00e3o de Jovens e Adultos, na Pedagogia de Altern\u00e2ncia. O n\u00famero de processo \u00e9 o 23327.001007\/2011-22. A resolu\u00e7\u00e3o \u00e9 a de n\u00famero 14, de [&hellip;]<\/p>\n","protected":false},"author":26,"featured_media":0,"comment_status":"closed","ping_status":"closed","sticky":false,"template":"","format":"standard","meta":[],"categories":[10],"tags":[],"_links":{"self":[{"href":"https:\/\/www.ifbaiano.edu.br\/unidades\/santaines\/wp-json\/wp\/v2\/posts\/2405"}],"collection":[{"href":"https:\/\/www.ifbaiano.edu.br\/unidades\/santaines\/wp-json\/wp\/v2\/posts"}],"about":[{"href":"https:\/\/www.ifbaiano.edu.br\/unidades\/santaines\/wp-json\/wp\/v2\/types\/post"}],"author":[{"embeddable":true,"href":"https:\/\/www.ifbaiano.edu.br\/unidades\/santaines\/wp-json\/wp\/v2\/users\/26"}],"replies":[{"embeddable":true,"href":"https:\/\/www.ifbaiano.edu.br\/unidades\/santaines\/wp-json\/wp\/v2\/comments?post=2405"}],"version-history":[{"count":3,"href":"https:\/\/www.ifbaiano.edu.br\/unidades\/santaines\/wp-json\/wp\/v2\/posts\/2405\/revisions"}],"predecessor-version":[{"id":2408,"href":"https:\/\/www.ifbaiano.edu.br\/unidades\/santaines\/wp-json\/wp\/v2\/posts\/2405\/revisions\/2408"}],"wp:attachment":[{"href":"https:\/\/www.ifbaiano.edu.br\/unidades\/santaines\/wp-json\/wp\/v2\/media?parent=2405"}],"wp:term":[{"taxonomy":"category","embeddable":true,"href":"https:\/\/www.ifbaiano.edu.br\/unidades\/santaines\/wp-json\/wp\/v2\/categories?post=2405"},{"taxonomy":"post_tag","embeddable":true,"href":"https:\/\/www.ifbaiano.edu.br\/unidades\/santaines\/wp-json\/wp\/v2\/tags?post=2405"}],"curies":[{"name":"wp","href":"https:\/\/api.w.org\/{rel}","templated":true}]}}