{"id":24084,"date":"2025-05-15T14:23:18","date_gmt":"2025-05-15T17:23:18","guid":{"rendered":"https:\/\/www.ifbaiano.edu.br\/unidades\/santaines\/?p=24084"},"modified":"2025-05-15T14:23:19","modified_gmt":"2025-05-15T17:23:19","slug":"paise-2025-if-baiano-santa-ines-convoca-estudantes-para-etapa-de-entrevista-social","status":"publish","type":"post","link":"https:\/\/www.ifbaiano.edu.br\/unidades\/santaines\/paise-2025-if-baiano-santa-ines-convoca-estudantes-para-etapa-de-entrevista-social\/","title":{"rendered":"PAISE 2025: IF Baiano Santa In\u00eas Convoca Estudantes para Etapa de Entrevista Social"},"content":{"rendered":"\n<p>O Instituto Federal Baiano (IF Baiano) &#8211; Campus Santa In\u00eas, atrav\u00e9s da Coordena\u00e7\u00e3o de Assuntos Estudantis (CAE) e da Comiss\u00e3o Local de Assist\u00eancia Estudantil (CLAE), divulgou a <a href=\"https:\/\/concurso.ifbaiano.edu.br\/portal\/paise-santa-ines-marco-2025\/wp-content\/uploads\/sites\/1166\/2025\/05\/LISTA-ATUALIZADA-DE-CONVOCACAO-PARA-A-ENTREVISTA-SOCIAL-CAMPUS-SANTA-INES.pdf\">lista de convoca\u00e7\u00e3o para a Entrevista Social<\/a> do Programa de Assist\u00eancia e Inclus\u00e3o Social do Estudante (PAISE) 2025. A convoca\u00e7\u00e3o \u00e9 referente ao Edital N\u00b0 09, de 18 de mar\u00e7o de 2025.<\/p>\n\n\n\n<p>As entrevistas s\u00e3o destinadas exclusivamente aos estudantes ingressantes na institui\u00e7\u00e3o ou \u00e0queles que est\u00e3o pleiteando os aux\u00edlios do PAISE pela primeira vez. Os candidatos devem comparecer na data, hor\u00e1rio e local agendados, conforme a lista publicada.<\/p>\n\n\n\n<p><strong>Aten\u00e7\u00e3o \u00e0s Regras e Locais de Entrevista<\/strong><\/p>\n\n\n\n<p>O n\u00e3o comparecimento \u00e0 entrevista ou o descumprimento das normas do edital resultar\u00e1 na EXCLUS\u00c3O IMEDIATA do estudante do processo seletivo.<\/p>\n\n\n\n<p>Caso o estudante convocado esteja impossibilitado de comparecer, dever\u00e1 justificar a aus\u00eancia no prazo de 24 horas, antes do hor\u00e1rio da entrevista (hor\u00e1rio da <a href=\"https:\/\/concurso.ifbaiano.edu.br\/portal\/paise-santa-ines-marco-2025\/wp-content\/uploads\/sites\/1166\/2025\/05\/LISTA-ATUALIZADA-DE-CONVOCACAO-PARA-A-ENTREVISTA-SOCIAL-CAMPUS-SANTA-INES.pdf\">lista de convoca\u00e7\u00e3o<\/a>). A justificativa, acompanhada de documenta\u00e7\u00e3o comprobat\u00f3ria (como atestado m\u00e9dico ou declara\u00e7\u00e3o), deve ser enviada para o e-mail:\u00a0<strong><a rel=\"noreferrer noopener\" href=\"https:\/\/www.google.com\/url?sa=E&amp;q=mailto%3Aclae%40si.ifbaiano.edu.br\" target=\"_blank\">clae@si.ifbaiano.edu.br<\/a><\/strong>. A entrevista poder\u00e1 ser remarcada uma \u00fanica vez, a crit\u00e9rio do Servi\u00e7o Social.<\/p>\n\n\n\n<p>Os locais para a realiza\u00e7\u00e3o das entrevistas foram definidos da seguinte forma:<\/p>\n\n\n\n<ul>\n<li>&nbsp;Ser\u00e3o entrevistados na Sala do N\u00facleo de Apoio Pedag\u00f3gico e Psicossocial (NAPSI), localizada no pavilh\u00e3o pedag\u00f3gico, dentro do hor\u00e1rio estabelecido na convoca\u00e7\u00e3o.<\/li>\n\n\n\n<li><strong>Estudantes dos cursos de Licenciatura em Ci\u00eancias Biol\u00f3gicas e Licenciatura em Geografia:<\/strong>&nbsp;As entrevistas ocorrer\u00e3o no Pavilh\u00e3o dos Cursos Superiores, no turno de estudo do(a) estudante, tamb\u00e9m de acordo com o hor\u00e1rio proposto na lista.<\/li>\n<\/ul>\n\n\n\n<p>A comiss\u00e3o refor\u00e7a a import\u00e2ncia de os estudantes verificarem atentamente a <a href=\"https:\/\/concurso.ifbaiano.edu.br\/portal\/paise-santa-ines-marco-2025\/wp-content\/uploads\/sites\/1166\/2025\/05\/LISTA-ATUALIZADA-DE-CONVOCACAO-PARA-A-ENTREVISTA-SOCIAL-CAMPUS-SANTA-INES.pdf\">lista de convoca\u00e7\u00e3o<\/a> com os respectivos hor\u00e1rios.<\/p>\n\n\n\n<p>Para esclarecimento de d\u00favidas sobre a lista ou o processo, os interessados devem entrar em contato com a CLAE pelo e-mail:\u00a0<strong><a rel=\"noreferrer noopener\" href=\"https:\/\/www.google.com\/url?sa=E&amp;q=mailto%3Aclae%40si.ifbaiano.edu.br\" target=\"_blank\">clae@si.ifbaiano.edu.br<\/a><\/strong>.<\/p>\n\n\n\n<hr class=\"wp-block-separator has-alpha-channel-opacity\" \/>\n","protected":false},"excerpt":{"rendered":"<p>O Instituto Federal Baiano (IF Baiano) &#8211; Campus Santa In\u00eas, atrav\u00e9s da Coordena\u00e7\u00e3o de Assuntos Estudantis (CAE) e da Comiss\u00e3o Local de Assist\u00eancia Estudantil (CLAE), divulgou a lista de convoca\u00e7\u00e3o para a Entrevista Social do Programa de Assist\u00eancia e Inclus\u00e3o Social do Estudante (PAISE) 2025. A convoca\u00e7\u00e3o \u00e9 referente ao Edital N\u00b0 09, de 18 [&hellip;]<\/p>\n","protected":false},"author":86,"featured_media":23346,"comment_status":"closed","ping_status":"closed","sticky":false,"template":"","format":"standard","meta":[],"categories":[4,5,8,57],"tags":[],"_links":{"self":[{"href":"https:\/\/www.ifbaiano.edu.br\/unidades\/santaines\/wp-json\/wp\/v2\/posts\/24084"}],"collection":[{"href":"https:\/\/www.ifbaiano.edu.br\/unidades\/santaines\/wp-json\/wp\/v2\/posts"}],"about":[{"href":"https:\/\/www.ifbaiano.edu.br\/unidades\/santaines\/wp-json\/wp\/v2\/types\/post"}],"author":[{"embeddable":true,"href":"https:\/\/www.ifbaiano.edu.br\/unidades\/santaines\/wp-json\/wp\/v2\/users\/86"}],"replies":[{"embeddable":true,"href":"https:\/\/www.ifbaiano.edu.br\/unidades\/santaines\/wp-json\/wp\/v2\/comments?post=24084"}],"version-history":[{"count":1,"href":"https:\/\/www.ifbaiano.edu.br\/unidades\/santaines\/wp-json\/wp\/v2\/posts\/24084\/revisions"}],"predecessor-version":[{"id":24085,"href":"https:\/\/www.ifbaiano.edu.br\/unidades\/santaines\/wp-json\/wp\/v2\/posts\/24084\/revisions\/24085"}],"wp:featuredmedia":[{"embeddable":true,"href":"https:\/\/www.ifbaiano.edu.br\/unidades\/santaines\/wp-json\/wp\/v2\/media\/23346"}],"wp:attachment":[{"href":"https:\/\/www.ifbaiano.edu.br\/unidades\/santaines\/wp-json\/wp\/v2\/media?parent=24084"}],"wp:term":[{"taxonomy":"category","embeddable":true,"href":"https:\/\/www.ifbaiano.edu.br\/unidades\/santaines\/wp-json\/wp\/v2\/categories?post=24084"},{"taxonomy":"post_tag","embeddable":true,"href":"https:\/\/www.ifbaiano.edu.br\/unidades\/santaines\/wp-json\/wp\/v2\/tags?post=24084"}],"curies":[{"name":"wp","href":"https:\/\/api.w.org\/{rel}","templated":true}]}}