{"id":24095,"date":"2025-05-20T13:34:17","date_gmt":"2025-05-20T16:34:17","guid":{"rendered":"https:\/\/www.ifbaiano.edu.br\/unidades\/santaines\/?p=24095"},"modified":"2025-05-20T13:34:17","modified_gmt":"2025-05-20T16:34:17","slug":"acontece-no-campus-santa-ines-iii-semana-de-combate-a-violencia-contra-mulher","status":"publish","type":"post","link":"https:\/\/www.ifbaiano.edu.br\/unidades\/santaines\/acontece-no-campus-santa-ines-iii-semana-de-combate-a-violencia-contra-mulher\/","title":{"rendered":"Acontece no Campus Santa In\u00eas III Semana de Combate \u00e0 Viol\u00eancia Contra Mulher"},"content":{"rendered":"\n<p>O Instituto Federal Baiano \u2013 Campus Santa In\u00eas, em uma importante parceria com o N\u00facleo de Estudos de G\u00eanero e Sexualidade (GENI), realiza, entre os dias&nbsp;<strong>19 e 21 de maio de 2025<\/strong>, a&nbsp;<strong>III Semana de Combate \u00e0 Viol\u00eancia Contra Mulher<\/strong>. Com o tema central&nbsp;<strong>&#8220;Quebrando o Sil\u00eancio&#8221;<\/strong>, o evento tem como objetivo principal fomentar o debate, a conscientiza\u00e7\u00e3o e o fortalecimento das estrat\u00e9gias de enfrentamento \u00e0 viol\u00eancia de g\u00eanero, convidando toda a comunidade acad\u00eamica e o p\u00fablico externo a participar ativamente das discuss\u00f5es.<\/p>\n\n\n\n<p>A programa\u00e7\u00e3o foi cuidadosamente elaborada para proporcionar momentos de reflex\u00e3o, aprendizado e troca de experi\u00eancias. A abertura aconteceu ontem,&nbsp;<strong>19 de maio (segunda-feira), \u00e0s 19h30, no audit\u00f3rio do Campus<\/strong> e contou com a&nbsp;<strong>Roda de Conversa &#8220;Quebrando o Sil\u00eancio: Vozes de estudantes&#8221;<\/strong>. Um espa\u00e7o dedicado a ouvir e dar protagonismo \u00e0s viv\u00eancias e perspectivas dos discentes, promovendo um di\u00e1logo franco e construtivo sobre a tem\u00e1tica.<\/p>\n\n\n\n<p>Nos dias seguintes, a programa\u00e7\u00e3o se aprofunda com a palestra magna&nbsp;<strong>&#8220;Quebrando o Sil\u00eancio: Entendendo a Viol\u00eancia Psicol\u00f3gica contra a Mulher e a Prote\u00e7\u00e3o da Lei Maria da Penha&#8221;<\/strong>. A convidada para conduzir este importante debate \u00e9 a&nbsp;<strong>Dra. S\u00e2mela Vit\u00f3ria Andrade Oliveira<\/strong>, Advogada Criminalista, P\u00f3s-Graduada em Direito Penal e Processual Penal, P\u00f3s-Graduada em Direito Municipal, Membro da Comiss\u00e3o de Direito Criminal da OAB\/SAJ e Membro da ANACRIM. Sua expertise trar\u00e1 luz a aspectos cruciais da viol\u00eancia psicol\u00f3gica, muitas vezes sutil e de dif\u00edcil identifica\u00e7\u00e3o, al\u00e9m de detalhar os mecanismos de prote\u00e7\u00e3o oferecidos pela Lei Maria da Penha.<\/p>\n\n\n\n<p>A palestra da Dra. S\u00e2mela Oliveira acontecer\u00e1 em dois momentos, para alcan\u00e7ar um p\u00fablico mais amplo:<\/p>\n\n\n\n<ul>\n<li><strong>Ter\u00e7a-feira, 20 de maio, \u00e0s 19h30, no audit\u00f3rio do Campus Santa In\u00eas.<\/strong><\/li>\n\n\n\n<li><strong>Quarta-feira, 21 de maio, \u00e0s 9h30, na quadra esportiva do Campus Santa In\u00eas.<\/strong><\/li>\n<\/ul>\n\n\n\n<p>Toda a comunidade est\u00e1 convidada a participar.<\/p>\n\n\n\n<hr class=\"wp-block-separator has-alpha-channel-opacity\" \/>\n","protected":false},"excerpt":{"rendered":"<p>O Instituto Federal Baiano \u2013 Campus Santa In\u00eas, em uma importante parceria com o N\u00facleo de Estudos de G\u00eanero e Sexualidade (GENI), realiza, entre os dias&nbsp;19 e 21 de maio de 2025, a&nbsp;III Semana de Combate \u00e0 Viol\u00eancia Contra Mulher. Com o tema central&nbsp;&#8220;Quebrando o Sil\u00eancio&#8221;, o evento tem como objetivo principal fomentar o debate, [&hellip;]<\/p>\n","protected":false},"author":86,"featured_media":24138,"comment_status":"closed","ping_status":"closed","sticky":false,"template":"","format":"standard","meta":[],"categories":[4,5,37],"tags":[],"_links":{"self":[{"href":"https:\/\/www.ifbaiano.edu.br\/unidades\/santaines\/wp-json\/wp\/v2\/posts\/24095"}],"collection":[{"href":"https:\/\/www.ifbaiano.edu.br\/unidades\/santaines\/wp-json\/wp\/v2\/posts"}],"about":[{"href":"https:\/\/www.ifbaiano.edu.br\/unidades\/santaines\/wp-json\/wp\/v2\/types\/post"}],"author":[{"embeddable":true,"href":"https:\/\/www.ifbaiano.edu.br\/unidades\/santaines\/wp-json\/wp\/v2\/users\/86"}],"replies":[{"embeddable":true,"href":"https:\/\/www.ifbaiano.edu.br\/unidades\/santaines\/wp-json\/wp\/v2\/comments?post=24095"}],"version-history":[{"count":2,"href":"https:\/\/www.ifbaiano.edu.br\/unidades\/santaines\/wp-json\/wp\/v2\/posts\/24095\/revisions"}],"predecessor-version":[{"id":24139,"href":"https:\/\/www.ifbaiano.edu.br\/unidades\/santaines\/wp-json\/wp\/v2\/posts\/24095\/revisions\/24139"}],"wp:featuredmedia":[{"embeddable":true,"href":"https:\/\/www.ifbaiano.edu.br\/unidades\/santaines\/wp-json\/wp\/v2\/media\/24138"}],"wp:attachment":[{"href":"https:\/\/www.ifbaiano.edu.br\/unidades\/santaines\/wp-json\/wp\/v2\/media?parent=24095"}],"wp:term":[{"taxonomy":"category","embeddable":true,"href":"https:\/\/www.ifbaiano.edu.br\/unidades\/santaines\/wp-json\/wp\/v2\/categories?post=24095"},{"taxonomy":"post_tag","embeddable":true,"href":"https:\/\/www.ifbaiano.edu.br\/unidades\/santaines\/wp-json\/wp\/v2\/tags?post=24095"}],"curies":[{"name":"wp","href":"https:\/\/api.w.org\/{rel}","templated":true}]}}