{"id":2412,"date":"2012-10-18T11:02:17","date_gmt":"2012-10-18T14:02:17","guid":{"rendered":"http:\/\/www.ifbaiano.edu.br\/unidades\/santaines\/?p=2412"},"modified":"2012-10-18T11:02:47","modified_gmt":"2012-10-18T14:02:47","slug":"divulgada-lista-de-alunos-contemplados-na-politica-de-assistencia-estudantil","status":"publish","type":"post","link":"https:\/\/www.ifbaiano.edu.br\/unidades\/santaines\/divulgada-lista-de-alunos-contemplados-na-politica-de-assistencia-estudantil\/","title":{"rendered":"Divulgada Lista de Alunos contemplados na Pol\u00edtica de Assist\u00eancia Estudantil"},"content":{"rendered":"<p>Lista de Alunos contemplados na Pol\u00edtica de Assist\u00eancia Estudantil<\/p>\n<p>que n\u00e3o apresentaram Conta Banc\u00e1ria at\u00e9 o dia 16\/10\/12<\/p>\n<p>&nbsp;<\/p>\n<p>LAIANE BARBOSA DE OLIVEIRA<\/p>\n<p>ANDREZA CALDEIRA BARBOSA<\/p>\n<p>VALTER DOS SANTOS COSTA<\/p>\n<p>JO\u00c3O GABRIEL SILVA GOMES<\/p>\n<p>MARISA CELEMENTINO SANTIAGO<\/p>\n<p>HIGOR SANTOS DE JESUS<\/p>\n<p>ANDERSON ROSA DOS SANTOS<\/p>\n<p>GEISA DOS SANTOS CRUZ<\/p>\n<p>ROSANY SANTOS DA PURIFICA\u00c7\u00c3O<\/p>\n<p>PAULO C\u00c9SAR DA SILVA SANTOS J\u00daNIOR-<\/p>\n<p>LAIS DE JESUS SANTOS<\/p>\n<p>LARISSA GRASIELE NORONHA OLIVEIRA<\/p>\n<p>GILVANDO CONCEI\u00c7\u00c3O DA SILVA<\/p>\n<p>AMANDA GABRIELLY SANTANA SILVA<\/p>\n<p>MERIELLE DOS SANTOS S\u00c1TIRO<\/p>\n<p>JAMILE DE JESUS SOUZA<\/p>\n<p>CAROLINE LAGO BRAND\u00c3O<\/p>\n<p>DEILMA OLIVEIRA BARBOSA<\/p>\n<p>JOANISON VICENTE DOS SANTOS TEIXEIRA<\/p>\n<p>MARIA TAIN\u00c1 SILVA DE SOUZA<\/p>\n<p>ADRIENE SANTOS TEIXEIRA<\/p>\n<p>&nbsp;<\/p>\n<p><strong>Os alunos acima citados ter\u00e3o prazo at\u00e9 dia 29\/10\/12 para apresentarem a conta banc\u00e1ria. Se at\u00e9 o prazo isso n\u00e3o ocorrer, estes alunos ser\u00e3o substitu\u00eddos de acordo com a ordem de classifica\u00e7\u00e3o.<\/strong><\/p>\n","protected":false},"excerpt":{"rendered":"<p>Lista de Alunos contemplados na Pol\u00edtica de Assist\u00eancia Estudantil que n\u00e3o apresentaram Conta Banc\u00e1ria at\u00e9 o dia 16\/10\/12 &nbsp; LAIANE BARBOSA DE OLIVEIRA ANDREZA CALDEIRA BARBOSA VALTER DOS SANTOS COSTA JO\u00c3O GABRIEL SILVA GOMES MARISA CELEMENTINO SANTIAGO HIGOR SANTOS DE JESUS ANDERSON ROSA DOS SANTOS GEISA DOS SANTOS CRUZ ROSANY SANTOS DA PURIFICA\u00c7\u00c3O PAULO C\u00c9SAR [&hellip;]<\/p>\n","protected":false},"author":29,"featured_media":0,"comment_status":"closed","ping_status":"closed","sticky":false,"template":"","format":"standard","meta":[],"categories":[10],"tags":[],"_links":{"self":[{"href":"https:\/\/www.ifbaiano.edu.br\/unidades\/santaines\/wp-json\/wp\/v2\/posts\/2412"}],"collection":[{"href":"https:\/\/www.ifbaiano.edu.br\/unidades\/santaines\/wp-json\/wp\/v2\/posts"}],"about":[{"href":"https:\/\/www.ifbaiano.edu.br\/unidades\/santaines\/wp-json\/wp\/v2\/types\/post"}],"author":[{"embeddable":true,"href":"https:\/\/www.ifbaiano.edu.br\/unidades\/santaines\/wp-json\/wp\/v2\/users\/29"}],"replies":[{"embeddable":true,"href":"https:\/\/www.ifbaiano.edu.br\/unidades\/santaines\/wp-json\/wp\/v2\/comments?post=2412"}],"version-history":[{"count":3,"href":"https:\/\/www.ifbaiano.edu.br\/unidades\/santaines\/wp-json\/wp\/v2\/posts\/2412\/revisions"}],"predecessor-version":[{"id":2415,"href":"https:\/\/www.ifbaiano.edu.br\/unidades\/santaines\/wp-json\/wp\/v2\/posts\/2412\/revisions\/2415"}],"wp:attachment":[{"href":"https:\/\/www.ifbaiano.edu.br\/unidades\/santaines\/wp-json\/wp\/v2\/media?parent=2412"}],"wp:term":[{"taxonomy":"category","embeddable":true,"href":"https:\/\/www.ifbaiano.edu.br\/unidades\/santaines\/wp-json\/wp\/v2\/categories?post=2412"},{"taxonomy":"post_tag","embeddable":true,"href":"https:\/\/www.ifbaiano.edu.br\/unidades\/santaines\/wp-json\/wp\/v2\/tags?post=2412"}],"curies":[{"name":"wp","href":"https:\/\/api.w.org\/{rel}","templated":true}]}}