{"id":24140,"date":"2025-05-20T13:58:08","date_gmt":"2025-05-20T16:58:08","guid":{"rendered":"https:\/\/www.ifbaiano.edu.br\/unidades\/santaines\/?p=24140"},"modified":"2025-05-20T13:58:09","modified_gmt":"2025-05-20T16:58:09","slug":"if-baiano-abre-inscricoes-para-concurso-de-redacao-com-o-tema-direitos-humanos-e-enfrentamento-ao-racismo","status":"publish","type":"post","link":"https:\/\/www.ifbaiano.edu.br\/unidades\/santaines\/if-baiano-abre-inscricoes-para-concurso-de-redacao-com-o-tema-direitos-humanos-e-enfrentamento-ao-racismo\/","title":{"rendered":"IF Baiano abre inscri\u00e7\u00f5es para concurso de reda\u00e7\u00e3o com o tema \u201cDireitos humanos e enfrentamento ao racismo\u201d"},"content":{"rendered":"\n<p>O Instituto Federal Baiano (IF Baiano) publicou o&nbsp;<a href=\"https:\/\/concurso.ifbaiano.edu.br\/portal\/concurso-de-redacao-projeto-direito-mais-vida-maio-2025\/wp-content\/uploads\/sites\/1197\/2025\/05\/Edital_1222025.pdf\" target=\"_blank\" rel=\"noreferrer noopener\">edital<\/a>&nbsp;do Concurso de Reda\u00e7\u00e3o 2025. A iniciativa \u00e9 vinculada ao projeto institucional \u201cDireito + Vida\u201d, e traz nesta edi\u00e7\u00e3o o tema&nbsp;<strong>\u201cDireitos humanos e o enfrentamento ao racismo\u201d<\/strong>. O concurso tem como objetivo estimular a reflex\u00e3o cr\u00edtica e a pr\u00e1tica da cidadania entre os(as) estudantes do Ensino T\u00e9cnico Integrado ao M\u00e9dio da institui\u00e7\u00e3o.<\/p>\n\n\n\n<p>Podem participar do concurso alunos(as) regularmente matriculados(as) no 3\u00ba ano dos cursos t\u00e9cnicos integrados de todos os 14&nbsp;<em>campi&nbsp;<\/em>do IF Baiano. Nas unidades onde n\u00e3o h\u00e1 turmas de 3\u00ba ano em fun\u00e7\u00e3o do calend\u00e1rio acad\u00eamico, poder\u00e3o participar estudantes do 2\u00ba ano.<\/p>\n\n\n\n<p>As inscri\u00e7\u00f5es devem ser feitas presencialmente na Dire\u00e7\u00e3o Acad\u00eamica de cada&nbsp;<em>campus<\/em>, entre os dias&nbsp;<strong>26 de maio e 12 de junho de 2025<\/strong>.<\/p>\n\n\n\n<p>A aplica\u00e7\u00e3o da reda\u00e7\u00e3o ser\u00e1 presencial, no pr\u00f3prio campus do(a) estudante, em local e data definidos pela Dire\u00e7\u00e3o Acad\u00eamica. A reda\u00e7\u00e3o dever\u00e1 ser manuscrita, em L\u00edngua Portuguesa, com letra leg\u00edvel e conter entre 20 e 30 linhas, respeitando a proposta dissertativa e o tema. A atividade contar\u00e1 com acompanhamento de professores, t\u00e9cnicos ou fiscais, seguindo condi\u00e7\u00f5es semelhantes \u00e0s da reda\u00e7\u00e3o do Enem.<\/p>\n\n\n\n<p>Cada campus poder\u00e1 classificar at\u00e9 tr\u00eas reda\u00e7\u00f5es, a depender do n\u00famero de inscritos. Os textos selecionados ser\u00e3o encaminhados \u00e0 Comiss\u00e3o Organizadora Central, que escolher\u00e1 as tr\u00eas melhores reda\u00e7\u00f5es do IF Baiano. Os(as) autores(as) dessas reda\u00e7\u00f5es ser\u00e3o premiados(as) durante a Mostra Cient\u00edfica do IF Baiano com os seguintes pr\u00eamios:<\/p>\n\n\n\n<ul>\n<li><strong>1\u00ba lugar<\/strong>: um notebook<\/li>\n\n\n\n<li><strong>2\u00ba e 3\u00ba lugares<\/strong>: um smartphone cada<\/li>\n<\/ul>\n\n\n\n<p>Al\u00e9m dos pr\u00eamios principais, todos os estudantes classificados na etapa local receber\u00e3o certificado de m\u00e9rito acad\u00eamico e brindes institucionais. Tamb\u00e9m est\u00e1 prevista a publica\u00e7\u00e3o de um e-book com os textos selecionados.<\/p>\n\n\n\n<h3 class=\"wp-block-heading\">Sobre o projeto \u201cDireito + Vida!\u201d<\/h3>\n\n\n\n<p>O&nbsp;<a href=\"https:\/\/ifbaiano.edu.br\/portal\/ensino\/if-baiano-direito-vida\/#:~:text=O%20projeto%20%E2%80%9CIF%20Baiano%20Direito,ensino%20m%C3%A9dio%20integrado%20ao%20t%C3%A9cnico.&amp;text=%C3%89%20preciso%20conhecer%20os%20direitos,os%20deveres%2C%20para%20sua%20observ%C3%A2ncia.\">projeto \u201cDireito + Vida!<\/a>\u201d tem por objetivo ministrar no\u00e7\u00f5es de conte\u00fados jur\u00eddicos relacionados a componentes curriculares dos cursos t\u00e9cnicos integrados ao Ensino M\u00e9dio, voltadas aos(\u00e0s) estudantes do terceiro ano do IF Baiano. A iniciativa busca contribuir para a forma\u00e7\u00e3o cidad\u00e3, partindo da premissa de que \u00e9 preciso conhecer os direitos, para seu exerc\u00edcio, e os deveres, para sua observ\u00e2ncia.<\/p>\n\n\n\n<p>A divulga\u00e7\u00e3o dos resultados acontecer\u00e1 no site oficial do IF Baiano, nas redes sociais e via e-mail. Acesse a\u00a0<a rel=\"noreferrer noopener\" href=\"https:\/\/concurso.ifbaiano.edu.br\/portal\/concurso-de-redacao-projeto-direito-mais-vida-maio-2025\/\" target=\"_blank\">p\u00e1gina da sele\u00e7\u00e3o<\/a>\u00a0para acompanhar as atualiza\u00e7\u00f5es e o\u00a0<strong><a href=\"https:\/\/concurso.ifbaiano.edu.br\/portal\/concurso-de-redacao-projeto-direito-mais-vida-maio-2025\/wp-content\/uploads\/sites\/1197\/2025\/05\/Edital_1222025.pdf\">edital<\/a>\u00a0<\/strong>do concurso.<\/p>\n\n\n\n<hr class=\"wp-block-separator has-alpha-channel-opacity\" \/>\n","protected":false},"excerpt":{"rendered":"<p>Estudantes do 3\u00ba ano dos cursos t\u00e9cnicos integrados poder\u00e3o se inscrever entre 26 de maio e 12 de junho<\/p>\n","protected":false},"author":86,"featured_media":24141,"comment_status":"closed","ping_status":"closed","sticky":false,"template":"","format":"standard","meta":[],"categories":[4,38,5,8,57],"tags":[],"_links":{"self":[{"href":"https:\/\/www.ifbaiano.edu.br\/unidades\/santaines\/wp-json\/wp\/v2\/posts\/24140"}],"collection":[{"href":"https:\/\/www.ifbaiano.edu.br\/unidades\/santaines\/wp-json\/wp\/v2\/posts"}],"about":[{"href":"https:\/\/www.ifbaiano.edu.br\/unidades\/santaines\/wp-json\/wp\/v2\/types\/post"}],"author":[{"embeddable":true,"href":"https:\/\/www.ifbaiano.edu.br\/unidades\/santaines\/wp-json\/wp\/v2\/users\/86"}],"replies":[{"embeddable":true,"href":"https:\/\/www.ifbaiano.edu.br\/unidades\/santaines\/wp-json\/wp\/v2\/comments?post=24140"}],"version-history":[{"count":1,"href":"https:\/\/www.ifbaiano.edu.br\/unidades\/santaines\/wp-json\/wp\/v2\/posts\/24140\/revisions"}],"predecessor-version":[{"id":24142,"href":"https:\/\/www.ifbaiano.edu.br\/unidades\/santaines\/wp-json\/wp\/v2\/posts\/24140\/revisions\/24142"}],"wp:featuredmedia":[{"embeddable":true,"href":"https:\/\/www.ifbaiano.edu.br\/unidades\/santaines\/wp-json\/wp\/v2\/media\/24141"}],"wp:attachment":[{"href":"https:\/\/www.ifbaiano.edu.br\/unidades\/santaines\/wp-json\/wp\/v2\/media?parent=24140"}],"wp:term":[{"taxonomy":"category","embeddable":true,"href":"https:\/\/www.ifbaiano.edu.br\/unidades\/santaines\/wp-json\/wp\/v2\/categories?post=24140"},{"taxonomy":"post_tag","embeddable":true,"href":"https:\/\/www.ifbaiano.edu.br\/unidades\/santaines\/wp-json\/wp\/v2\/tags?post=24140"}],"curies":[{"name":"wp","href":"https:\/\/api.w.org\/{rel}","templated":true}]}}