{"id":24152,"date":"2025-05-22T07:50:18","date_gmt":"2025-05-22T10:50:18","guid":{"rendered":"https:\/\/www.ifbaiano.edu.br\/unidades\/santaines\/?p=24152"},"modified":"2025-05-22T10:21:06","modified_gmt":"2025-05-22T13:21:06","slug":"if-baiano-campus-santa-ines-abre-inscricoes-para-monitores-da-feira-de-saude","status":"publish","type":"post","link":"https:\/\/www.ifbaiano.edu.br\/unidades\/santaines\/if-baiano-campus-santa-ines-abre-inscricoes-para-monitores-da-feira-de-saude\/","title":{"rendered":"IF Baiano &#8211; Campus Santa In\u00eas abre inscri\u00e7\u00f5es para Monitores da Feira de Sa\u00fade"},"content":{"rendered":"\n<p>O Instituto Federal Baiano (IF Baiano) Campus Santa In\u00eas est\u00e1 com inscri\u00e7\u00f5es abertas para estudantes que desejam atuar como monitores na sua pr\u00f3xima Feira de Sa\u00fade. O evento, um importante marco para a comunidade acad\u00eamica e local, est\u00e1 programado para acontecer no dia&nbsp;<strong>04 de junho de 2025<\/strong>, das 7h30 \u00e0s 17h30, nas depend\u00eancias do campus.<\/p>\n\n\n\n<p>Os monitores selecionados ter\u00e3o um papel fundamental no sucesso da feira. Suas atribui\u00e7\u00f5es incluir\u00e3o colaborar ativamente com a organiza\u00e7\u00e3o geral do evento, prestar apoio log\u00edstico e operacional durante as diversas atividades programadas, orientar o p\u00fablico participante e contribuir para o bom andamento de todas as a\u00e7\u00f5es. Esta \u00e9 uma excelente oportunidade para os estudantes vivenciarem a din\u00e2mica de um evento de grande porte, desenvolverem habilidades de comunica\u00e7\u00e3o, lideran\u00e7a e trabalho em equipe.<\/p>\n\n\n\n<p>Como reconhecimento pelo engajamento e pela dedica\u00e7\u00e3o, todos os monitores que cumprirem suas responsabilidades receber\u00e3o um&nbsp;<strong>certificado de monitoria<\/strong>, um documento que valoriza a experi\u00eancia adquirida e enriquece o curr\u00edculo acad\u00eamico.<\/p>\n\n\n\n<p><strong>Inscri\u00e7\u00f5es e Perfil Desejado<\/strong><\/p>\n\n\n\n<p>Estudantes de todos os cursos do IF Baiano &#8211; Campus Santa In\u00eas podem se inscrever. As inscri\u00e7\u00f5es para os interessados em participar como monitores ser\u00e3o realizadas em um \u00fanico dia:\u00a0<strong>23 de maio (sexta-feira)<\/strong>. Os estudantes devem se dirigir \u00e0\u00a0<strong>sala de Psicologia<\/strong>\u00a0do campus para efetuar sua inscri\u00e7\u00e3o. O <a href=\"https:\/\/www.ifbaiano.edu.br\/unidades\/santaines\/files\/2025\/05\/Formulario-de-Inscricao-monitoria.pdf\">formul\u00e1rio de inscri\u00e7\u00e3o<\/a> tamb\u00e9m estar\u00e1 dispon\u00edvel para retirada e preenchimento na\u00a0<strong>Coordena\u00e7\u00e3o de Assuntos Estudantis (CAE)<\/strong>.<\/p>\n\n\n\n<p>A comiss\u00e3o organizadora da Feira de Sa\u00fade busca candidatos com o seguinte perfil:<\/p>\n\n\n\n<ul>\n<li>Responsabilidade e pontualidade;<\/li>\n\n\n\n<li>Boa comunica\u00e7\u00e3o e cordialidade no atendimento ao p\u00fablico;<\/li>\n\n\n\n<li>Proatividade e disposi\u00e7\u00e3o para colaborar com a equipe organizadora;<\/li>\n\n\n\n<li>Interesse por temas relacionados \u00e0 sa\u00fade e bem-estar;<\/li>\n\n\n\n<li>Facilidade para trabalhar em equipe;<\/li>\n\n\n\n<li>Organiza\u00e7\u00e3o e aten\u00e7\u00e3o aos detalhes;<\/li>\n\n\n\n<li>Comprometimento com as atividades propostas;<\/li>\n\n\n\n<li>Disponibilidade para participar de uma reuni\u00e3o pr\u00e9via ao evento, para alinhamento e instru\u00e7\u00f5es.<\/li>\n<\/ul>\n\n\n\n<p>Interessados devem comparecer ao local indicado na data estipulada (23) para garantir a inscri\u00e7\u00e3o e contribuir para este importante evento.<\/p>\n\n\n\n<hr class=\"wp-block-separator has-alpha-channel-opacity\" \/>\n","protected":false},"excerpt":{"rendered":"<p>Estudantes interessados em colaborar com a organiza\u00e7\u00e3o do evento, que ocorre em junho, podem se inscrever no dia 23 de maio; participa\u00e7\u00e3o garante certificado.<\/p>\n","protected":false},"author":86,"featured_media":10841,"comment_status":"closed","ping_status":"closed","sticky":false,"template":"","format":"standard","meta":[],"categories":[4,38,5,57],"tags":[],"_links":{"self":[{"href":"https:\/\/www.ifbaiano.edu.br\/unidades\/santaines\/wp-json\/wp\/v2\/posts\/24152"}],"collection":[{"href":"https:\/\/www.ifbaiano.edu.br\/unidades\/santaines\/wp-json\/wp\/v2\/posts"}],"about":[{"href":"https:\/\/www.ifbaiano.edu.br\/unidades\/santaines\/wp-json\/wp\/v2\/types\/post"}],"author":[{"embeddable":true,"href":"https:\/\/www.ifbaiano.edu.br\/unidades\/santaines\/wp-json\/wp\/v2\/users\/86"}],"replies":[{"embeddable":true,"href":"https:\/\/www.ifbaiano.edu.br\/unidades\/santaines\/wp-json\/wp\/v2\/comments?post=24152"}],"version-history":[{"count":3,"href":"https:\/\/www.ifbaiano.edu.br\/unidades\/santaines\/wp-json\/wp\/v2\/posts\/24152\/revisions"}],"predecessor-version":[{"id":24190,"href":"https:\/\/www.ifbaiano.edu.br\/unidades\/santaines\/wp-json\/wp\/v2\/posts\/24152\/revisions\/24190"}],"wp:featuredmedia":[{"embeddable":true,"href":"https:\/\/www.ifbaiano.edu.br\/unidades\/santaines\/wp-json\/wp\/v2\/media\/10841"}],"wp:attachment":[{"href":"https:\/\/www.ifbaiano.edu.br\/unidades\/santaines\/wp-json\/wp\/v2\/media?parent=24152"}],"wp:term":[{"taxonomy":"category","embeddable":true,"href":"https:\/\/www.ifbaiano.edu.br\/unidades\/santaines\/wp-json\/wp\/v2\/categories?post=24152"},{"taxonomy":"post_tag","embeddable":true,"href":"https:\/\/www.ifbaiano.edu.br\/unidades\/santaines\/wp-json\/wp\/v2\/tags?post=24152"}],"curies":[{"name":"wp","href":"https:\/\/api.w.org\/{rel}","templated":true}]}}